{"id":33907,"date":"2011-04-14T14:47:23","date_gmt":"2011-04-14T12:47:23","guid":{"rendered":"http:\/\/kulturbloggen.com\/?p=33907"},"modified":"2011-04-14T14:47:23","modified_gmt":"2011-04-14T12:47:23","slug":"eu-domstolens-generaladvokat-menar-att-filtering-och-blockering-av-internet-strider-mot-ratt-till-privat-kommunikation","status":"publish","type":"post","link":"https:\/\/kulturbloggen.com\/?p=33907","title":{"rendered":"EU-Domstolens Generaladvokat menar att filtering och blockering av Internet strider mot r\u00e4tt till privat kommunikation"},"content":{"rendered":"<p><a href=\"http:\/\/kulturbloggen.com\/wp-content\/uploads\/2011\/01\/internet.jpg\"><img loading=\"lazy\" decoding=\"async\" src=\"http:\/\/kulturbloggen.com\/wp-content\/uploads\/2011\/01\/internet-300x300.jpg\" alt=\"\" title=\"internet\" width=\"300\" height=\"300\" class=\"aligncenter size-medium wp-image-29322\" \/><\/a><\/p>\n<p>Att massor av de \u00f6vervakningslagar som kommit till fr\u00e4mst f\u00f6r att jaga fildelare strider mot r\u00e4tten till integritet och privat kommunikation, \u00e4r v\u00e4l n\u00e5got som alla som f\u00f6rst\u00e5r vikten av integritet inser. Nu har EU-Domstolens Generaladvokat satt ner f\u00f6tterna i ett belgiskt fildelarm\u00e5l och g\u00e5r p\u00e5 samma linje som alla som v\u00e4rnar om ett samh\u00e4lle fritt fr\u00e5n Storebrors \u00f6vervakning:<\/p>\n<blockquote><p>Filtrering och blockering av internet, i syfte att hindra fildelning, \u00e4r en inskr\u00e4nkning i r\u00e4tten till privat kommunikation och ett hot mot integriteten. D\u00e4rmed strider s\u00e5dant mot EU-stadgan om de grundl\u00e4ggande m\u00e4nskliga r\u00e4ttigheterna. Filtrering och blockering \u00e4r \u00e4ven en inskr\u00e4nkning i informationsfriheten.<\/p><\/blockquote>\n<p><a href=\"http:\/\/henrikalexandersson.blogspot.com\/2011\/04\/eu-domstolen-kan-stoppa-filtrering-och.html\">K\u00e4lla HAK som skriver:<\/a><\/p>\n<p><em>Om jag f\u00f6rst\u00e5r r\u00e4tt s\u00e5 s\u00e4ger Generaladvokaten att blockering och filtrering bara f\u00e5r f\u00f6rekomma om det helt klart finns en nationell lag som \u00e4r uttrycklig, klar, precis och f\u00f6ruts\u00e4gbar &#8211; om att s\u00e5 skall ske. (\u00c4ven d\u00e5 strider detta i princip mot EU-stadgan (chartan) om de m\u00e4nskliga r\u00e4ttigheterna, men kan \u00e4nd\u00e5 f\u00e5 f\u00f6rekomma om det sker p\u00e5 en nationell laglig grund av tillr\u00e4ckligt god kvalitet.) <\/em><\/p>\n<p>L\u00e4s \u00e4ven andra bloggares \u00e5sikter om <a href=\"http:\/\/bloggar.se\/om\/EU-domstolen\" rel=\"tag\">EU-domstolen<\/a>, <a href=\"http:\/\/bloggar.se\/om\/%F6vervakning\" rel=\"tag\">\u00f6vervakning<\/a>, <a href=\"http:\/\/bloggar.se\/om\/fildelning\" rel=\"tag\">fildelning<\/a>, <a href=\"http:\/\/bloggar.se\/om\/blockering\" rel=\"tag\">blockering<\/a>, <a href=\"http:\/\/bloggar.se\/om\/filtrering\" rel=\"tag\">filtrering<\/a><\/p>\n","protected":false},"excerpt":{"rendered":"<p>Att massor av de \u00f6vervakningslagar som kommit till fr\u00e4mst f\u00f6r att jaga fildelare strider mot r\u00e4tten till integritet och privat kommunikation, \u00e4r v\u00e4l n\u00e5got som alla som f\u00f6rst\u00e5r vikten av integritet inser. Nu har EU-Domstolens Generaladvokat satt ner f\u00f6tterna i ett belgiskt fildelarm\u00e5l och g\u00e5r p\u00e5 samma linje som alla som v\u00e4rnar om ett samh\u00e4lle [&hellip;]<\/p>\n","protected":false},"author":13,"featured_media":0,"comment_status":"open","ping_status":"open","sticky":false,"template":"","format":"standard","meta":{"_genesis_hide_title":false,"_genesis_hide_breadcrumbs":false,"_genesis_hide_singular_image":false,"_genesis_hide_footer_widgets":false,"_genesis_custom_body_class":"","_genesis_custom_post_class":"","_genesis_layout":"","footnotes":""},"categories":[62],"tags":[711,1582,1708,1748,6550],"class_list":{"0":"post-33907","1":"post","2":"type-post","3":"status-publish","4":"format-standard","6":"category-medie-och-kulturpolitik","7":"tag-blockering","8":"tag-eu-domstolen","9":"tag-fildelning","10":"tag-filtrering","11":"tag-overvakning","12":"entry"},"_links":{"self":[{"href":"https:\/\/kulturbloggen.com\/index.php?rest_route=\/wp\/v2\/posts\/33907","targetHints":{"allow":["GET"]}}],"collection":[{"href":"https:\/\/kulturbloggen.com\/index.php?rest_route=\/wp\/v2\/posts"}],"about":[{"href":"https:\/\/kulturbloggen.com\/index.php?rest_route=\/wp\/v2\/types\/post"}],"author":[{"embeddable":true,"href":"https:\/\/kulturbloggen.com\/index.php?rest_route=\/wp\/v2\/users\/13"}],"replies":[{"embeddable":true,"href":"https:\/\/kulturbloggen.com\/index.php?rest_route=%2Fwp%2Fv2%2Fcomments&post=33907"}],"version-history":[{"count":0,"href":"https:\/\/kulturbloggen.com\/index.php?rest_route=\/wp\/v2\/posts\/33907\/revisions"}],"wp:attachment":[{"href":"https:\/\/kulturbloggen.com\/index.php?rest_route=%2Fwp%2Fv2%2Fmedia&parent=33907"}],"wp:term":[{"taxonomy":"category","embeddable":true,"href":"https:\/\/kulturbloggen.com\/index.php?rest_route=%2Fwp%2Fv2%2Fcategories&post=33907"},{"taxonomy":"post_tag","embeddable":true,"href":"https:\/\/kulturbloggen.com\/index.php?rest_route=%2Fwp%2Fv2%2Ftags&post=33907"}],"curies":[{"name":"wp","href":"https:\/\/api.w.org\/{rel}","templated":true}]}}