{"id":33859,"date":"2011-04-13T16:18:12","date_gmt":"2011-04-13T14:18:12","guid":{"rendered":"http:\/\/kulturbloggen.com\/?p=33859"},"modified":"2011-04-13T16:18:12","modified_gmt":"2011-04-13T14:18:12","slug":"filmrecension-arthur-och-de-tva-varldarna","status":"publish","type":"post","link":"https:\/\/kulturbloggen.com\/?p=33859","title":{"rendered":"Filmrecension: Arthur och de tv\u00e5 v\u00e4rldarna"},"content":{"rendered":"<p><a href=\"http:\/\/kulturbloggen.com\/wp-content\/uploads\/2011\/04\/arthur.jpg\"><img loading=\"lazy\" decoding=\"async\" src=\"http:\/\/kulturbloggen.com\/wp-content\/uploads\/2011\/04\/arthur-300x168.jpg\" alt=\"\" title=\"arthur\" width=\"300\" height=\"168\" class=\"aligncenter size-medium wp-image-33861\" \/><\/a><br \/>\nArthur och de tv\u00e5 v\u00e4rldarna<br \/>\nBetyg: 3<br \/>\nBiopremi\u00e4r: 20 april 2011<\/p>\n<p>Arthur och de tv\u00e5 v\u00e4rldarna, eller Arthur 3 som filmen ocks\u00e5 kallas, \u00e4r den tredje filmen i trilogin skapad av Luc Besson.<\/p>\n<p>Vi m\u00f6ter Arthur, ett vanligt m\u00e4nniskobarn som har lyckats bli f\u00f6rvandlad till en minimoj. En minimoj \u00e4r en liten varelse som \u00e4r tv\u00e5 millimeter l\u00e5ng och har vilt, ostyrigt h\u00e5r. De p\u00e5minner om sm\u00e5 troll. Minimojerna har ett fint rike som de lever i tillsammans med insekterna.<\/p>\n<p>Arthur och tv\u00e5 av hans minimojkompisar m\u00e5ste nu ut i v\u00e4rlden f\u00f6r att r\u00e4dda alla fr\u00e5n den onde Maltazard. <\/p>\n<p>Maltazard har alltid varit ute efter att h\u00e4rska \u00f6ver v\u00e4rlden som minimojerna och insekterna lever i, en stor v\u00e4rld \u00e4ven om den \u00e4r i pyttelitet format. Men nu siktar Maltazard h\u00f6gre. Han har n\u00e4mligen vuxit till tre meters h\u00f6jd och t\u00e4nker ta \u00f6ver v\u00e4rlden m\u00e4nniskorna lever i. Arthur och hans v\u00e4nner m\u00e5ste finna ett sett att r\u00e4dda tv\u00e5 v\u00e4rldar fast de sj\u00e4lva bara \u00e4r tv\u00e5 millimeter stora. Samtidigt b\u00f6rjar m\u00e4nniskorna ana att n\u00e5gonting d\u00e5ligt \u00e4r p\u00e5 g\u00e5ng. N\u00e5gra har sett en demon med h\u00f6g hatt lunka omkring i byn, en orov\u00e4ckande syn.<\/p>\n<p>Filmen \u00e4r komisk och m\u00e5ttligt sp\u00e4nnande, det som man f\u00f6rv\u00e4ntar sig av en barnfilm. N\u00e5gonting som jag blev mycket imponerad av var hur fantastiskt verkliga karakt\u00e4rerna s\u00e5g ut. Speciellt n\u00e4r de var  lika stora som m\u00e4nniskor. Man kunde se allt fr\u00e5n blodk\u00e4rlen p\u00e5 n\u00e5gon figurs hals till porerna i ansiktet p\u00e5 en gammal minimoj. Oftast var allting s\u00e5 bra animerat att det k\u00e4ndes som om man skulle kunna ta p\u00e5 de animerade karakt\u00e4rerna. Det var en fr\u00f6jd att se filmen och himlas \u00f6ver den otroliga animationen.<\/p>\n<p>Innan filmen b\u00f6rjade fick man se en snabb sammanfattning om det som h\u00e4nt tidigare i ber\u00e4ttelsen om Arthur, n\u00e5gonting som uppskattas om man inte har sett de andra tv\u00e5 filmerna.<\/p>\n<p>Avslutningsvis s\u00e5 var Arthur och de tv\u00e5 v\u00e4rldarna var den b\u00e4sta barnfilmen jag har sett p\u00e5 ett tag. Filmen \u00e4r perfekt att se med barnen f\u00f6r \u00e4ven f\u00f6r\u00e4ldrarna kan ha roligt n\u00e4r de ser den.<\/p>\n","protected":false},"excerpt":{"rendered":"<p>Arthur och de tv\u00e5 v\u00e4rldarna Betyg: 3 Biopremi\u00e4r: 20 april 2011 Arthur och de tv\u00e5 v\u00e4rldarna, eller Arthur 3 som filmen ocks\u00e5 kallas, \u00e4r den tredje filmen i trilogin skapad av Luc Besson. Vi m\u00f6ter Arthur, ett vanligt m\u00e4nniskobarn som har lyckats bli f\u00f6rvandlad till en minimoj. En minimoj \u00e4r en liten varelse som \u00e4r [&hellip;]<\/p>\n","protected":false},"author":13,"featured_media":0,"comment_status":"open","ping_status":"open","sticky":false,"template":"","format":"standard","meta":{"_genesis_hide_title":false,"_genesis_hide_breadcrumbs":false,"_genesis_hide_singular_image":false,"_genesis_hide_footer_widgets":false,"_genesis_custom_body_class":"","_genesis_custom_post_class":"","_genesis_layout":"","footnotes":""},"categories":[50,51,16],"tags":[],"class_list":{"0":"post-33859","1":"post","2":"type-post","3":"status-publish","4":"format-standard","6":"category-filmfilm","7":"category-filmer","8":"category-recension","9":"entry"},"_links":{"self":[{"href":"https:\/\/kulturbloggen.com\/index.php?rest_route=\/wp\/v2\/posts\/33859","targetHints":{"allow":["GET"]}}],"collection":[{"href":"https:\/\/kulturbloggen.com\/index.php?rest_route=\/wp\/v2\/posts"}],"about":[{"href":"https:\/\/kulturbloggen.com\/index.php?rest_route=\/wp\/v2\/types\/post"}],"author":[{"embeddable":true,"href":"https:\/\/kulturbloggen.com\/index.php?rest_route=\/wp\/v2\/users\/13"}],"replies":[{"embeddable":true,"href":"https:\/\/kulturbloggen.com\/index.php?rest_route=%2Fwp%2Fv2%2Fcomments&post=33859"}],"version-history":[{"count":0,"href":"https:\/\/kulturbloggen.com\/index.php?rest_route=\/wp\/v2\/posts\/33859\/revisions"}],"wp:attachment":[{"href":"https:\/\/kulturbloggen.com\/index.php?rest_route=%2Fwp%2Fv2%2Fmedia&parent=33859"}],"wp:term":[{"taxonomy":"category","embeddable":true,"href":"https:\/\/kulturbloggen.com\/index.php?rest_route=%2Fwp%2Fv2%2Fcategories&post=33859"},{"taxonomy":"post_tag","embeddable":true,"href":"https:\/\/kulturbloggen.com\/index.php?rest_route=%2Fwp%2Fv2%2Ftags&post=33859"}],"curies":[{"name":"wp","href":"https:\/\/api.w.org\/{rel}","templated":true}]}}