{"id":33733,"date":"2011-04-11T10:58:51","date_gmt":"2011-04-11T08:58:51","guid":{"rendered":"http:\/\/kulturbloggen.com\/?p=33733"},"modified":"2011-04-11T10:58:51","modified_gmt":"2011-04-11T08:58:51","slug":"svensk-premiar-for-opera-av-verdi-stiffelio-lordag-den-16-april-pa-kungliga-operan-dar-fragan-stalls-kan-otrohet-forlatas-av-en-drabbad-prast","status":"publish","type":"post","link":"https:\/\/kulturbloggen.com\/?p=33733","title":{"rendered":"Svensk premi\u00e4r f\u00f6r opera av Verdi- Stiffelio- l\u00f6rdag den 16 april p\u00e5 Kungliga operan-d\u00e4r fr\u00e5gan st\u00e4lls kan otrohet f\u00f6rl\u00e5tas av en drabbad pr\u00e4st?"},"content":{"rendered":"<p><a href=\"http:\/\/kulturbloggen.com\/wp-content\/uploads\/2011\/04\/stiffeliostockholmsoperan.jpg\"><img loading=\"lazy\" decoding=\"async\" src=\"http:\/\/kulturbloggen.com\/wp-content\/uploads\/2011\/04\/stiffeliostockholmsoperan.jpg\" alt=\"\" title=\"stiffeliostockholmsoperan\" width=\"260\" height=\"260\" class=\"aligncenter size-full wp-image-33734\" \/><\/a><br \/>\nH\u00e4r kan du lyssna p\u00e5 <a href=\"http:\/\/www.youtube.com\/watch?v=TSmLu7ZJa1w&#038;feature=related\">ouverturen<\/a> som inneh\u00e5ller ett vackert trumpetsolo.<br \/>\nP\u00e5 l\u00f6rdag har Kungliga Operan nordisk premi\u00e4r p\u00e5 Giuseppe Verdis ganska ok\u00e4nda opera &#8221;Stiffelio&#8221;, men f\u00f6r mig \u00e4r den bekant som en av Jos\u00e9 Carreras glansroller. Urpremi\u00e4ren skedde i Trieste en stad som ligger i forna Jugoslavien, men vid den tiden tillh\u00f6rde Italien<\/p>\n<p>Operan fick stora problem med den d\u00e5tida censuren varf\u00f6r komposit\u00f6ren drog tillbaka partituret och omarbetade verket och gav det ett nytt namn &#8221;Aroldo&#8221;. Efter premi\u00e4ren var det ganska tyst om verket och f\u00f6rst p\u00e5 1960-talet \u00e5terfanns originalpartituret igen till &#8221;Stiffelio&#8221; och 1993 hade &#8221;Stiffelio premi\u00e4r p\u00e5 Metropolitan Operan i New York, med Pl\u00e1cido Domingo i huvudrollen som den tveksamme pr\u00e4sten &#8211; Stiffelio. Verket har d\u00e4refter uppf\u00f6rts b\u00e5de p\u00e5 Royal Operahouse Covent Garden i London och p\u00e5 La Scala i Milano.<\/p>\n<p>Handlingen utspelar sig i ett religi\u00f6st samfund d\u00e4r f\u00f6rl\u00e5telsen \u00e4r det viktigaste. Huvudpersonen Stiffelio \u00e4r pr\u00e4st, och n\u00e4r han sj\u00e4lv blir bedragen av sin hustru visar det sig att f\u00f6rl\u00e5telsen inte \u00e4r s\u00e5 sj\u00e4lvklar.<\/p>\n<p>Ledande roller g\u00f6rs av Lars Cleveman, Lena Nordin, Marcus Jupither och Jonas Degerfeldt. <\/p>\n<blockquote><p>&#8211; Stiffelio \u00e4r en modern opera med en modern problematik, menar regiss\u00f6ren Tobias Theorell som bildar konstn\u00e4rligt team med Magdalena \u00c5berg (scenografi och kostym) och Ellen Ruge (ljus). Partituret, som \u00e5teruppt\u00e4cktes f\u00f6rst p\u00e5 1960-talet, har anf\u00f6rtrotts Pier Giorgio Morandi med stor vana att leda framf\u00f6randen av italienska operor. <\/p><\/blockquote>\n<p>Tobias Theorell har tidigare med stor framg\u00e5ng satt upp pj\u00e4ser av Nor\u00e9n och Lessing p\u00e5 Stockholms Stadsteater d\u00e4r han ocks\u00e5 med stor framg\u00e5ng regisserat Sommarnattens leende efter Bergmans film. Som operaregiss\u00f6r gjorde han en uppm\u00e4rksammad upps\u00e4ttning av Peter Grimes 2008. <\/p>\n<p>Premi\u00e4rsamtal: M\u00e5ndagen den 11 april blir det premi\u00e4rsamtal i Guldfoaj\u00e9n klockan 18.00. M\u00f6t Tobias Theorell och medlemmar ur teamet och ensemblen i en presentation av f\u00f6rest\u00e4llningen. Baren \u00f6ppnar 17.30.<\/p>\n<p>Se film fr\u00e5n repetitionerna och h\u00f6r regiss\u00f6ren ber\u00e4tta om <a href=\"http:\/\/www.operan.se\/Var-repertoar\/Hosten-20101\/Stiffelio\/Stiffelio---Film-fran-repetitionerna\/\">upps\u00e4ttningen:<\/a> <\/p>\n<p><a href=\"http:\/\/www.operan.se\/Var-repertoar\/Hosten-20101\/Stiffelio\/\">Mer information: <\/a><\/p>\n<p>Du som inte har m\u00f6jlighet att bes\u00f6ka Kungliga Operan kan lyssna p\u00e5 Stiffelio  n\u00e4r den s\u00e4nds direkt i SR P2 den 21\/5<\/p>\n<p>Vill du veta mer om handlingen i Stiffelio kan du bes\u00f6ka <a href=\"http:\/\/www.mogensoperasidor.se\/stiffelio0.htm\">Mogens Operasidor<\/a><\/p>\n<p><a href=\"http:\/\/www.dn.se\/kultur-noje\/scen\/premiar-forverdis-censurerade-opera\">Idag skriver DN om l\u00f6rdagens premi\u00e4r<\/a><\/p>\n","protected":false},"excerpt":{"rendered":"<p>H\u00e4r kan du lyssna p\u00e5 ouverturen som inneh\u00e5ller ett vackert trumpetsolo. P\u00e5 l\u00f6rdag har Kungliga Operan nordisk premi\u00e4r p\u00e5 Giuseppe Verdis ganska ok\u00e4nda opera &#8221;Stiffelio&#8221;, men f\u00f6r mig \u00e4r den bekant som en av Jos\u00e9 Carreras glansroller. Urpremi\u00e4ren skedde i Trieste en stad som ligger i forna Jugoslavien, men vid den tiden tillh\u00f6rde Italien Operan [&hellip;]<\/p>\n","protected":false},"author":13,"featured_media":0,"comment_status":"open","ping_status":"open","sticky":false,"template":"","format":"standard","meta":{"_genesis_hide_title":false,"_genesis_hide_breadcrumbs":false,"_genesis_hide_singular_image":false,"_genesis_hide_footer_widgets":false,"_genesis_custom_body_class":"","_genesis_custom_post_class":"","_genesis_layout":"","footnotes":""},"categories":[20],"tags":[86,3134,4178,5384],"class_list":{"0":"post-33733","1":"post","2":"type-post","3":"status-publish","4":"format-standard","6":"category-film","7":"tag-16-april","8":"tag-kungliga-operan","9":"tag-operapremiar","10":"tag-stiffelio","11":"entry"},"_links":{"self":[{"href":"https:\/\/kulturbloggen.com\/index.php?rest_route=\/wp\/v2\/posts\/33733","targetHints":{"allow":["GET"]}}],"collection":[{"href":"https:\/\/kulturbloggen.com\/index.php?rest_route=\/wp\/v2\/posts"}],"about":[{"href":"https:\/\/kulturbloggen.com\/index.php?rest_route=\/wp\/v2\/types\/post"}],"author":[{"embeddable":true,"href":"https:\/\/kulturbloggen.com\/index.php?rest_route=\/wp\/v2\/users\/13"}],"replies":[{"embeddable":true,"href":"https:\/\/kulturbloggen.com\/index.php?rest_route=%2Fwp%2Fv2%2Fcomments&post=33733"}],"version-history":[{"count":0,"href":"https:\/\/kulturbloggen.com\/index.php?rest_route=\/wp\/v2\/posts\/33733\/revisions"}],"wp:attachment":[{"href":"https:\/\/kulturbloggen.com\/index.php?rest_route=%2Fwp%2Fv2%2Fmedia&parent=33733"}],"wp:term":[{"taxonomy":"category","embeddable":true,"href":"https:\/\/kulturbloggen.com\/index.php?rest_route=%2Fwp%2Fv2%2Fcategories&post=33733"},{"taxonomy":"post_tag","embeddable":true,"href":"https:\/\/kulturbloggen.com\/index.php?rest_route=%2Fwp%2Fv2%2Ftags&post=33733"}],"curies":[{"name":"wp","href":"https:\/\/api.w.org\/{rel}","templated":true}]}}