{"id":33654,"date":"2011-04-09T10:59:40","date_gmt":"2011-04-09T08:59:40","guid":{"rendered":"http:\/\/kulturbloggen.com\/?p=33654"},"modified":"2011-04-09T10:59:40","modified_gmt":"2011-04-09T08:59:40","slug":"isobel-hadley-kamptz-har-sa-ratt-svenska-medier-styrs-av-chefer-endast-egnagerade-for-egna-innerstads-valbargade-ovre-medelklassproblem","status":"publish","type":"post","link":"https:\/\/kulturbloggen.com\/?p=33654","title":{"rendered":"Isobel Hadley-Kamptz har s\u00e5 r\u00e4tt &#8211; svenska medier styrs av chefer endast engagerade f\u00f6r innerstadens v\u00e4lb\u00e4rgade \u00f6vre medelklassproblem"},"content":{"rendered":"<p><a href=\"http:\/\/kulturbloggen.com\/wp-content\/uploads\/2011\/04\/Sk\u00e4rmavbild-2011-04-09-kl.-10.57.44.png\"><img loading=\"lazy\" decoding=\"async\" src=\"http:\/\/kulturbloggen.com\/wp-content\/uploads\/2011\/04\/Sk\u00e4rmavbild-2011-04-09-kl.-10.57.44-300x187.png\" alt=\"\" title=\"Sk\u00e4rmavbild 2011-04-09 kl. 10.57.44\" width=\"300\" height=\"187\" class=\"aligncenter size-medium wp-image-33676\" \/><\/a><\/p>\n<p>Inom den bloggosf\u00e4ren som inte direkt hyllar h\u00f6gerregeringen har det om och om igen p\u00e5pekats att medier inte tar upp vanliga m\u00e4nniskors liv och fr\u00e5gor. Ett tydligt exempel av m\u00e5nga: att medier v\u00e4ljer att \u00f6verfokusera p\u00e5 fr\u00e5gor som RUT, som mest engagerar en liten innerstadsklick ur medelklassen. <\/p>\n<p>Isobel p\u00e5pekar i prinicip samma sak:<br \/>\n<em>Oavsett vad man anser om skatteniv\u00e5erna s\u00e5 tycker de senare faktiskt inte, till skillnad fr\u00e5n exempelvis DN-redaktionen, att rutavdraget \u00e4r den allra viktigaste politiska fr\u00e5gan.<\/em><\/p>\n<p>Isobel Hadley-Kamptz, kr\u00f6nik\u00f6r och journalist p\u00e5 h\u00f6gerregerings st\u00f6dtidning Expressen har nu ocks\u00e5 vaknat upp. <a href=\"http:\/\/www.expressen.se\/ledare\/isobelhadleykamptz\/1.2396137\/isobel-hadley-kamptz-journalister-har-lyxfokus\">Hon skriver:<\/a><\/p>\n<blockquote><p>Journalister bor i innerstaden och i synnerhet p\u00e5 S\u00f6dermalm i Stockholm, eller m\u00f6jligen i trevliga villaomr\u00e5den. N\u00e4stan inga bor i det som kallas miljonprogram.<br \/>\nUnders\u00f6kningen speglar en annan som tidningen Riksdag och Departement publicerade i veckan av var riksdagsledam\u00f6terna fr\u00e5n svenska storst\u00e4der bor.<br \/>\nJournalister \u00e4r lite mer urbana \u00e4n politikerna, de senare bor oftare i villa, men annars \u00e4r det lika. Inte heller politikerna bor i miljonprogramsf\u00f6rorter.<br \/>\nMan m\u00e5ste vara mycket naiv om man inte tror att detta p\u00e5verkar journalistik eller politik. <\/p><\/blockquote>\n<p>Hennes artikel kommer i k\u00f6lvattnet av det stora elavbrott som gjorde att miljoner stockholmare fick kraftiga f\u00f6rseningar om de alls fick tillg\u00e5ng till t\u00e5g eller transportmedel. P\u00e5 v\u00e5r str\u00e4cka av pendelt\u00e5get var det s\u00e5 uselt att det inte ens sattes in ers\u00e4ttningsbussar. S\u00e5 lite v\u00e4rda \u00e4r vi m\u00e4nniskor som f\u00e4rdas kommunalt och bor i f\u00f6rorterna kring Stockholm. Vi \u00e4r inte ens v\u00e4rda att f\u00e5 ers\u00e4ttningsbussar. Att vi har behov att komma i tid till n\u00e5got struntar cheferna f\u00f6r transportf\u00f6retagen totalt i. <\/p>\n<p>Isobel Hadley-Kamptz tar upp att det stora problemet \u00e4r inte de enstaka stora trafikst\u00f6rningarna utan att det i princip r\u00e5der ett stort undantagstillst\u00e5nd hela tiden inom kollektivtrafiken. Vi kan aldrig vara s\u00e4kra p\u00e5 att komma i tid. Och att det \u00e4r s\u00e5 uselt, det tas aldrig upp i medier. F\u00f6rmodligen f\u00f6r att redaktionscheferna antingen bor centralt eller k\u00f6r bil fr\u00e5n villan.<\/p>\n<p><em>Ingen som regelbundet \u00e5ker pendelt\u00e5g kan anse att trafiken fungerar tillfredsst\u00e4llande. \u00c4nd\u00e5 \u00e4r detta ingenting som i n\u00e5gon s\u00e4rskild utstr\u00e4ckning syns i medierna, bortom tillf\u00e4lliga kaosskildringar vid s\u00e4rskilt allvarliga problem.<\/em><\/p>\n<p>Svenska medier styrs till 95 procent eller mer av redaktionschefer med noll koll och inget intresse f\u00f6r andra m\u00e4nniskors liv \u00e4n deras egna innerstads v\u00e4lb\u00e4rgade \u00f6vre medelklassproblem som RUT-fr\u00e5gor.<\/p>\n<p>L\u00e4s \u00e4ven andra bloggares \u00e5sikter om <a href=\"http:\/\/bloggar.se\/om\/medier\" rel=\"tag\">medier<\/a>, <a href=\"http:\/\/bloggar.se\/om\/journalistik\" rel=\"tag\">journalistik<\/a><\/p>\n","protected":false},"excerpt":{"rendered":"<p>Inom den bloggosf\u00e4ren som inte direkt hyllar h\u00f6gerregeringen har det om och om igen p\u00e5pekats att medier inte tar upp vanliga m\u00e4nniskors liv och fr\u00e5gor. Ett tydligt exempel av m\u00e5nga: att medier v\u00e4ljer att \u00f6verfokusera p\u00e5 fr\u00e5gor som RUT, som mest engagerar en liten innerstadsklick ur medelklassen. Isobel p\u00e5pekar i prinicip samma sak: Oavsett vad [&hellip;]<\/p>\n","protected":false},"author":2,"featured_media":0,"comment_status":"open","ping_status":"open","sticky":false,"template":"","format":"standard","meta":{"_genesis_hide_title":false,"_genesis_hide_breadcrumbs":false,"_genesis_hide_singular_image":false,"_genesis_hide_footer_widgets":false,"_genesis_custom_body_class":"","_genesis_custom_post_class":"","_genesis_layout":"","footnotes":""},"categories":[44,62],"tags":[2765,3582],"class_list":{"0":"post-33654","1":"post","2":"type-post","3":"status-publish","4":"format-standard","6":"category-chadie","7":"category-medie-och-kulturpolitik","8":"tag-journalistik","9":"tag-medier","10":"entry"},"_links":{"self":[{"href":"https:\/\/kulturbloggen.com\/index.php?rest_route=\/wp\/v2\/posts\/33654","targetHints":{"allow":["GET"]}}],"collection":[{"href":"https:\/\/kulturbloggen.com\/index.php?rest_route=\/wp\/v2\/posts"}],"about":[{"href":"https:\/\/kulturbloggen.com\/index.php?rest_route=\/wp\/v2\/types\/post"}],"author":[{"embeddable":true,"href":"https:\/\/kulturbloggen.com\/index.php?rest_route=\/wp\/v2\/users\/2"}],"replies":[{"embeddable":true,"href":"https:\/\/kulturbloggen.com\/index.php?rest_route=%2Fwp%2Fv2%2Fcomments&post=33654"}],"version-history":[{"count":0,"href":"https:\/\/kulturbloggen.com\/index.php?rest_route=\/wp\/v2\/posts\/33654\/revisions"}],"wp:attachment":[{"href":"https:\/\/kulturbloggen.com\/index.php?rest_route=%2Fwp%2Fv2%2Fmedia&parent=33654"}],"wp:term":[{"taxonomy":"category","embeddable":true,"href":"https:\/\/kulturbloggen.com\/index.php?rest_route=%2Fwp%2Fv2%2Fcategories&post=33654"},{"taxonomy":"post_tag","embeddable":true,"href":"https:\/\/kulturbloggen.com\/index.php?rest_route=%2Fwp%2Fv2%2Ftags&post=33654"}],"curies":[{"name":"wp","href":"https:\/\/api.w.org\/{rel}","templated":true}]}}