{"id":33635,"date":"2011-04-09T09:46:56","date_gmt":"2011-04-09T07:46:56","guid":{"rendered":"http:\/\/kulturbloggen.com\/?p=33635"},"modified":"2011-04-09T09:46:56","modified_gmt":"2011-04-09T07:46:56","slug":"tankefrid-sang-i-protest-mot-att-den-svenska-regeringen-inforde-statlig-forhandsprovning-av-public-service-vid-arsskiftet","status":"publish","type":"post","link":"https:\/\/kulturbloggen.com\/?p=33635","title":{"rendered":"Tankefrid &#8211; S\u00e5ng i protest mot att den svenska regeringen inf\u00f6rde statlig f\u00f6rhandspr\u00f6vning av public service vid \u00e5rsskiftet"},"content":{"rendered":"<p><a href=\"http:\/\/kulturbloggen.com\/wp-content\/uploads\/2011\/04\/Sk\u00e4rmavbild-2011-04-09-kl.-09.43.02.png\"><img loading=\"lazy\" decoding=\"async\" src=\"http:\/\/kulturbloggen.com\/wp-content\/uploads\/2011\/04\/Sk\u00e4rmavbild-2011-04-09-kl.-09.43.02-300x187.png\" alt=\"\" title=\"Sk\u00e4rmavbild 2011-04-09 kl. 09.43.02\" width=\"300\" height=\"187\" class=\"aligncenter size-medium wp-image-33636\" \/><\/a><\/p>\n<p>Kulturbloggen fick ett mail med en video som vi tror v\u00e5ra bes\u00f6kare g\u00e4rna vill l\u00e4sa om.<br \/>\nI mailet ber\u00e4ttar bandet att hur l\u00e5ten blev till:<\/p>\n<p>Tankefrid&#8221; skrevs i samband med att den svenska regeringen inf\u00f6rde statlig f\u00f6rhandspr\u00f6vning av public service vid \u00e5rsskiftet. Det gick igenom utan att allm\u00e4nheten upplystes s\u00e4rskilt och trots starkt motst\u00e5nd fr\u00e5n b\u00e5de politiker och viktiga akt\u00f6rer inom svensk kultur och media.<\/p>\n<p>SVT play hade aldrig funnits idag om lagen fanns n\u00e4r det begav sig och vissa s\u00e4ger att f\u00f6rhandspr\u00f6vningen av publik service strider mot v\u00e5ran grundlag. L\u00e5ten blev till och det enda r\u00e4tta s\u00e4ttet f\u00f6r den att se dagens ljus \u00e4r gratis genom TPB.<br \/>\nDom kan inte s\u00e4tta ett pris p\u00e5 v\u00e5ra \u00e5sikter och tanken kan aldrig bli f\u00f6rhandsgranskad!<\/p>\n<p>Text\/Melodi\/S\u00e5ng: Jeepstarr<br \/>\nProducent\/Musik: Andr\u00e9 Roots<br \/>\nVideo\/Art: Ofer<br \/>\nOmslag\/Art: MoeglOne<\/p>\n<p><iframe loading=\"lazy\" title=\"YouTube video player\" width=\"640\" height=\"390\" src=\"http:\/\/www.youtube.com\/embed\/EtrgFpCWOIA\" frameborder=\"0\" allowfullscreen><\/iframe><\/p>\n<p>L\u00e4s \u00e4ven andra bloggares \u00e5sikter om <a href=\"http:\/\/bloggar.se\/om\/%F6vervaknings\" rel=\"tag\">\u00f6vervaknings<\/a>, <a href=\"http:\/\/bloggar.se\/om\/storebrorssamh%E4llet\" rel=\"tag\">storebrorssamh\u00e4llet<\/a>, <a href=\"http:\/\/bloggar.se\/om\/pirate+bay\" rel=\"tag\">pirate bay<\/a>, <a href=\"http:\/\/bloggar.se\/om\/yttrandefrihet\" rel=\"tag\">yttrandefrihet<\/a>, <a href=\"http:\/\/bloggar.se\/om\/samh%E4lle\" rel=\"tag\">samh\u00e4lle<\/a><\/p>\n","protected":false},"excerpt":{"rendered":"<p>Kulturbloggen fick ett mail med en video som vi tror v\u00e5ra bes\u00f6kare g\u00e4rna vill l\u00e4sa om. I mailet ber\u00e4ttar bandet att hur l\u00e5ten blev till: Tankefrid&#8221; skrevs i samband med att den svenska regeringen inf\u00f6rde statlig f\u00f6rhandspr\u00f6vning av public service vid \u00e5rsskiftet. Det gick igenom utan att allm\u00e4nheten upplystes s\u00e4rskilt och trots starkt motst\u00e5nd fr\u00e5n [&hellip;]<\/p>\n","protected":false},"author":13,"featured_media":0,"comment_status":"open","ping_status":"open","sticky":false,"template":"","format":"standard","meta":{"_genesis_hide_title":false,"_genesis_hide_breadcrumbs":false,"_genesis_hide_singular_image":false,"_genesis_hide_footer_widgets":false,"_genesis_custom_body_class":"","_genesis_custom_post_class":"","_genesis_layout":"","footnotes":""},"categories":[62,7],"tags":[6552,4372,4917,5434],"class_list":{"0":"post-33635","1":"post","2":"type-post","3":"status-publish","4":"format-standard","6":"category-medie-och-kulturpolitik","7":"category-musik","8":"tag-overvaknings","9":"tag-pirate-bay","10":"tag-samhalle","11":"tag-storebrorssamhallet","12":"entry"},"_links":{"self":[{"href":"https:\/\/kulturbloggen.com\/index.php?rest_route=\/wp\/v2\/posts\/33635","targetHints":{"allow":["GET"]}}],"collection":[{"href":"https:\/\/kulturbloggen.com\/index.php?rest_route=\/wp\/v2\/posts"}],"about":[{"href":"https:\/\/kulturbloggen.com\/index.php?rest_route=\/wp\/v2\/types\/post"}],"author":[{"embeddable":true,"href":"https:\/\/kulturbloggen.com\/index.php?rest_route=\/wp\/v2\/users\/13"}],"replies":[{"embeddable":true,"href":"https:\/\/kulturbloggen.com\/index.php?rest_route=%2Fwp%2Fv2%2Fcomments&post=33635"}],"version-history":[{"count":0,"href":"https:\/\/kulturbloggen.com\/index.php?rest_route=\/wp\/v2\/posts\/33635\/revisions"}],"wp:attachment":[{"href":"https:\/\/kulturbloggen.com\/index.php?rest_route=%2Fwp%2Fv2%2Fmedia&parent=33635"}],"wp:term":[{"taxonomy":"category","embeddable":true,"href":"https:\/\/kulturbloggen.com\/index.php?rest_route=%2Fwp%2Fv2%2Fcategories&post=33635"},{"taxonomy":"post_tag","embeddable":true,"href":"https:\/\/kulturbloggen.com\/index.php?rest_route=%2Fwp%2Fv2%2Ftags&post=33635"}],"curies":[{"name":"wp","href":"https:\/\/api.w.org\/{rel}","templated":true}]}}