{"id":33632,"date":"2011-04-08T15:28:32","date_gmt":"2011-04-08T13:28:32","guid":{"rendered":"http:\/\/kulturbloggen.com\/?p=33632"},"modified":"2011-04-08T15:28:32","modified_gmt":"2011-04-08T13:28:32","slug":"musik-som-kommer-fran-hjartat-%e2%80%93-kulturbloggen-moter-debutanten-oskar-gyllenhammar","status":"publish","type":"post","link":"https:\/\/kulturbloggen.com\/?p=33632","title":{"rendered":"Musik som kommer fr\u00e5n hj\u00e4rtat \u2013 Kulturbloggen m\u00f6ter debutanten Oskar Gyllenhammar"},"content":{"rendered":"<p><a href=\"http:\/\/kulturbloggen.com\/wp-content\/uploads\/2011\/04\/oskargyllenhammar.jpg\"><img loading=\"lazy\" decoding=\"async\" src=\"http:\/\/kulturbloggen.com\/wp-content\/uploads\/2011\/04\/oskargyllenhammar-300x198.jpg\" alt=\"\" title=\"oskargyllenhammar\" width=\"300\" height=\"198\" class=\"aligncenter size-medium wp-image-34065\" \/><\/a><\/p>\n<p>Kulturbloggen har tr\u00e4ffat den nitton\u00e5rige rockpoeten fr\u00e5n Hudiksvall Oskar Gyllenhammar vars debutskiva <em>T\u00e5gen slutar aldrig g\u00e5 h\u00e4rifr\u00e5n<\/em> precis givits ut. Han blev signad av skivbolaget EMI i slutet av f\u00f6rra sommaren efter att ha avslutat turn\u00e9n \u201d100 gig 100 dar\u201d som bland annat stannade till p\u00e5 Peace &#038; Love-festivalen i Borl\u00e4nge.<\/p>\n<p><strong>Var det en stor f\u00f6r\u00e4ndring f\u00f6r dig n\u00e4r du blev signad av EMI?<\/strong><\/p>\n<p>Egentligen \u00e4r det f\u00f6rst nu det b\u00f6rjar h\u00e4nda saker p\u00e5 ytan men bakom kulisserna har det sj\u00e4lvklart varit en stor hj\u00e4lp att ha ett s\u00e5 stort skivbolag som backat upp en. Vi har kunnat spela in skivan vi velat g\u00f6ra s\u00e5 l\u00e4nge, det var h\u00e4rligt att f\u00f6rverkliga det.<\/p>\n<p><strong>Hur l\u00e4nge har du h\u00e5llit p\u00e5 med musik?<\/strong><\/p>\n<p>Jag skrev min f\u00f6rsta l\u00e5t i sju\u00e5rs\u00e5ldern men det var f\u00f6rst n\u00e4r jag var tretton som jag b\u00f6rjade skriva l\u00e5tar som jag kan st\u00e5 f\u00f6r \u00e4n idag. P\u00e5 n\u00e5got s\u00e4tt var det alltid varit sj\u00e4lvklart att jag skulle bli artist, det fanns liksom inget annat p\u00e5 kartan, s\u00e5 jag har alltid jobbat m\u00e5lmedvetet. Tanken var att jag skulle b\u00f6rja skicka in l\u00e5tar till skivbolag vid tjugotv\u00e5\u00e5rs\u00e5ldern s\u00e5 det var b\u00e5de h\u00e4ftigt och m\u00e4rkligt att \u201d100 gig 100 dar\u201d-turn\u00e9n ledde till ett skivkontrakt.<\/p>\n<p><strong>Kan du ber\u00e4tta lite om din skiva?<\/strong><\/p>\n<p>Den bygger p\u00e5 att l\u00e4mna en trygg barndomsv\u00e4rld bakom sig och komma till en storstad och k\u00e4nna sig f\u00f6rvirrad, vilket f\u00f6rsta singeln heter. Den kretsar kring de k\u00e4nslor av heml\u00e4ngtan och l\u00e4ngtan bort som jag sj\u00e4lv k\u00e4nde n\u00e4r jag tog vad som k\u00e4ndes som sista t\u00e5get fr\u00e5n Hudiksvall till Stockholm f\u00f6r att satsa p\u00e5 musiken. Sedan visade det sig ju att t\u00e5gen fortsatte att g\u00e5. Titeln skvallrar ocks\u00e5 om t\u00e5gen fr\u00e5n Hudiksvall som aldrig slutar g\u00e5.<\/p>\n<p><strong>Kan du beskriva processen och arbetet bakom skivan?<\/strong><\/p>\n<p>Det b\u00f6rjade med att jag satt med Josef Zackrisson som producerade skivan och funderade ut vilken typ av skiva vi skulle g\u00f6ra. Jag hade skrivit \u00f6ver \u00e5ttio l\u00e5tar s\u00e5 det jobbiga var att banta ner dem till elva, allt annat gick f\u00f6rv\u00e5nansv\u00e4rt smidigt. Bandet var med i tv\u00e5 veckor sedan jobbade vi med s\u00e5ngen och mixningen. Att g\u00f6ra en skiva var inte s\u00e5 sv\u00e5rt som jag hade trott men vi fick mycket grattis av att ha gjort de d\u00e4r hundra spelningarna under sommaren \u2013 vi var tajta som band.<\/p>\n<p><strong>\u00c4r Klubb Hj\u00e4rtat ditt band eller ditt kompband?<\/strong><\/p>\n<p>De \u00e4r ju mitt kompband men vi k\u00e4nner oss som ett band. Vi har spelat i samma konstellation i fyra \u00e5r och dessf\u00f6rinnan har vi spelat tillsammans p\u00e5 olika s\u00e4tt sedan mellanstadiet. Samtidigt k\u00e4nner jag mig som en artist. Det \u00e4r jag som skriver alla l\u00e5tarna och jag har alltid sista ordet \u00e4ven om jag inte brukar beh\u00f6va anv\u00e4nda det sista ordet f\u00f6r vi tycker r\u00e4tt s\u00e5 lika i bandet.<\/p>\n<p><strong>Vilka \u00e4r dina influenser?<\/strong><\/p>\n<p>De som har inspirerat mig mest \u00e4r v\u00e4l Cornelis, Th\u00e5str\u00f6m, Springsteen och Dylan \u00e4ven om jag har andra referenser som Winnerb\u00e4ck som grundar sig i samma vistradition. Jag tror det \u00e4r extra viktigt i den h\u00e4r genren att ber\u00e4tta sin egen historia. Det skulle inte h\u00e5lla att bara vara en copycat. Musiken m\u00e5ste komma direkt fr\u00e5n hj\u00e4rtat.<\/p>\n<p><strong>Vad kan vi f\u00f6rv\u00e4nta oss av dig i framtiden?<\/strong><\/p>\n<p>F\u00f6rhoppningsvis m\u00e5nga fler plattor f\u00f6r jag skriver nya l\u00e5tar hela tiden. F\u00f6rsta skivan kanske \u00e4r en aning spretig d\u00e5 det \u00e4r en samling l\u00e5tar jag skrivit under en l\u00e4ngre tid men det k\u00e4nns som att jag b\u00f6rjar hitta mitt eget musikaliska spr\u00e5k<\/p>\n<p>Foto av Oda Carlsson<\/p>\n<p>H\u00e4r kan du se hans framf\u00f6rande av <em>Krossat varandra<\/em> fr\u00e5n n\u00e4r han var f\u00f6rband \u00e5t Me &#038; My Army p\u00e5 Strand:<\/p>\n<p><iframe loading=\"lazy\" title=\"YouTube video player\" width=\"640\" height=\"390\" src=\"http:\/\/www.youtube.com\/embed\/cvINdTosz5k\" frameborder=\"0\" allowfullscreen><\/iframe><\/p>\n","protected":false},"excerpt":{"rendered":"<p>Kulturbloggen har tr\u00e4ffat den nitton\u00e5rige rockpoeten fr\u00e5n Hudiksvall Oskar Gyllenhammar vars debutskiva T\u00e5gen slutar aldrig g\u00e5 h\u00e4rifr\u00e5n precis givits ut. Han blev signad av skivbolaget EMI i slutet av f\u00f6rra sommaren efter att ha avslutat turn\u00e9n \u201d100 gig 100 dar\u201d som bland annat stannade till p\u00e5 Peace &#038; Love-festivalen i Borl\u00e4nge. Var det en stor [&hellip;]<\/p>\n","protected":false},"author":3,"featured_media":0,"comment_status":"open","ping_status":"open","sticky":false,"template":"","format":"standard","meta":{"_genesis_hide_title":false,"_genesis_hide_breadcrumbs":false,"_genesis_hide_singular_image":false,"_genesis_hide_footer_widgets":false,"_genesis_custom_body_class":"","_genesis_custom_post_class":"","_genesis_layout":"","footnotes":""},"categories":[5,7],"tags":[4215,6054],"class_list":{"0":"post-33632","1":"post","2":"type-post","3":"status-publish","4":"format-standard","6":"category-intervju","7":"category-musik","8":"tag-oskar-gyllenhammar","9":"tag-tagen-slutar-aldrig-ga-harifran","10":"entry"},"_links":{"self":[{"href":"https:\/\/kulturbloggen.com\/index.php?rest_route=\/wp\/v2\/posts\/33632","targetHints":{"allow":["GET"]}}],"collection":[{"href":"https:\/\/kulturbloggen.com\/index.php?rest_route=\/wp\/v2\/posts"}],"about":[{"href":"https:\/\/kulturbloggen.com\/index.php?rest_route=\/wp\/v2\/types\/post"}],"author":[{"embeddable":true,"href":"https:\/\/kulturbloggen.com\/index.php?rest_route=\/wp\/v2\/users\/3"}],"replies":[{"embeddable":true,"href":"https:\/\/kulturbloggen.com\/index.php?rest_route=%2Fwp%2Fv2%2Fcomments&post=33632"}],"version-history":[{"count":0,"href":"https:\/\/kulturbloggen.com\/index.php?rest_route=\/wp\/v2\/posts\/33632\/revisions"}],"wp:attachment":[{"href":"https:\/\/kulturbloggen.com\/index.php?rest_route=%2Fwp%2Fv2%2Fmedia&parent=33632"}],"wp:term":[{"taxonomy":"category","embeddable":true,"href":"https:\/\/kulturbloggen.com\/index.php?rest_route=%2Fwp%2Fv2%2Fcategories&post=33632"},{"taxonomy":"post_tag","embeddable":true,"href":"https:\/\/kulturbloggen.com\/index.php?rest_route=%2Fwp%2Fv2%2Ftags&post=33632"}],"curies":[{"name":"wp","href":"https:\/\/api.w.org\/{rel}","templated":true}]}}