{"id":33624,"date":"2011-04-09T11:38:55","date_gmt":"2011-04-09T09:38:55","guid":{"rendered":"http:\/\/kulturbloggen.com\/?p=33624"},"modified":"2011-04-09T11:38:55","modified_gmt":"2011-04-09T09:38:55","slug":"criminal-minds-sasong-5","status":"publish","type":"post","link":"https:\/\/kulturbloggen.com\/?p=33624","title":{"rendered":"Criminal Minds s\u00e4song 5"},"content":{"rendered":"<p><a href=\"http:\/\/kulturbloggen.com\/wp-content\/uploads\/2011\/04\/criminalminds5.jpg\"><img loading=\"lazy\" decoding=\"async\" class=\"aligncenter size-medium wp-image-33625\" title=\"criminalminds5\" src=\"http:\/\/kulturbloggen.com\/wp-content\/uploads\/2011\/04\/criminalminds5-207x300.jpg\" alt=\"\" width=\"207\" height=\"300\" \/><\/a><\/p>\n<p>Criminal Minds s\u00e4song 5<br \/>\nBetyg 4<\/p>\n<p>Inget ont som har n\u00e5got gott med sig. Jag har legat d\u00e4ckad i en j\u00e4ttejobbig influensa i en vecka. Det positiva var att n\u00e4r jag emellan\u00e5t vaknade upp ur feberattackerna och var hygglig pigg n\u00e5gon timme kunde jag ligga framf\u00f6r dvd:n och se avsnitt efter avsnitt av s\u00e4song 5 av Criminal Minds som precis sl\u00e4pps i en dvd-box.<\/p>\n<p>Om du \u00e4r lika fast f\u00f6r det sk\u00f6na g\u00e4nget av smarta hj\u00e4rnor i FBI:s beteendeanalysgrupp som rycker in n\u00e4r n\u00e5gon seriem\u00f6rdare \u00e4r i farten, d\u00e5 har du n\u00e5gra h\u00f6gtidsstunder att se fram emot med nya boxen.<\/p>\n<p>I s\u00e4song 4 fick Hotch, gruppledare f\u00f6r beteendeanalysgruppen, personliga problem n\u00e4r seriem\u00f6rdaren Foyet hotade att d\u00f6da Hotchs f\u00f6re detta fru och hans lilla son. I s\u00e4song 5 anser Hotchs chefer att han inte kan leda gruppen eftersom han \u00e4r alltf\u00f6r fixerad p\u00e5 att jaga Foyet och att hans personliga r\u00e4dslor p\u00e5perkar hans omd\u00f6me. En annan i gruppen f\u00e5r ta \u00f6ver ledartr\u00f6jan ett tag, tills gruppen \u00e5ter m\u00f6ter Foyet och saken st\u00e4lls p\u00e5 sin spets. Vem som leder gruppen d\u00e5, vem som blir chef, t\u00e4nker jag inte avsl\u00f6ja.<\/p>\n<p>Det h\u00e4nder en del annat f\u00f6rst\u00e5s under seriens g\u00e5ng med gruppens medlemmar. Spencer Reid, doktorn och besserwissern, g\u00f6r n\u00e5got med sitt h\u00e5r, kan jag avsl\u00f6ja. Det g\u00f6r hackern Penelope Garcia ocks\u00e5, som blir r\u00f6dh\u00e5rig ist\u00e4llet f\u00f6r blond.<\/p>\n<p>En av styrkorna i serien Criminal Minds \u00e4r att vi under avsnittet f\u00e5r se olika delar av USA. Ett avsnitt utspelar sig i en liten fiskeort i Alaska, till exempel. I en del avsnitt f\u00e5r vi dyka ner \u00e4nnu mer i psyket bakom seriem\u00f6rdarens beteende. Vi f\u00e5r ocks\u00e5 se hur det blir krockar mellan FBI-g\u00e4nget och den lokala polisen. N\u00e4r FBI kommer med analys av m\u00f6rdarens personlighet retar det upp en del lokala poliser, som tolkar det som att FBI urs\u00e4ktar m\u00f6rdaren.<\/p>\n<p>S\u00e5 klart jag ocks\u00e5 har fastnat f\u00f6r hur varje avsnitt har ett citat av n\u00e5gon stor f\u00f6rfattare eller poet.<\/p>\n<p><a href=\"http:\/\/kulturbloggen.com\/wp-content\/uploads\/2011\/04\/cm_box.jpg\"><img loading=\"lazy\" decoding=\"async\" class=\"alignright size-full wp-image-33680\" title=\"cm_box\" src=\"http:\/\/kulturbloggen.com\/wp-content\/uploads\/2011\/04\/cm_box.jpg\" alt=\"\" width=\"235\" height=\"294\" \/><\/a>Nu f\u00e5r du \u00e5terigen uppleva hur FBI:s skarpaste hj\u00e4rnor jobbar n\u00e4r agenterna i Criminal Minds \u00e4r tillbaka. Team-medlemmarna st\u00e4lls inf\u00f6r sina sv\u00e5raste fall hittills &#8211; Aaron Hotchner (Thomas Gibson) blir f\u00f6rf\u00f6ljd av seriem\u00f6rdaren The Reaper, f\u00f6rfattaren David Rossi (Joe Mantegna) hotas och dataexperten Penelope Garcia (Kirsten Vangsness) f\u00e5r i uppdrag att f\u00e5nga en m\u00f6rdare i Alaska! Med uppbackning fr\u00e5n kollegorna, vet de att de att de kan lita p\u00e5 profi leringsmetoderna &#8211; och p\u00e5 varandra. N\u00e4r det kommer till kritan t\u00e4nker genier i samma banor.<\/p>\n<p>BONUSMATERIAL i s\u00e4song 5:<br \/>\n\u2022 Original Featurettes: \u201cCase Files\u201d<br \/>\n\u2022 \u201cCelebrating 100\u201d<br \/>\n\u2022 \u201cFear the Reaper\u201d<br \/>\n\u2022 \u201cGubler Direct\u201d<br \/>\n\u2022 \u201cMaterial Witness\u201d<br \/>\n\u2022 Gag Reel<br \/>\n\u2022 On-Air Promos<\/p>\n<p>L\u00e4s \u00e4ven andra bloggares \u00e5sikter om <a href=\"http:\/\/bloggar.se\/om\/Criminal+Minds\" rel=\"tag\">Criminal Minds<\/a>, <a href=\"http:\/\/bloggar.se\/om\/seriem%F6rdare\" rel=\"tag\">seriem\u00f6rdare<\/a>, <a href=\"http:\/\/bloggar.se\/om\/FBI\" rel=\"tag\">FBI<\/a>, <a href=\"http:\/\/bloggar.se\/om\/recension\" rel=\"tag\">recension<\/a><\/p>\n","protected":false},"excerpt":{"rendered":"<p>Criminal Minds s\u00e4song 5 Betyg 4 Inget ont som har n\u00e5got gott med sig. Jag har legat d\u00e4ckad i en j\u00e4ttejobbig influensa i en vecka. Det positiva var att n\u00e4r jag emellan\u00e5t vaknade upp ur feberattackerna och var hygglig pigg n\u00e5gon timme kunde jag ligga framf\u00f6r dvd:n och se avsnitt efter avsnitt av s\u00e4song 5 [&hellip;]<\/p>\n","protected":false},"author":2,"featured_media":0,"comment_status":"open","ping_status":"open","sticky":false,"template":"","format":"standard","meta":{"_genesis_hide_title":false,"_genesis_hide_breadcrumbs":false,"_genesis_hide_singular_image":false,"_genesis_hide_footer_widgets":false,"_genesis_custom_body_class":"","_genesis_custom_post_class":"","_genesis_layout":"","footnotes":""},"categories":[50,16],"tags":[1076,1683,12285,5007],"class_list":{"0":"post-33624","1":"post","2":"type-post","3":"status-publish","4":"format-standard","6":"category-filmfilm","7":"category-recension","8":"tag-criminal-minds","9":"tag-fbi","10":"tag-recension","11":"tag-seriemordare","12":"entry"},"_links":{"self":[{"href":"https:\/\/kulturbloggen.com\/index.php?rest_route=\/wp\/v2\/posts\/33624","targetHints":{"allow":["GET"]}}],"collection":[{"href":"https:\/\/kulturbloggen.com\/index.php?rest_route=\/wp\/v2\/posts"}],"about":[{"href":"https:\/\/kulturbloggen.com\/index.php?rest_route=\/wp\/v2\/types\/post"}],"author":[{"embeddable":true,"href":"https:\/\/kulturbloggen.com\/index.php?rest_route=\/wp\/v2\/users\/2"}],"replies":[{"embeddable":true,"href":"https:\/\/kulturbloggen.com\/index.php?rest_route=%2Fwp%2Fv2%2Fcomments&post=33624"}],"version-history":[{"count":0,"href":"https:\/\/kulturbloggen.com\/index.php?rest_route=\/wp\/v2\/posts\/33624\/revisions"}],"wp:attachment":[{"href":"https:\/\/kulturbloggen.com\/index.php?rest_route=%2Fwp%2Fv2%2Fmedia&parent=33624"}],"wp:term":[{"taxonomy":"category","embeddable":true,"href":"https:\/\/kulturbloggen.com\/index.php?rest_route=%2Fwp%2Fv2%2Fcategories&post=33624"},{"taxonomy":"post_tag","embeddable":true,"href":"https:\/\/kulturbloggen.com\/index.php?rest_route=%2Fwp%2Fv2%2Ftags&post=33624"}],"curies":[{"name":"wp","href":"https:\/\/api.w.org\/{rel}","templated":true}]}}