{"id":33411,"date":"2011-04-05T08:09:37","date_gmt":"2011-04-05T06:09:37","guid":{"rendered":"http:\/\/kulturbloggen.com\/?p=33411"},"modified":"2011-04-05T08:09:37","modified_gmt":"2011-04-05T06:09:37","slug":"susanne-resmark-debuterar-i-rossinis-greve-ory-pa-metropolitan-opera-i-new-york-pa-folkets-hus-digitala-hus-lordag-den-9-april","status":"publish","type":"post","link":"https:\/\/kulturbloggen.com\/?p=33411","title":{"rendered":"Susanne Resmark debuterar i Rossinis &#8221;Greve Ory&#8221; p\u00e5 Metropolitan Opera i New York, p\u00e5 Folkets hus digitala hus l\u00f6rdag den 9 april"},"content":{"rendered":"<p><a href=\"http:\/\/kulturbloggen.com\/wp-content\/uploads\/2011\/04\/lecomteorymetropolitanoperajuandiegozflorez.jpg\"><img loading=\"lazy\" decoding=\"async\" src=\"http:\/\/kulturbloggen.com\/wp-content\/uploads\/2011\/04\/lecomteorymetropolitanoperajuandiegozflorez-300x98.jpg\" alt=\"\" title=\"lecomteorymetropolitanoperajuandiegozflorez\" width=\"300\" height=\"98\" class=\"aligncenter size-medium wp-image-33412\" \/><\/a><\/p>\n<p>P\u00e5 l\u00f6rdag (9\/4) \u00e4r det dags f\u00f6r n\u00e4sta uts\u00e4ndning fr\u00e5n Metropolitan Opera via Folkets hus\/Parkers digitala hus.<\/p>\n<p>Denna g\u00e5ng handlar det om en av Gioacchino (Joakim) Rossinis komiska operor, n\u00e4mligen \u201dLe comte Ory\u201d. Till det ovanliga h\u00f6r att operan sjungs p\u00e5 franska och det \u00e4r nog inte s\u00e4rskilt vanligt n\u00e4r det g\u00e4ller Rossini-operorna. M\u00e5nga kallar verket f\u00f6r &#8221;Greve Ory&#8221; men det egentliga svenska namnet \u00e4r &#8221;Den bedr\u00e4gliga Ory&#8221;, originaltiteln \u00e4r i varje fall &#8221;Le Comte Ory&#8221;.<\/p>\n<p>Det \u00e4r en mycket stj\u00e4rnbestr\u00f6dd ensemble som st\u00e4ller den h\u00e4r g\u00e5ngen eller vad s\u00e4gs om JoyceDiDonato, Diana Damrau och den peruanske belcanto tenoren Juan Diego Florez i huvudrollen? Dessutom medverkar den Kongelige operasolisten, v\u00e5r egen Susanne Resmark.  Susanne Resmark uts\u00e5gs i december 2007 till Riddare av Dannebrogenorden, den danska motsvarigheten till  titeln Hovs\u00e5ngare.<\/p>\n<p>Det \u00e4r ocks\u00e5 Susanne Resmarks debut p\u00e5 Metropolitan Opera i New York dvs debuten skedde redan den 24 mars om jag inte \u00e4r felunderr\u00e4ttad. Susanne Resmark som ligger i facket dramatisk mezzo har redan debuterat p\u00e5 La Scala i Milano och nu \u00e5terst\u00e5r v\u00e4l egentligen bara Festspelen i Bayreuth, Wiener Staatsoper och Royal Opera Covent Garden i London samt Kungliga Operan i Stockholm.<\/p>\n<blockquote><p>\u2013 Att sjunga p\u00e5 Metropolitan \u00e4r en dr\u00f6m jag har haft sedan jag var ung. Alla stora stj\u00e4rnor \u00e4r h\u00e4r och vr\u00e5len som m\u00f6ter en n\u00e4r man kliver p\u00e5 scenen \u00e4r otroliga. Det k\u00e4nns fantastiskt att folk \u00f6ver hela Sverige har en m\u00f6jlighet att uppleva det live med bra ljud och bild, s\u00e4ger Susanne Resmark. <\/p><\/blockquote>\n<p><b> Produktionsteam<\/b><br \/>\nDirigent: Maurizio Benini<br \/>\nProduktion: Bartlett Sher<br \/>\nScenografi: Michael Yeargan<br \/>\nKostym: Catherine Zuber<br \/>\nLjusdesign: Brian MacDevitt<\/p>\n<p><b>I rollerna: <\/b><br \/>\nDiana Damrau<br \/>\nJoyce DiDonato<br \/>\nSusanne Resmark<br \/>\nJuan Diego Fl\u00f3rez<br \/>\nSt\u00e9phane Degout<br \/>\nMichele Pertusi<\/p>\n<p>Vill du veta mer om handlingen kan du bes\u00f6ka <a href=\"http:\/\/www.mogensoperasidor.se\/lecomteory0.htm\">Mogens Operasidor<\/a><\/p>\n<p><a href=\"http:\/\/www.fhp.nu\/Hem\/Alla-evenemang\/Opera\/Rehnguldet5\/?tab=dates\">H\u00e4r kan du l\u00e4sa mer om var du kan se f\u00f6rest\u00e4llningen:<\/a>  <\/p>\n","protected":false},"excerpt":{"rendered":"<p>P\u00e5 l\u00f6rdag (9\/4) \u00e4r det dags f\u00f6r n\u00e4sta uts\u00e4ndning fr\u00e5n Metropolitan Opera via Folkets hus\/Parkers digitala hus. Denna g\u00e5ng handlar det om en av Gioacchino (Joakim) Rossinis komiska operor, n\u00e4mligen \u201dLe comte Ory\u201d. Till det ovanliga h\u00f6r att operan sjungs p\u00e5 franska och det \u00e4r nog inte s\u00e4rskilt vanligt n\u00e4r det g\u00e4ller Rossini-operorna. M\u00e5nga kallar [&hellip;]<\/p>\n","protected":false},"author":13,"featured_media":0,"comment_status":"open","ping_status":"open","sticky":false,"template":"","format":"standard","meta":{"_genesis_hide_title":false,"_genesis_hide_breadcrumbs":false,"_genesis_hide_singular_image":false,"_genesis_hide_footer_widgets":false,"_genesis_custom_body_class":"","_genesis_custom_post_class":"","_genesis_layout":"","footnotes":""},"categories":[20],"tags":[2096,4164,5502],"class_list":["post-33411","post","type-post","status-publish","format-standard","category-film","tag-greve-ory","tag-operabio-fran-metropolitan-opera","tag-susanne-resmark","entry"],"_links":{"self":[{"href":"https:\/\/kulturbloggen.com\/index.php?rest_route=\/wp\/v2\/posts\/33411","targetHints":{"allow":["GET"]}}],"collection":[{"href":"https:\/\/kulturbloggen.com\/index.php?rest_route=\/wp\/v2\/posts"}],"about":[{"href":"https:\/\/kulturbloggen.com\/index.php?rest_route=\/wp\/v2\/types\/post"}],"author":[{"embeddable":true,"href":"https:\/\/kulturbloggen.com\/index.php?rest_route=\/wp\/v2\/users\/13"}],"replies":[{"embeddable":true,"href":"https:\/\/kulturbloggen.com\/index.php?rest_route=%2Fwp%2Fv2%2Fcomments&post=33411"}],"version-history":[{"count":0,"href":"https:\/\/kulturbloggen.com\/index.php?rest_route=\/wp\/v2\/posts\/33411\/revisions"}],"wp:attachment":[{"href":"https:\/\/kulturbloggen.com\/index.php?rest_route=%2Fwp%2Fv2%2Fmedia&parent=33411"}],"wp:term":[{"taxonomy":"category","embeddable":true,"href":"https:\/\/kulturbloggen.com\/index.php?rest_route=%2Fwp%2Fv2%2Fcategories&post=33411"},{"taxonomy":"post_tag","embeddable":true,"href":"https:\/\/kulturbloggen.com\/index.php?rest_route=%2Fwp%2Fv2%2Ftags&post=33411"}],"curies":[{"name":"wp","href":"https:\/\/api.w.org\/{rel}","templated":true}]}}