{"id":33370,"date":"2011-04-04T15:00:21","date_gmt":"2011-04-04T13:00:21","guid":{"rendered":"http:\/\/kulturbloggen.com\/?p=33370"},"modified":"2011-04-04T15:00:21","modified_gmt":"2011-04-04T13:00:21","slug":"operasasongen-2011-12-pa-den-kongelige-opera-i-kopenhamn","status":"publish","type":"post","link":"https:\/\/kulturbloggen.com\/?p=33370","title":{"rendered":"Operas\u00e4songen 2011-12 p\u00e5 Den Kongelige Opera i K\u00f6penhamn"},"content":{"rendered":"<p> <a href=\"http:\/\/kulturbloggen.com\/wp-content\/uploads\/2011\/04\/detkongeligeteateroperaenkopenhamn.jpg\"><img loading=\"lazy\" decoding=\"async\" src=\"http:\/\/kulturbloggen.com\/wp-content\/uploads\/2011\/04\/detkongeligeteateroperaenkopenhamn-300x152.jpg\" alt=\"\" title=\"detkongeligeteateroperaenkopenhamn\" width=\"300\" height=\"152\" class=\"aligncenter size-medium wp-image-33371\" \/><\/a><br \/>\nS\u00e4songsprogrammet har kokats ihop av avg\u00e5ende och tilltr\u00e4dande operachefen Kasper Holten respektive Keith Warner och musikchefen Michael Sch\u00f6nwandt.<\/p>\n<p>Det blir fem premi\u00e4rer och fyra nypremi\u00e4rer eller som danskarna kallar det repremierer.<\/p>\n<p>S\u00e4songen \u00f6ppnar den tionde september genom en galaf\u00f6rest\u00e4llning, med Peter Langdahls ber\u00f6mda upps\u00e4ttning av Giacomo Puccini\u00b4s \u201dTosca\u201d. Vi h\u00f6r John Lundgren som Scarpia och Cavaradossi alternerar mellan Andrew Richards och jean-Pierre Furlan och Tosca alternerar mellan Gitta-Maria Sj\u00f6berg och Anne Margrethe Dahl.<\/p>\n<p>Efter Puccini blir det W A Mozart i en upps\u00e4ttning av hans \u201dCosi fan tutte\u201d och med Peter Lodahl som Ferrando och Palle Knudsen som Gugielmo. Fiordilige sj\u00f6ngs av Inger Dam-Jensen och Elisabeth Jansson sjunger Dorabellas parti.<\/p>\n<p>F\u00f6r regin svarar Guy Joosten och det \u00e4r ett samarbete med Vlaamse Opera i Antwerpen. Premi\u00e4r den 11 oktober.<\/p>\n<p> Den 16 november kommer ytterligare en nypremi\u00e4r n\u00e4mligen Livl\u00e4karens bes\u00f6k, vilket \u00e4r ganska gl\u00e4djande f\u00f6r det h\u00f6r inte till vanligheterna att en nyskriven opera s\u00e4tts upp p\u00e5 repertoaren igen.<\/p>\n<p>S\u00e4songens andra premi\u00e4r sker den 12 december med en s.k. double-bill, n\u00e4mligen Mascagnis \u201dCavalleria Rusticana\u201d och Leoncavallo\u00b4s \u201dPajazzo eller \u201dBajadser\u201d som danskarna kallar verket f\u00f6r.<br \/>\nSom Turriddo och Canio h\u00f6r vi v\u00e4xelvis Jos\u00e9 Cura och Francesco Hong som Alfio respektive Tonio Fredrik Zetterstr\u00f6m och det \u00e4r antagligen hans debut p\u00e5 DKT. Santuzza alternerar mellan Ir\u00e9ne Theorin, Susanne Resmark och Johanne Bock och Nedda sj\u00f6ngs av Sine Bundgaard.<br \/>\nDet \u00e4r en samproduktion med Den Norske Opera och dess chef  Paul Curran tar sig an \u201dPajazzo\u201d och Kasper Holten \u00e5terv\u00e4nder som regiss\u00f6r av \u201dCavelleria Rusticana\u201d eller \u201dP\u00e5 Sicilien&#8221; som vi kanske kallar den.<\/p>\n<p>P\u00e5 det nya \u00e5ret 2012 blir det en tredje premi\u00e4r n\u00e4mligen C W Gluck\u00b4s \u201dAlceste\u201d och det \u00e4r en upps\u00e4ttning i samarbete med Festival d\u00b4Aix en Provence och Wiener Staatsoper och f\u00f6r regin svarar Christoph Loy och Lars Ulrik Mortensen svarar f\u00f6r dirigentskapet.<\/p>\n<p>I februari blir det nypremi\u00e4r p\u00e5 en opera som \u00e4nnu inte har haft premi\u00e4r, n\u00e4mligen Richard Strauss \u201dDie Frau ohne Schatten\u201d eller \u201dKvinnan utan skugga\u201d. Om du vet vad operan handlar om f\u00e5r du g\u00e4rna skicka ett mejl om detta till regiss\u00f6ren Kasper Holten. Nypremi\u00e4ren \u00e4ger rum den 3 februari 2012.<\/p>\n<p>En vecka senare blir det nypremi\u00e4r p\u00e5 Giuseppe Verdi\u00b4s \u201dLa Traviata\u201d och det \u00e4r ett samarbete med G\u00f6teborgsOperan och f\u00f6r regi svarar David Radok och den utomordentliga vackra scenografin \u00e4r signerad Lars-\u00c5ke Thessman. Germont sj\u00f6ngs av Palle Knudsen som nu \u00e4ntligen har vuxit till sig att han inte l\u00e4ngre \u00e4r ung och vacker, utan lite \u00e4ldre och kanske \u00e4nd\u00e5 vacker. Det har jag sv\u00e5rt att bed\u00f6ma, men han sjunger bra. Alfredo alternerar mellan Peter Lodahl och Niels J\u00f6rgen Riis och Violetta alternerar mellan Gisela Stille och Anne Margrethe Dahl.<br \/>\nNye operachefen, Keith Warner s\u00e4tter upp Richard Wagners sista opera \u201dParsifal\u201d och det blir premi\u00e4r den 22 mars och f\u00f6rest\u00e4llningen kommer att g\u00e5 samtidigt som Malm\u00f6 Opera s\u00e4tter upp samma verk. Lite synd att det blir p\u00e5 det viset, men det \u00e4r bara att resa mellan Malm\u00f6 och K\u00f6penhamn. Stig Fogh Anderson sj\u00f6nger Parsifals parti och som Amfortas h\u00f6r vi John Lundgren, medan Stephen Milling klarar av Gurnemanz.. Det \u00e4r allts\u00e5 en nyinstudering och \u00e4ven om jag inte \u00e4r s\u00e4rskilt f\u00f6rtjust i s\u00e5dana skall det i alla fall bli sp\u00e4nnande att se och h\u00f6ra resultatet.<\/p>\n<p>S\u00e4songen 2011-12 avslutas med Benjamin Brittens \u201dAlbert Herring\u201d och premi\u00e4ren blir 18 maj 2012 och det \u00e4r ett samarbete med festivalen i Montepulciano och f\u00f6r regin svarar Keith Warner. Lady Billows sj\u00f6ngs av Ylva Kihlberg, vilket vi fick ett fint smakprov p\u00e5 under dagens presskonferens. Som Albert Herring f\u00e5r vi h\u00f6ra Gert Henning Jensen, men han tog inte en ton idag utan bara agerade lite grann.<\/p>\n<p>Ut\u00f6ver dessa f\u00f6rest\u00e4llningar s\u00e5 blir det som vanligt ocks\u00e5 n\u00e5gra g\u00e4stspel och bland annat g\u00f6r Den Jydske Opera \u201dTrubaduren\u201d och \u201dDon Giovanni\u201d, men mer om detta i ett senare inl\u00e4gg.<\/p>\n<p>Om du \u00e4r i n\u00e4rheten av K\u00f6penhamn kan du f\u00e5 ett smakprov p\u00e5 vad den nya s\u00e4songen inneb\u00e4r om du g\u00e5r till Rosenborgs Slott eller kanske heter det Rosenborgs Have den 20 augusti. Programmet b\u00f6rjar klockan 18:00, men kom i god tid och se till att packa med en matkorg med n\u00e5got passande.<\/p>\n","protected":false},"excerpt":{"rendered":"<p>S\u00e4songsprogrammet har kokats ihop av avg\u00e5ende och tilltr\u00e4dande operachefen Kasper Holten respektive Keith Warner och musikchefen Michael Sch\u00f6nwandt. Det blir fem premi\u00e4rer och fyra nypremi\u00e4rer eller som danskarna kallar det repremierer. S\u00e4songen \u00f6ppnar den tionde september genom en galaf\u00f6rest\u00e4llning, med Peter Langdahls ber\u00f6mda upps\u00e4ttning av Giacomo Puccini\u00b4s \u201dTosca\u201d. Vi h\u00f6r John Lundgren som Scarpia och [&hellip;]<\/p>\n","protected":false},"author":13,"featured_media":0,"comment_status":"open","ping_status":"open","sticky":false,"template":"","format":"standard","meta":{"_genesis_hide_title":false,"_genesis_hide_breadcrumbs":false,"_genesis_hide_singular_image":false,"_genesis_hide_footer_widgets":false,"_genesis_custom_body_class":"","_genesis_custom_post_class":"","_genesis_layout":"","footnotes":""},"categories":[20],"tags":[3187,5592],"class_list":{"0":"post-33370","1":"post","2":"type-post","3":"status-publish","4":"format-standard","6":"category-film","7":"tag-kopenhamn","8":"tag-sasongsprogrammet-2011-12-den-kongelige-opera","9":"entry"},"_links":{"self":[{"href":"https:\/\/kulturbloggen.com\/index.php?rest_route=\/wp\/v2\/posts\/33370","targetHints":{"allow":["GET"]}}],"collection":[{"href":"https:\/\/kulturbloggen.com\/index.php?rest_route=\/wp\/v2\/posts"}],"about":[{"href":"https:\/\/kulturbloggen.com\/index.php?rest_route=\/wp\/v2\/types\/post"}],"author":[{"embeddable":true,"href":"https:\/\/kulturbloggen.com\/index.php?rest_route=\/wp\/v2\/users\/13"}],"replies":[{"embeddable":true,"href":"https:\/\/kulturbloggen.com\/index.php?rest_route=%2Fwp%2Fv2%2Fcomments&post=33370"}],"version-history":[{"count":0,"href":"https:\/\/kulturbloggen.com\/index.php?rest_route=\/wp\/v2\/posts\/33370\/revisions"}],"wp:attachment":[{"href":"https:\/\/kulturbloggen.com\/index.php?rest_route=%2Fwp%2Fv2%2Fmedia&parent=33370"}],"wp:term":[{"taxonomy":"category","embeddable":true,"href":"https:\/\/kulturbloggen.com\/index.php?rest_route=%2Fwp%2Fv2%2Fcategories&post=33370"},{"taxonomy":"post_tag","embeddable":true,"href":"https:\/\/kulturbloggen.com\/index.php?rest_route=%2Fwp%2Fv2%2Ftags&post=33370"}],"curies":[{"name":"wp","href":"https:\/\/api.w.org\/{rel}","templated":true}]}}