{"id":33240,"date":"2011-04-02T07:28:57","date_gmt":"2011-04-02T06:28:57","guid":{"rendered":"http:\/\/kulturbloggen.com\/?p=33240"},"modified":"2011-04-02T07:28:57","modified_gmt":"2011-04-02T06:28:57","slug":"april-april-riktiga-south-park-ett-aprilskamt-tack-och-lov","status":"publish","type":"post","link":"https:\/\/kulturbloggen.com\/?p=33240","title":{"rendered":"April, april &#8211; riktiga South Park ett aprilsk\u00e4mt, tack och lov"},"content":{"rendered":"<p><a href=\"http:\/\/kulturbloggen.com\/wp-content\/uploads\/2011\/04\/comedycentral.gif\"><img loading=\"lazy\" decoding=\"async\" src=\"http:\/\/kulturbloggen.com\/wp-content\/uploads\/2011\/04\/comedycentral.gif\" alt=\"\" title=\"comedycentral\" width=\"116\" height=\"130\" class=\"aligncenter size-full wp-image-33241\" \/><\/a><br \/>\nDet \u00e4r ingen s\u00e4song med South Park med riktiga sk\u00e5despelare p\u00e5 g\u00e5ng. Comedy Central som ligger bakom South Park skickade ut en trailer inf\u00f6r den s\u00e5 kallade <a href=\"http:\/\/kulturbloggen.com\/?p=33218\">Real South Park<\/a>.<br \/>\nMed tanke p\u00e5 hur usel den trailern \u00e4r, \u00e4r nog alla South Park-fans glada \u00f6ver att det bara \u00e4r ett april-sk\u00e4mt.<\/p>\n<p>Pressmeddelande:<br \/>\nIg\u00e5r fredagen den 1 april gick TV-kanalen Comedy Central ut med ett pressmeddelande d\u00e4r det p\u00e5stods att South Park skulle s\u00e4ndas som en icke-animerad serie. Kanalen tillk\u00e4nnager idag att den nya South Park-satsningen var ett aprilsk\u00e4mt. Ist\u00e4llet blir kanalen f\u00f6rst i Sverige med att visa den nya, animerade s\u00e4song 15. <\/p>\n<p>South Park kommer inte att bli en levande serie, vilket Sveriges South Park-fans nog gl\u00e4djer sig \u00e5t. D\u00e4remot kommer svenska Comedy Central att som f\u00f6rsta svenska TV-kanalen b\u00f6rja s\u00e4nda den helt nya s\u00e4song 15 av den animerade serien. Den 15 maj kl. 20.00 har det f\u00f6rsta avsnittet premi\u00e4r.<\/p>\n<p>&#8211; South Park ing\u00e5r i Comedy Centrals DNA v\u00e4rlden \u00f6ver, d\u00e5 serien alltid g\u00e5tt p\u00e5 kanalen sedan det f\u00f6rsta avsnittet s\u00e4ndes 1997. D\u00e4rf\u00f6r \u00e4r det en sj\u00e4lvklarhet att Comedy Central i Sverige ska vara f\u00f6rst med att s\u00e4nda detta, s\u00e4ger Peter von Satzger, kanalchef p\u00e5 Comedy Central.<\/p>\n<p>L\u00e4s \u00e4ven andra bloggares \u00e5sikter om <a href=\"http:\/\/bloggar.se\/om\/South+Park\" rel=\"tag\">South Park<\/a>, <a href=\"http:\/\/bloggar.se\/om\/aprilsk%E4mt\" rel=\"tag\">aprilsk\u00e4mt<\/a>, <a href=\"http:\/\/bloggar.se\/om\/Comedy+Central\" rel=\"tag\">Comedy Central<\/a><\/p>\n","protected":false},"excerpt":{"rendered":"<p>Det \u00e4r ingen s\u00e4song med South Park med riktiga sk\u00e5despelare p\u00e5 g\u00e5ng. Comedy Central som ligger bakom South Park skickade ut en trailer inf\u00f6r den s\u00e5 kallade Real South Park. Med tanke p\u00e5 hur usel den trailern \u00e4r, \u00e4r nog alla South Park-fans glada \u00f6ver att det bara \u00e4r ett april-sk\u00e4mt. Pressmeddelande: Ig\u00e5r fredagen den [&hellip;]<\/p>\n","protected":false},"author":13,"featured_media":0,"comment_status":"open","ping_status":"open","sticky":false,"template":"","format":"standard","meta":{"_genesis_hide_title":false,"_genesis_hide_breadcrumbs":false,"_genesis_hide_singular_image":false,"_genesis_hide_footer_widgets":false,"_genesis_custom_body_class":"","_genesis_custom_post_class":"","_genesis_layout":"","footnotes":""},"categories":[20],"tags":[366,1036,5290],"class_list":{"0":"post-33240","1":"post","2":"type-post","3":"status-publish","4":"format-standard","6":"category-film","7":"tag-aprilskamt","8":"tag-comedy-central","9":"tag-south-park","10":"entry"},"_links":{"self":[{"href":"https:\/\/kulturbloggen.com\/index.php?rest_route=\/wp\/v2\/posts\/33240","targetHints":{"allow":["GET"]}}],"collection":[{"href":"https:\/\/kulturbloggen.com\/index.php?rest_route=\/wp\/v2\/posts"}],"about":[{"href":"https:\/\/kulturbloggen.com\/index.php?rest_route=\/wp\/v2\/types\/post"}],"author":[{"embeddable":true,"href":"https:\/\/kulturbloggen.com\/index.php?rest_route=\/wp\/v2\/users\/13"}],"replies":[{"embeddable":true,"href":"https:\/\/kulturbloggen.com\/index.php?rest_route=%2Fwp%2Fv2%2Fcomments&post=33240"}],"version-history":[{"count":0,"href":"https:\/\/kulturbloggen.com\/index.php?rest_route=\/wp\/v2\/posts\/33240\/revisions"}],"wp:attachment":[{"href":"https:\/\/kulturbloggen.com\/index.php?rest_route=%2Fwp%2Fv2%2Fmedia&parent=33240"}],"wp:term":[{"taxonomy":"category","embeddable":true,"href":"https:\/\/kulturbloggen.com\/index.php?rest_route=%2Fwp%2Fv2%2Fcategories&post=33240"},{"taxonomy":"post_tag","embeddable":true,"href":"https:\/\/kulturbloggen.com\/index.php?rest_route=%2Fwp%2Fv2%2Ftags&post=33240"}],"curies":[{"name":"wp","href":"https:\/\/api.w.org\/{rel}","templated":true}]}}