{"id":33159,"date":"2011-03-30T19:15:28","date_gmt":"2011-03-30T18:15:28","guid":{"rendered":"http:\/\/kulturbloggen.com\/?p=33159"},"modified":"2011-03-30T19:15:28","modified_gmt":"2011-03-30T18:15:28","slug":"le-carre-tackar-nej-booker-nominering-tavlar-inte-i-litteratur","status":"publish","type":"post","link":"https:\/\/kulturbloggen.com\/?p=33159","title":{"rendered":"Le Carr\u00e9 tackar nej till Booker-nominering, t\u00e4vlar inte i litteratur"},"content":{"rendered":"<p><a href=\"http:\/\/kulturbloggen.com\/wp-content\/uploads\/2011\/03\/Sk\u00e4rmavbild-2011-03-30-kl.-20.11.55.png\"><img loading=\"lazy\" decoding=\"async\" src=\"http:\/\/kulturbloggen.com\/wp-content\/uploads\/2011\/03\/Sk\u00e4rmavbild-2011-03-30-kl.-20.11.55-300x187.png\" alt=\"\" title=\"Sk\u00e4rmavbild 2011-03-30 kl. 20.11.55\" width=\"300\" height=\"187\" class=\"aligncenter size-medium wp-image-33161\" \/><\/a><br \/>\nDet \u00e4r starkt, fast i och f\u00f6r sig s\u00e5 har han v\u00e4l s\u00e5 han klarar sig och beh\u00f6ver inte mer exponering.<\/p>\n<p><a href=\"http:\/\/www.dn.se\/dnbok\/dnbok-hem\/le-carre-avstar-booker-nominering\">Dagens Nyheter ber\u00e4ttar<\/a>:<br \/>\n<em>Brittiska f\u00f6rfattaren John Le Carr\u00e9 har st\u00e4llt till bekymmer f\u00f6r juryn bakom det prestigefyllda Man Bookerpriset.<br \/>\n 45 minuter innan de 13 prisfinalisterna skulle bli offentliga p\u00e5 tisdagen meddelade Le Carr\u00e9 juryordf\u00f6randen Rick Gekoski att han inte vill vara med, skriver nyhetsbyr\u00e5n AFP.<\/em><\/p>\n<p>Hans argument:<br \/>\n\u2013 Jag \u00e4r smickrad men t\u00e4vlar inte i litteratur, sade Le Carr\u00e9.<\/p>\n<p>De som \u00e4r nominerade:<br \/>\n <em>Wang Anyi (Kina), Juan Goytisolo (Spanien), James Kelman (Storbritannien), John Le Carr\u00e9 (Storbritannien), Amin Maalouf (Libanon), David Malouf (Australien), Dacia Maraini (Italien), Rohinton Mistry (Indien\/Kanada), Philip Pullman (Storbritannien), Marilynne Robinson (USA), Philip Roth (USA), Su Tong (Kina), Anne Tyler (USA).<\/em><\/p>\n<p>Arrang\u00f6rerna hann inte f\u00e5 bort Le Carr\u00e9s namn i pressmeddelandet.<\/p>\n<p>Vem som blir \u00e5rets Bookerpristagare meddelas den 18 maj i Sydney.<\/p>\n<p><a href=\"http:\/\/sv.wikipedia.org\/wiki\/John_le_Carr\u00e9\">Fakta om John Le Carr\u00e9 fr\u00e5n wikipedia:<\/a><\/p>\n<blockquote><p>John le Carr\u00e9, pseudonym f\u00f6r David John Moore Cornwell, f\u00f6dd 19 oktober 1931 i Poole, Dorset, \u00e4r en brittisk f\u00f6rfattare av i huvudsak spionromaner om den brittiska underr\u00e4ttelsetj\u00e4nsten under det kalla kriget.<br \/>\nLe Carr\u00e9 studerade tyska i Bern och Oxford och undervisade d\u00e4refter i n\u00e5gra \u00e5r p\u00e5 Eton College. Han arbetade f\u00f6r den brittiska underr\u00e4ttelsetj\u00e4nsten i Bonn och Hamburg 1959-1964, vilket gav honom stoff av genuin karakt\u00e4r n\u00e4r han s\u00e5 sm\u00e5ningom best\u00e4mde sig f\u00f6r att b\u00f6rja skriva.<br \/>\nI en rad av John le Carr\u00e9s romaner figurerar George Smiley som huvudperson. Mest k\u00e4nd \u00e4r romanen Spionen som kom in fr\u00e5n kylan (1963). Flera av hans b\u00f6cker har filmatiserats.<\/p><\/blockquote>\n<p><a href=\"http:\/\/www.themanbookerprize.com\/\">H\u00e4r \u00e4r hemsidan f\u00f6r Booker-priset.<\/a><br \/>\n<a href=\"http:\/\/www.johnlecarre.com\/\">John Le Carr\u00e9s hemsida.<\/a><\/p>\n<p>L\u00e4s \u00e4ven andra bloggares \u00e5sikter om <a href=\"http:\/\/bloggar.se\/om\/Le+Carr%E9\" rel=\"tag\">Le Carr\u00e9<\/a>, <a href=\"http:\/\/bloggar.se\/om\/Booker-priset\" rel=\"tag\">Booker-priset<\/a>, <a href=\"http:\/\/bloggar.se\/om\/bokpris\" rel=\"tag\">bokpris<\/a>, <a href=\"http:\/\/bloggar.se\/om\/f%F6rfattare\" rel=\"tag\">f\u00f6rfattare<\/a>, <a href=\"http:\/\/bloggar.se\/om\/litteratur\" rel=\"tag\">litteratur<\/a>, <a href=\"http:\/\/bloggar.se\/om\/spionromaner\" rel=\"tag\">spionromaner<\/a><\/p>\n","protected":false},"excerpt":{"rendered":"<p>Det \u00e4r starkt, fast i och f\u00f6r sig s\u00e5 har han v\u00e4l s\u00e5 han klarar sig och beh\u00f6ver inte mer exponering. Dagens Nyheter ber\u00e4ttar: Brittiska f\u00f6rfattaren John Le Carr\u00e9 har st\u00e4llt till bekymmer f\u00f6r juryn bakom det prestigefyllda Man Bookerpriset. 45 minuter innan de 13 prisfinalisterna skulle bli offentliga p\u00e5 tisdagen meddelade Le Carr\u00e9 juryordf\u00f6randen [&hellip;]<\/p>\n","protected":false},"author":13,"featured_media":0,"comment_status":"open","ping_status":"open","sticky":false,"template":"","format":"standard","meta":{"_genesis_hide_title":false,"_genesis_hide_breadcrumbs":false,"_genesis_hide_singular_image":false,"_genesis_hide_footer_widgets":false,"_genesis_custom_body_class":"","_genesis_custom_post_class":"","_genesis_layout":"","footnotes":""},"categories":[3],"tags":[12280,786,806,1919,3238,5315],"class_list":{"0":"post-33159","1":"post","2":"type-post","3":"status-publish","4":"format-standard","6":"category-litteratur","7":"tag-litteratur","8":"tag-bokpris","9":"tag-booker-priset","10":"tag-forfattare","11":"tag-le-carre","12":"tag-spionromaner","13":"entry"},"_links":{"self":[{"href":"https:\/\/kulturbloggen.com\/index.php?rest_route=\/wp\/v2\/posts\/33159","targetHints":{"allow":["GET"]}}],"collection":[{"href":"https:\/\/kulturbloggen.com\/index.php?rest_route=\/wp\/v2\/posts"}],"about":[{"href":"https:\/\/kulturbloggen.com\/index.php?rest_route=\/wp\/v2\/types\/post"}],"author":[{"embeddable":true,"href":"https:\/\/kulturbloggen.com\/index.php?rest_route=\/wp\/v2\/users\/13"}],"replies":[{"embeddable":true,"href":"https:\/\/kulturbloggen.com\/index.php?rest_route=%2Fwp%2Fv2%2Fcomments&post=33159"}],"version-history":[{"count":0,"href":"https:\/\/kulturbloggen.com\/index.php?rest_route=\/wp\/v2\/posts\/33159\/revisions"}],"wp:attachment":[{"href":"https:\/\/kulturbloggen.com\/index.php?rest_route=%2Fwp%2Fv2%2Fmedia&parent=33159"}],"wp:term":[{"taxonomy":"category","embeddable":true,"href":"https:\/\/kulturbloggen.com\/index.php?rest_route=%2Fwp%2Fv2%2Fcategories&post=33159"},{"taxonomy":"post_tag","embeddable":true,"href":"https:\/\/kulturbloggen.com\/index.php?rest_route=%2Fwp%2Fv2%2Ftags&post=33159"}],"curies":[{"name":"wp","href":"https:\/\/api.w.org\/{rel}","templated":true}]}}