{"id":33148,"date":"2011-03-30T18:38:44","date_gmt":"2011-03-30T17:38:44","guid":{"rendered":"http:\/\/kulturbloggen.com\/?p=33148"},"modified":"2011-03-30T18:38:44","modified_gmt":"2011-03-30T17:38:44","slug":"fotbollens-sista-proletarer","status":"publish","type":"post","link":"https:\/\/kulturbloggen.com\/?p=33148","title":{"rendered":"Fotbollens sista prolet\u00e4rer"},"content":{"rendered":"<p style=\"text-align: center\"><a href=\"http:\/\/kulturbloggen.com\/wp-content\/uploads\/2011\/03\/Fotbollens-sist-prolet\u00e4rer.jpg\"><img loading=\"lazy\" decoding=\"async\" class=\"aligncenter size-medium wp-image-33150\" src=\"http:\/\/kulturbloggen.com\/wp-content\/uploads\/2011\/03\/Fotbollens-sist-prolet\u00e4rer-210x300.jpg\" alt=\"\" width=\"210\" height=\"300\" \/><\/a><\/p>\n<p>Fotbollens sista prolet\u00e4rer<\/p>\n<p>Betyg 4<\/p>\n<p>Premi\u00e4r 2\/4 2011<\/p>\n<p>Regi: Carl Pontus Hjorth\u00e9n och Martin J\u00f6nsson<\/p>\n<p>&nbsp;<\/p>\n<p style=\"text-align: center\">\u201dF\u00f6r mej \u00e4r fotboll kultur. Det \u00e4r den st\u00f6rsta teatern i v\u00e4rlden\u201d<\/p>\n<p style=\"text-align: center\">\u2013 Anders Bernmar<\/p>\n<p><strong>G\u00f6teborg tidigt 80-tal<\/strong>. P\u00e5 dagarna jobbade de som r\u00f6rmokare, kockar och fritidsledare. P\u00e5 eftermiddagarna sn\u00f6rade de p\u00e5 sig fotbollskorna, tog p\u00e5 sig benskydden och tr\u00e4nade och med IFK G\u00f6teborgs a-trupp. En a-trupp som mer \u00e4n v\u00e4l f\u00f6rst\u00e5tt vikten av samarbete. Under 80 minuter f\u00e5r vi h\u00e4r med hj\u00e4lp av gamla video- och radioklipp samt nya intervjuer, f\u00f6lja lagets mirakul\u00f6sa resa fr\u00e5n division 2 till Europam\u00e4stare. Man m\u00f6tte stora klubbar med mycket pengar och m\u00e5nga proffs d\u00e4r ingen beh\u00f6vde k\u00f6ra truck p\u00e5 f\u00f6rmiddag n\u00e4r man skulle m\u00f6ta FC Barcelona p\u00e5 kv\u00e4llen.<\/p>\n<p>&nbsp;<\/p>\n<p><strong>Det luktar socialdemokrati<\/strong> l\u00e5ng v\u00e4g. Redan n\u00e4r jag f\u00f6rsta g\u00e5ngen l\u00e4ste titeln kunde jag k\u00e4nna arbetarr\u00f6relsens hj\u00e4rta \u00e5ter sl\u00e5 ett slag. Filmen \u00e4r en dokument\u00e4r som p\u00e5 ett klassiskt och v\u00e4lv\u00e5rdat s\u00e4tt bygger upp en ber\u00e4ttelse som \u00e4r nog s\u00e5 fantastisk i sig sj\u00e4lv. De b\u00e5da regiss\u00f6rerna, Carl Pontus Hjorth\u00e9n och Martin J\u00f6nsson, har h\u00e4r skapat en film som p\u00e5 ett orov\u00e4ckande s\u00e4tt k\u00e4nns h\u00f6gst aktuellt i dagens samh\u00e4llsklimat. Detta g\u00f6rs med stor noggrannhet och ett stort hj\u00e4rta samt med en fingertoppsk\u00e4nsla f\u00f6r vad som \u00e4r relevant.<\/p>\n<p>P\u00e5 ett snyggt s\u00e4tt v\u00e4vs fotbollen samman med samh\u00e4llet och omv\u00e4rlden. De spelare som medverkar i filmen talar ofta i intervjuerna om sammanh\u00e5llning och vikten av att ingen ska k\u00e4nna sig utanf\u00f6r eller beh\u00f6va sk\u00e4mmas f\u00f6r de jobb de har. De glorifierar sina arbeten och jag njuter n\u00e4r de talar om solidaritet och j\u00e4mst\u00e4lldhet. P\u00e5 toppen av allt detta har man \u00e4ven med Olof Palme som talar om den svenska modellen och betydelsen av att inkludera alla. \u201dVi spelade v\u00e4nster fotboll\u201d konstaterar Ruben Svensson i en intervju.<\/p>\n<p>Musiken \u00e4r specialskriven av Ian Persson (Soundtrack of our Lives). Den k\u00e4nns r\u00e4tt i tiden n\u00e4r den p\u00e5 ett rytmiskt pumpande s\u00e4tt levereras tillsammans med fotbollsspelare som i sitt anletes svett jobbar mot alla odds mot ett gemensamt m\u00e5l.<\/p>\n<p>Jag kan starkt rekommendera filmen. Mitt fotbollsintresse \u00e4r ganska begr\u00e4nsat och jag \u00e4r inget IFK fan, men filmen v\u00e4rmer mig med sitt s\u00e4tt att ber\u00e4tta en redan fantastisk ber\u00e4ttelse. Att f\u00e5 en liten inblick i deras liv tillsammans ger mig en slags gl\u00e4dje. Kanske \u00e4r det v\u00e5ren. Kanske \u00e4r det solidariteten. En stark 4.<\/p>\n<p>Se<a href=\"http:\/\/www.youtube.com\/watch?v=hg-VDOW1I4A\"> Trailer<\/a>.<\/p>\n","protected":false},"excerpt":{"rendered":"<p>Fotbollens sista prolet\u00e4rer Betyg 4 Premi\u00e4r 2\/4 2011 Regi: Carl Pontus Hjorth\u00e9n och Martin J\u00f6nsson &nbsp; \u201dF\u00f6r mej \u00e4r fotboll kultur. Det \u00e4r den st\u00f6rsta teatern i v\u00e4rlden\u201d \u2013 Anders Bernmar G\u00f6teborg tidigt 80-tal. P\u00e5 dagarna jobbade de som r\u00f6rmokare, kockar och fritidsledare. P\u00e5 eftermiddagarna sn\u00f6rade de p\u00e5 sig fotbollskorna, tog p\u00e5 sig benskydden och [&hellip;]<\/p>\n","protected":false},"author":13,"featured_media":0,"comment_status":"open","ping_status":"open","sticky":false,"template":"","format":"standard","meta":{"_genesis_hide_title":false,"_genesis_hide_breadcrumbs":false,"_genesis_hide_singular_image":false,"_genesis_hide_footer_widgets":false,"_genesis_custom_body_class":"","_genesis_custom_post_class":"","_genesis_layout":"","footnotes":""},"categories":[51,16],"tags":[],"class_list":{"0":"post-33148","1":"post","2":"type-post","3":"status-publish","4":"format-standard","6":"category-filmer","7":"category-recension","8":"entry"},"_links":{"self":[{"href":"https:\/\/kulturbloggen.com\/index.php?rest_route=\/wp\/v2\/posts\/33148","targetHints":{"allow":["GET"]}}],"collection":[{"href":"https:\/\/kulturbloggen.com\/index.php?rest_route=\/wp\/v2\/posts"}],"about":[{"href":"https:\/\/kulturbloggen.com\/index.php?rest_route=\/wp\/v2\/types\/post"}],"author":[{"embeddable":true,"href":"https:\/\/kulturbloggen.com\/index.php?rest_route=\/wp\/v2\/users\/13"}],"replies":[{"embeddable":true,"href":"https:\/\/kulturbloggen.com\/index.php?rest_route=%2Fwp%2Fv2%2Fcomments&post=33148"}],"version-history":[{"count":0,"href":"https:\/\/kulturbloggen.com\/index.php?rest_route=\/wp\/v2\/posts\/33148\/revisions"}],"wp:attachment":[{"href":"https:\/\/kulturbloggen.com\/index.php?rest_route=%2Fwp%2Fv2%2Fmedia&parent=33148"}],"wp:term":[{"taxonomy":"category","embeddable":true,"href":"https:\/\/kulturbloggen.com\/index.php?rest_route=%2Fwp%2Fv2%2Fcategories&post=33148"},{"taxonomy":"post_tag","embeddable":true,"href":"https:\/\/kulturbloggen.com\/index.php?rest_route=%2Fwp%2Fv2%2Ftags&post=33148"}],"curies":[{"name":"wp","href":"https:\/\/api.w.org\/{rel}","templated":true}]}}