{"id":3313,"date":"2008-10-26T17:10:34","date_gmt":"2008-10-26T15:10:34","guid":{"rendered":"http:\/\/kulturbloggen.com\/?p=3313"},"modified":"2008-10-26T17:10:34","modified_gmt":"2008-10-26T15:10:34","slug":"borskraschen-nara-eller-dags-att-hoststada-ekonomin","status":"publish","type":"post","link":"https:\/\/kulturbloggen.com\/?p=3313","title":{"rendered":"B\u00f6rskraschen n\u00e4ra eller dags att h\u00f6stst\u00e4da ekonomin?"},"content":{"rendered":"<p><a href=\"http:\/\/sodergren.com\/kulturbloggen\/wp-content\/uploads\/2008\/10\/borskrasch125.jpg\"><img loading=\"lazy\" decoding=\"async\" src=\"http:\/\/sodergren.com\/kulturbloggen\/wp-content\/uploads\/2008\/10\/borskrasch125.jpg\" alt=\"\" title=\"borskrasch125\" width=\"125\" height=\"250\" class=\"alignright size-full wp-image-3315\" \/><\/a>Nu \u00e4r b\u00f6rskraschen n\u00e4ra, <a href=\"http:\/\/www.va.se\/vabors\/2008\/10\/24\/nu-ar-borskraschen-har\/\">skriker Veckans aff\u00e4rer ut.<\/a><\/p>\n<p>Jag vet inte vilket ben jag ska st\u00e5 p\u00e5. F\u00f6r den h\u00e4r katastrof-rapporteringen f\u00f6r ju med sig viss panik. Som <a href=\"http:\/\/www.svd.se\/naringsliv\/nyheter\/artikel_1946807.svd\">Svenska Dagbladet ber\u00e4ttar<\/a><\/p>\n<blockquote><p>I slutet av f\u00f6rra veckan gjordes rekordm\u00e5nga aff\u00e4rer hos n\u00e4taktiem\u00e4klarna. Enligt Avanzas Claes Hemberg skr\u00e4mmer sk\u00e4rrade analytiker sm\u00e5spararna till panikaff\u00e4rer.<\/p><\/blockquote>\n<p>F\u00f6r \u00e4nd\u00e5: livet rullar ju vidare. Finanskris &#8230; Ja, men \u00e4nd\u00e5: samh\u00e4llet st\u00e5r inte stilla.<\/p>\n<p>Jag m\u00e5ste s\u00e4ga att jag gillar den h\u00e4r inst\u00e4llningen b\u00e4ttre: <a href=\"http:\/\/www.aftonbladet.se\/ekonomi\/finanskrisen\/article3626257.ab\">H\u00f6stst\u00e4da i din ekonomi.<\/a><\/p>\n<p>Inte f\u00f6r att kv\u00e4llstidningar brukar avh\u00e5lla sig fr\u00e5n katastrofrapportering. S\u00e5 den h\u00e4r artikeln kanske var undantaget som bekr\u00e4ftar regeln. Men: ett bra s\u00e4tt att f\u00f6rh\u00e5lla sig gentemot kriser. Om det \u00e4r en kris eller inte, beror ibland p\u00e5 hur man v\u00e4ljar att tackla problemet. Typ.<\/p>\n<p>Andra som bloggar om detta:<\/p>\n<p><a href=\"http:\/\/www.fleischer.se\/blogg\/2008\/10\/26\/sjatte-lektionen-i-retorik-sprak-som-starker-logos\/\">I huvudet p\u00e5 H\u00e5kan Fleischer<\/a>, <a href=\"http:\/\/rodamalmo.blogspot.com\/2008\/10\/vi-har-bara-sett-brjan-p-elndet.html\">R\u00f6da Malm\u00f6<\/a>, <a href=\"http:\/\/gullillas.blogg.se\/2008\/october\/basta-sattet.html\">Gunillas vardag<\/a> och <a href=\"http:\/\/aktieskolan.biz\/?p=366\">Aktieskolan<\/a>.<\/p>\n<p>Andra bloggar om: <a href=\"http:\/\/bloggar.se\/om\/finanskris\" rel=\"tag\">finanskris<\/a>, <a href=\"http:\/\/bloggar.se\/om\/medier\" rel=\"tag\">medier<\/a>, <a href=\"http:\/\/bloggar.se\/om\/Aftonbladet\" rel=\"tag\">Aftonbladet<\/a>, <a href=\"http:\/\/bloggar.se\/om\/Veckans+aff%E4rer\" rel=\"tag\">Veckans aff\u00e4rer<\/a><\/p>\n","protected":false},"excerpt":{"rendered":"<p>Nu \u00e4r b\u00f6rskraschen n\u00e4ra, skriker Veckans aff\u00e4rer ut. Jag vet inte vilket ben jag ska st\u00e5 p\u00e5. F\u00f6r den h\u00e4r katastrof-rapporteringen f\u00f6r ju med sig viss panik. Som Svenska Dagbladet ber\u00e4ttar I slutet av f\u00f6rra veckan gjordes rekordm\u00e5nga aff\u00e4rer hos n\u00e4taktiem\u00e4klarna. Enligt Avanzas Claes Hemberg skr\u00e4mmer sk\u00e4rrade analytiker sm\u00e5spararna till panikaff\u00e4rer. F\u00f6r \u00e4nd\u00e5: livet rullar [&hellip;]<\/p>\n","protected":false},"author":2,"featured_media":0,"comment_status":"open","ping_status":"open","sticky":false,"template":"","format":"standard","meta":{"_genesis_hide_title":false,"_genesis_hide_breadcrumbs":false,"_genesis_hide_singular_image":false,"_genesis_hide_footer_widgets":false,"_genesis_custom_body_class":"","_genesis_custom_post_class":"","_genesis_layout":"","footnotes":""},"categories":[20],"tags":[1752,3582],"class_list":{"0":"post-3313","1":"post","2":"type-post","3":"status-publish","4":"format-standard","6":"category-film","7":"tag-finanskris","8":"tag-medier","9":"entry"},"_links":{"self":[{"href":"https:\/\/kulturbloggen.com\/index.php?rest_route=\/wp\/v2\/posts\/3313","targetHints":{"allow":["GET"]}}],"collection":[{"href":"https:\/\/kulturbloggen.com\/index.php?rest_route=\/wp\/v2\/posts"}],"about":[{"href":"https:\/\/kulturbloggen.com\/index.php?rest_route=\/wp\/v2\/types\/post"}],"author":[{"embeddable":true,"href":"https:\/\/kulturbloggen.com\/index.php?rest_route=\/wp\/v2\/users\/2"}],"replies":[{"embeddable":true,"href":"https:\/\/kulturbloggen.com\/index.php?rest_route=%2Fwp%2Fv2%2Fcomments&post=3313"}],"version-history":[{"count":0,"href":"https:\/\/kulturbloggen.com\/index.php?rest_route=\/wp\/v2\/posts\/3313\/revisions"}],"wp:attachment":[{"href":"https:\/\/kulturbloggen.com\/index.php?rest_route=%2Fwp%2Fv2%2Fmedia&parent=3313"}],"wp:term":[{"taxonomy":"category","embeddable":true,"href":"https:\/\/kulturbloggen.com\/index.php?rest_route=%2Fwp%2Fv2%2Fcategories&post=3313"},{"taxonomy":"post_tag","embeddable":true,"href":"https:\/\/kulturbloggen.com\/index.php?rest_route=%2Fwp%2Fv2%2Ftags&post=3313"}],"curies":[{"name":"wp","href":"https:\/\/api.w.org\/{rel}","templated":true}]}}