{"id":33073,"date":"2011-03-29T14:55:04","date_gmt":"2011-03-29T13:55:04","guid":{"rendered":"http:\/\/kulturbloggen.com\/?p=33073"},"modified":"2011-03-29T14:55:04","modified_gmt":"2011-03-29T13:55:04","slug":"manniskan-ar-inte-skapad-for-arbetslinjen-det-visar-lasse-bergs-skymningssang-i-kalahari","status":"publish","type":"post","link":"https:\/\/kulturbloggen.com\/?p=33073","title":{"rendered":"M\u00e4nniskan \u00e4r inte skapad f\u00f6r arbetslinjen, det visar Lasse Bergs Skymningss\u00e5ng i Kalahari"},"content":{"rendered":"<p><a href=\"http:\/\/kulturbloggen.com\/wp-content\/uploads\/2011\/03\/skymningssangikalahari.jpg\"><img loading=\"lazy\" decoding=\"async\" src=\"http:\/\/kulturbloggen.com\/wp-content\/uploads\/2011\/03\/skymningssangikalahari-200x300.jpg\" alt=\"\" title=\"skymningssang_front_final.indd\" width=\"200\" height=\"300\" class=\"aligncenter size-medium wp-image-33074\" \/><\/a><\/p>\n<p>Vi m\u00e4nniskor h\u00e4rstammar fr\u00e5n en m\u00e4nniskotyp som levde i m\u00e5nga hundratusental \u00e5r som samlare och j\u00e4gare. Dessa ursprungsm\u00e4nniskor levde i grupper om 20-30 personer och forskare verkar s\u00e4kra p\u00e5 att bland dessa m\u00e4nniskor f\u00f6rekom inte krig och de levde j\u00e4mst\u00e4llt och hade inga chefer eller h\u00f6vdingar. De var n\u00e4r m\u00e4nniskan blev bofast som hon b\u00f6rjade samla p\u00e5 sig \u00e4godelar som krigen kom. D\u00e5, n\u00e4r m\u00e4nniskorna blev bofasta kom hierarkierna och d\u00e5 blev m\u00e4nniskorna ocks\u00e5 kortare till v\u00e4xten. De fattigare grupperna fick belastningsskador.<\/p>\n<p>Den m\u00e4nniskotyp som vi h\u00e4rstammar fr\u00e5n levde allts\u00e5 utan att vara krigisk i hundratusentals \u00e5r. Vi \u00e4r allts\u00e5 inte sj\u00e4lviska, giriga och krigiska i v\u00e5r ursprungliga natur.<\/p>\n<p>Det \u00e4r verkligen fascinerande och inspirerande att l\u00e4sa Lasse Bergs b\u00f6cker.  Skymningsland i Kalahari handlar om hur det gick till n\u00e4r m\u00e4nskligheten blev bofast, vad som gjorde att vi p\u00e5 s\u00e4tt och vis f\u00f6rlorade det ursprungliga mer paradisiska livet. Under tiden innan vi blev bofasta jobbade vi mycket mindre timmar men fick ut mer, blev m\u00e4ttare p\u00e5 kortare tid. Vi \u00e4gnade ist\u00e4llet tiden \u00e5t att umg\u00e5s och att spela musik och prata med varandra.<\/p>\n<p>V\u00e5r kropp h\u00e4rstammar ju fr\u00e5n den m\u00e4nniskotypen och den \u00e4r l\u00e4mpad f\u00f6r att promenera i timmar, till exempel.<\/p>\n<p>F\u00f6rst under senare tid har vi b\u00f6rjat v\u00e4xa p\u00e5 l\u00e4ngden igen. De bofasta m\u00e4nniskorna blev kortare \u00e4n de friare kringstr\u00f6vande samlarna. <\/p>\n<p>Det finns mycket att l\u00e4ra av Lasse Bergs forskning. Ingen tror v\u00e4l att l\u00f6sningen \u00e4r att vi g\u00e5r tillbaka till samlar- och j\u00e4garstadiet. Vi kan dock l\u00e4ra oss av att veta hur de levde, det g\u00f6r att vi f\u00f6rst\u00e5r vad som r\u00f6r sig inne i oss. Det g\u00f6r att vi till exempel inser att m\u00e4nniskor inte \u00e4r skapade f\u00f6r att leva i hierkier. Vi m\u00e5r inte bra av klyftor. Samh\u00e4llen med herrar som best\u00e4mmer \u00f6ver andra blir krigiska. <\/p>\n<p>Ju mer vi kan bygga upp samh\u00e4llet med medborgare som har inflytande \u00f6ver sina liv, desto b\u00e4ttre samh\u00e4lle blir det.<br \/>\nVi m\u00e4nniskor m\u00e5r inte bra av att ha chefer \u00f6ver oss. Vi m\u00e5r d\u00e4remot bra av att n\u00e4tverka i grupper d\u00e4r vi har lika v\u00e4rde.<\/p>\n<p>F\u00f6r mig inneb\u00e4r det rent konkret att jag tror p\u00e5 samh\u00e4llsstrukturer som st\u00f6der att s\u00e5 m\u00e5nga som m\u00f6jligt kan ha egna f\u00f6retag och att vi ocks\u00e5 jobbar f\u00f6r att m\u00e4nniskor ska ha inflytande p\u00e5 sina arbetsplatser. D\u00e5 bygger vi en b\u00e4ttre v\u00e4rld.<\/p>\n<p>S\u00e4llan har jag haft s\u00e5 roligt n\u00e4r jag l\u00e4ste en faktabok och s\u00e5 m\u00e5nga aha-upplevelser. Vi m\u00e4nniskor \u00e4r inte skapade f\u00f6r att jobba nio-fem p\u00e5 arbetsplatser med chefer som styr v\u00e5r tillvaro. Det \u00e4r naturligt att vara obstinat och ogilla att bli styrd.<\/p>\n<p><a href=\"http:\/\/www.moderat.se\/web\/Med_arbetslinjen_i_fokus_lyckas_integrationen_1.aspx\">Arbetslinjen<\/a>, som den predikas av styrande politiker, \u00e4r inte nyttig f\u00f6r m\u00e4nskligheten. Visst vi m\u00e5ste jobba f\u00f6r att utveckla v\u00e4rlden, samh\u00e4llet och oss. Men inte p\u00e5 det s\u00e4ttet som sker i samh\u00e4llet idag, d\u00e4r en liten grupp styr \u00f6ver resten, d\u00e4r vi jobbar alldeles f\u00f6r m\u00e5nga timmar f\u00f6r att det ska vara nyttigt. Samh\u00e4llet idag, d\u00e4r en liten grupp roffar \u00e5t sig m\u00e5nga miljoner h\u00f6gre l\u00f6ner \u00e4n andra m\u00e4nniskor \u00e4r helt fel f\u00f6r m\u00e4nskligheten. Det \u00e4r vad som skapar krigen och frustration bland m\u00e4nniskor. Oj\u00e4mlikhet \u00e4r onaturligt.<\/p>\n<p>Fler recensioner:<br \/>\n<a href=\"http:\/\/www.gp.se\/kulturnoje\/litteratur\/1.570353-lasse-berg-skymningssang-i-kalahari\">G\u00f6teborgsposten<\/a>, <a href=\"http:\/\/www.dn.se\/dnbok\/bokrecensioner\/lasse-berg-skymningssang-i-kalahari-hur-manniskan-bytte-tillvaro\">Dagens Nyheter<\/a> och <a href=\"http:\/\/www.svd.se\/kultur\/litteratur\/bergs-genvag-leder-vilse_5992793.svd\">Svenska Dagbladet.<\/a> <\/p>\n<p>L\u00e4s \u00e4ven andra bloggares \u00e5sikter om <a href=\"http:\/\/bloggar.se\/om\/Lasse+Berg\" rel=\"tag\">Lasse Berg<\/a>, <a href=\"http:\/\/bloggar.se\/om\/samh%E4lle\" rel=\"tag\">samh\u00e4lle<\/a>, <a href=\"http:\/\/bloggar.se\/om\/b%F6cker\" rel=\"tag\">b\u00f6cker<\/a>, <a href=\"http:\/\/bloggar.se\/om\/Kalahari\" rel=\"tag\">Kalahari<\/a>, <a href=\"http:\/\/bloggar.se\/om\/forskning\" rel=\"tag\">forskning<\/a><\/p>\n","protected":false},"excerpt":{"rendered":"<p>Vi m\u00e4nniskor h\u00e4rstammar fr\u00e5n en m\u00e4nniskotyp som levde i m\u00e5nga hundratusental \u00e5r som samlare och j\u00e4gare. Dessa ursprungsm\u00e4nniskor levde i grupper om 20-30 personer och forskare verkar s\u00e4kra p\u00e5 att bland dessa m\u00e4nniskor f\u00f6rekom inte krig och de levde j\u00e4mst\u00e4llt och hade inga chefer eller h\u00f6vdingar. De var n\u00e4r m\u00e4nniskan blev bofast som hon b\u00f6rjade [&hellip;]<\/p>\n","protected":false},"author":2,"featured_media":0,"comment_status":"open","ping_status":"open","sticky":false,"template":"","format":"standard","meta":{"_genesis_hide_title":false,"_genesis_hide_breadcrumbs":false,"_genesis_hide_singular_image":false,"_genesis_hide_footer_widgets":false,"_genesis_custom_body_class":"","_genesis_custom_post_class":"","_genesis_layout":"","footnotes":""},"categories":[44,3],"tags":[907,1827,2832,3228,4917],"class_list":{"0":"post-33073","1":"post","2":"type-post","3":"status-publish","4":"format-standard","6":"category-chadie","7":"category-litteratur","8":"tag-bocker","9":"tag-forskning","10":"tag-kalahari","11":"tag-lasse-berg","12":"tag-samhalle","13":"entry"},"_links":{"self":[{"href":"https:\/\/kulturbloggen.com\/index.php?rest_route=\/wp\/v2\/posts\/33073","targetHints":{"allow":["GET"]}}],"collection":[{"href":"https:\/\/kulturbloggen.com\/index.php?rest_route=\/wp\/v2\/posts"}],"about":[{"href":"https:\/\/kulturbloggen.com\/index.php?rest_route=\/wp\/v2\/types\/post"}],"author":[{"embeddable":true,"href":"https:\/\/kulturbloggen.com\/index.php?rest_route=\/wp\/v2\/users\/2"}],"replies":[{"embeddable":true,"href":"https:\/\/kulturbloggen.com\/index.php?rest_route=%2Fwp%2Fv2%2Fcomments&post=33073"}],"version-history":[{"count":0,"href":"https:\/\/kulturbloggen.com\/index.php?rest_route=\/wp\/v2\/posts\/33073\/revisions"}],"wp:attachment":[{"href":"https:\/\/kulturbloggen.com\/index.php?rest_route=%2Fwp%2Fv2%2Fmedia&parent=33073"}],"wp:term":[{"taxonomy":"category","embeddable":true,"href":"https:\/\/kulturbloggen.com\/index.php?rest_route=%2Fwp%2Fv2%2Fcategories&post=33073"},{"taxonomy":"post_tag","embeddable":true,"href":"https:\/\/kulturbloggen.com\/index.php?rest_route=%2Fwp%2Fv2%2Ftags&post=33073"}],"curies":[{"name":"wp","href":"https:\/\/api.w.org\/{rel}","templated":true}]}}