{"id":33022,"date":"2011-03-28T18:18:04","date_gmt":"2011-03-28T17:18:04","guid":{"rendered":"http:\/\/kulturbloggen.com\/?p=33022"},"modified":"2011-03-28T18:18:04","modified_gmt":"2011-03-28T17:18:04","slug":"inte-lika-hapen-men-fortfarande-hemlighetsfull-kulturbloggen-moter-anna-jarvinen","status":"publish","type":"post","link":"https:\/\/kulturbloggen.com\/?p=33022","title":{"rendered":"Inte lika h\u00e4pen men fortfarande hemlighetsfull &#8211; Kulturbloggen m\u00f6ter Anna J\u00e4rvinen"},"content":{"rendered":"<p><a href=\"http:\/\/kulturbloggen.com\/wp-content\/uploads\/2011\/03\/annajrvinen.jpg\"><img loading=\"lazy\" decoding=\"async\" src=\"http:\/\/kulturbloggen.com\/wp-content\/uploads\/2011\/03\/annajrvinen-300x196.jpg\" alt=\"\" title=\"annajrvinen\" width=\"300\" height=\"196\" class=\"aligncenter size-medium wp-image-33299\" \/><\/a><\/p>\n<p>Anna J\u00e4rvinens tredje soloalbum <em>Anna Sj\u00e4lv Tredje<\/em> sl\u00e4pps den 30:e mars (l\u00e4s v\u00e5r recension av skivan <a href=\"http:\/\/kulturbloggen.com\/?p=32751\">h\u00e4r<\/a>). Kulturbloggen har tr\u00e4ffat den albumaktuella s\u00e5ngerskan.<\/p>\n<p>\u201dOm <em>Jag fick feeling<\/em> var ett h\u00e4pet lyssnande och konstaterande av att jag faktiskt gjorde det s\u00e5 k\u00e4nns det som att jag har landat p\u00e5 nya skivan.\u201d<\/p>\n<p>N\u00e4r arbetet med <em>Anna Sj\u00e4lv Tredje<\/em> p\u00e5b\u00f6rjades lyssnade Anna J\u00e4rvinen mycket p\u00e5 Monica Zetterlund och ambitionen var att skivan skulle ha ett akustiskt jazzsound.<\/p>\n<p>\u201dMen det fungerar inte riktigt f\u00f6r mig att l\u00e5ta hj\u00e4rnan styra. Jag k\u00e4nde n\u00e5gra fantastiska musiker som jag ville arbeta med. Vi repade n\u00e5gra m\u00e5nader men det fl\u00f6g aldrig riktigt, s\u00e5 jag blev tvungen att kassera den id\u00e9n.\u201d<\/p>\n<p>Hon b\u00f6rjade skriva material till den nya skivan redan under f\u00f6rra turn\u00e9n men det allra mesta skrevs  under v\u00e5ren och f\u00f6rsommaren 2010. I maj gick hon in i studion och b\u00f6rjade inspelningen av skivan som blev klar i januari 2011.<\/p>\n<p>\u201dVanligtvis n\u00e4r jag skriver en l\u00e5t sitter jag f\u00f6r mig sj\u00e4lv i mitt sovrum med min gitarr och letar efter ljud. Eftersom jag bara kan de vanligaste ackorden s\u00e5 brukar jag hitta p\u00e5 egna. N\u00e4r jag hittat ett f\u00f6rsta ackord som k\u00e4nns r\u00e4tt kommer resten av sig sj\u00e4lv.\u201d<\/p>\n<p><strong>Har du utvecklats som musiker sedan du inledde din solokarri\u00e4r?<\/strong><\/p>\n<p>\u201dDet beror p\u00e5 vad man kallar f\u00f6r musiker. Numera ser jag r\u00f6sten som mitt fr\u00e4msta instrument och sedan jag b\u00f6rjade min solokarri\u00e4r har det h\u00e4nt n\u00e5got med mitt s\u00e4tt att sjunga. Det var n\u00e4r jag b\u00f6rjade med min solokarri\u00e4r som jag v\u00e5gade sl\u00e4ppa taget och bara l\u00e5ta det ske \u2013 och i det tillst\u00e5ndet har jag fortsatt. Fast nu \u00e4r jag sugen p\u00e5 g\u00e5 tillbaka till n\u00e5gon teoretisering f\u00f6r att utveckla r\u00f6sten, s\u00e5 jag kontaktade en s\u00e5ngpedagog f\u00f6rra veckan.&#8221;<\/p>\n<p><a href=\"http:\/\/kulturbloggen.com\/wp-content\/uploads\/2011\/03\/jrvinen1.jpg\"><img loading=\"lazy\" decoding=\"async\" src=\"http:\/\/kulturbloggen.com\/wp-content\/uploads\/2011\/03\/jrvinen1.jpg\" alt=\"\" title=\"jrvinen1\" width=\"150\" height=\"150\" class=\"aligncenter size-full wp-image-33023\" \/><\/a><\/p>\n<p>Till v\u00e5ren drar Anna J\u00e4rvinen ut p\u00e5 en turn\u00e9 d\u00e4r hon bland annat spelar p\u00e5 Fasching i Stockholm den 23:e april.<\/p>\n<p><strong>\u00c4r det skillnad p\u00e5 att spela live och att spela in i studio?<\/strong><\/p>\n<p>\u201dP\u00e5 s\u00e4tt och vis \u00e4r det ingen skillnad f\u00f6r det mesta spelas in live i studion. Det \u00e4r samma nerver och samma behov av n\u00e4rvaro men nu var det ett tag sedan jag spelade live s\u00e5 jag \u00e4r lite nerv\u00f6s. I slutet av f\u00f6rra turn\u00e9n uppstod det n\u00e5got organiskt mellan mig och publiken som jag inte hade upplevt tidigare.\u201d<\/p>\n<p>H\u00e4r kan du se henne framf\u00f6ra <em>Lilla Anna<\/em> och <em>Mer \u00e4n v\u00e4l<\/em> p\u00e5 Nyhetsmorgon:<\/p>\n<p><object type=\"Application\/X-shockwave-flash\" width=\"480\" height=\"270\" data=\"http:\/\/embed.tv4play.se\/tv4play\/v0\/tv4video.swf?vid=1513245\" id=\"tv4play_1513245\"><param name=\"movie\" value=\"http:\/\/embed.tv4play.se\/tv4play\/v0\/tv4video.swf?vid=1513245\"><\/param><param name=\"allowfullscreen\" value=\"true\"><\/param><param name=\"allowScriptAccess\" value=\"always\"><\/param><param name=\"base\" value=\"http:\/\/embed.tv4play.se\/tv4play\/v0\/\"><\/param><a href=\"http:\/\/www.tv4play.se\/nyheter_och_debatt\/nyhetsmorgon?title=anna_jarvinen_-_lilla_anna&#038;videoid=1513245&#038;utm_medium=sharing&#038;utm_source=embed&#038;utm_name=tv4play.se\" target=\"_blank\"><img decoding=\"async\" src=\"http:\/\/cdn01.tv4.se\/polopoly_fs\/1.2071139!picture\/2878288834.jpg_gen\/derivatives\/w180\/2878288834.jpg\" alt=\"Anna%20J%C3%A4rvinen%20-%20Lilla%20Anna\" border=\"0\" \/><\/a><\/object><\/p>\n<p><object type=\"Application\/X-shockwave-flash\" width=\"480\" height=\"270\" data=\"http:\/\/embed.tv4play.se\/tv4play\/v0\/tv4video.swf?vid=1513275\" id=\"tv4play_1513275\"><param name=\"movie\" value=\"http:\/\/embed.tv4play.se\/tv4play\/v0\/tv4video.swf?vid=1513275\"><\/param><param name=\"allowfullscreen\" value=\"true\"><\/param><param name=\"allowScriptAccess\" value=\"always\"><\/param><param name=\"base\" value=\"http:\/\/embed.tv4play.se\/tv4play\/v0\/\"><\/param><a href=\"http:\/\/www.tv4play.se\/nyheter_och_debatt\/nyhetsmorgon?title=anna_jarvinen_-_mer_an_val&#038;videoid=1513275&#038;utm_medium=sharing&#038;utm_source=embed&#038;utm_name=tv4play.se\" target=\"_blank\"><img decoding=\"async\" src=\"http:\/\/cdn01.tv4.se\/polopoly_fs\/1.2071145!picture\/3195300962.jpg_gen\/derivatives\/w180\/3195300962.jpg\" alt=\"Anna%20J%C3%A4rvinen%20-%20Mer%20%C3%A4n%20v%C3%A4l\" border=\"0\" \/><\/a><\/object><\/p>\n","protected":false},"excerpt":{"rendered":"<p>Anna J\u00e4rvinens tredje soloalbum Anna Sj\u00e4lv Tredje sl\u00e4pps den 30:e mars (l\u00e4s v\u00e5r recension av skivan h\u00e4r). Kulturbloggen har tr\u00e4ffat den albumaktuella s\u00e5ngerskan. \u201dOm Jag fick feeling var ett h\u00e4pet lyssnande och konstaterande av att jag faktiskt gjorde det s\u00e5 k\u00e4nns det som att jag har landat p\u00e5 nya skivan.\u201d N\u00e4r arbetet med Anna Sj\u00e4lv [&hellip;]<\/p>\n","protected":false},"author":3,"featured_media":0,"comment_status":"open","ping_status":"open","sticky":false,"template":"","format":"standard","meta":{"_genesis_hide_title":false,"_genesis_hide_breadcrumbs":false,"_genesis_hide_singular_image":false,"_genesis_hide_footer_widgets":false,"_genesis_custom_body_class":"","_genesis_custom_post_class":"","_genesis_layout":"","footnotes":""},"categories":[5,7],"tags":[307,313],"class_list":{"0":"post-33022","1":"post","2":"type-post","3":"status-publish","4":"format-standard","6":"category-intervju","7":"category-musik","8":"tag-anna-jarvinen","9":"tag-anna-sjalv-tredje","10":"entry"},"_links":{"self":[{"href":"https:\/\/kulturbloggen.com\/index.php?rest_route=\/wp\/v2\/posts\/33022","targetHints":{"allow":["GET"]}}],"collection":[{"href":"https:\/\/kulturbloggen.com\/index.php?rest_route=\/wp\/v2\/posts"}],"about":[{"href":"https:\/\/kulturbloggen.com\/index.php?rest_route=\/wp\/v2\/types\/post"}],"author":[{"embeddable":true,"href":"https:\/\/kulturbloggen.com\/index.php?rest_route=\/wp\/v2\/users\/3"}],"replies":[{"embeddable":true,"href":"https:\/\/kulturbloggen.com\/index.php?rest_route=%2Fwp%2Fv2%2Fcomments&post=33022"}],"version-history":[{"count":0,"href":"https:\/\/kulturbloggen.com\/index.php?rest_route=\/wp\/v2\/posts\/33022\/revisions"}],"wp:attachment":[{"href":"https:\/\/kulturbloggen.com\/index.php?rest_route=%2Fwp%2Fv2%2Fmedia&parent=33022"}],"wp:term":[{"taxonomy":"category","embeddable":true,"href":"https:\/\/kulturbloggen.com\/index.php?rest_route=%2Fwp%2Fv2%2Fcategories&post=33022"},{"taxonomy":"post_tag","embeddable":true,"href":"https:\/\/kulturbloggen.com\/index.php?rest_route=%2Fwp%2Fv2%2Ftags&post=33022"}],"curies":[{"name":"wp","href":"https:\/\/api.w.org\/{rel}","templated":true}]}}