{"id":32946,"date":"2011-03-28T08:46:04","date_gmt":"2011-03-28T07:46:04","guid":{"rendered":"http:\/\/kulturbloggen.com\/?p=32946"},"modified":"2011-03-28T08:46:04","modified_gmt":"2011-03-28T07:46:04","slug":"varldsteaterdagen-uppmarksammade-situationen-i-belarus","status":"publish","type":"post","link":"https:\/\/kulturbloggen.com\/?p=32946","title":{"rendered":"V\u00e4rldsteaterdagen uppm\u00e4rksammade situationen i Belarus"},"content":{"rendered":"<p><a href=\"http:\/\/kulturbloggen.com\/wp-content\/uploads\/2011\/03\/World-theatre-day.jpg\"><img loading=\"lazy\" decoding=\"async\" class=\"aligncenter size-medium wp-image-32947\" title=\"World theatre day\" src=\"http:\/\/kulturbloggen.com\/wp-content\/uploads\/2011\/03\/World-theatre-day-300x240.jpg\" alt=\"\" width=\"300\" height=\"240\" \/><\/a><\/p>\n<p>Den 27 mars firades v\u00e4rldsteaterdagen runt om i v\u00e4rlden, i Stockholm p\u00e5 S\u00f6dra Teatern anordnat av The International Theatre Institute, ITI, och Riksteatern. V\u00e4rldsteaterdagen vill visa p\u00e5 kombinationen av det unika i teaterkonsten och dess universella roll.<\/p>\n<p>\u201dHar ni n\u00e5gonsin t\u00e4nkt p\u00e5 att teatern kan vara ett m\u00e4ktigt redskap f\u00f6r fred och f\u00f6rsoning?\u201d skriver  Jessica A Kaahwa, Uganda, i <a href=\"http:\/\/austinlivetheatre.com\/index.php?option=com_content&amp;view=article&amp;id=1936:world-theatre-day-2011-message-by-jessica&amp;catid=57:other-publications&amp;Itemid=138\" target=\"_blank\">v\u00e4rldsteaterns budskap<\/a> f\u00f6r 2011.  Hon framh\u00e5ller teaterns roll som ett universellt redskap f\u00f6r dialog, social f\u00f6r\u00e4ndring och f\u00f6rb\u00e4ttring.<\/p>\n<p>P\u00e5 S\u00f6dra Teatern uppm\u00e4rksammades i \u00e5r speciellt situationen i diktaturens Vitryssland, Belarus. Vi fick en inblick i hur den fria teatern kan verka mot f\u00f6rtryck och samtidigt av att det d\u00e4r kan handla om liv och d\u00f6d att uttrycka sin \u00e5sikt.<\/p>\n<p>Den vitryska teatergruppen Belarus Free Theatres medlemmar har yrkesf\u00f6rbud och lever under ett st\u00e4ndigt hot att arresteras i Vitryssland. Pj\u00e4sen Discover Love av Nikolai Khalezin och Natalia Koliada i Belarus Free Theatre, som l\u00e4stes av Ulla Svedin och Samuel Fr\u00f6ler, gav en personlig inblick i den vitryska verkligheten. L\u00e4s mer i <a href=\"http:\/\/teatermagasinet.se\/?p=1239\" target=\"_blank\">Teatermagasinet<\/a>.<\/p>\n<p>Civil Rights Defenders framh\u00e5ller att medierna i Sverige och andra l\u00e4nder visserligen bevakade oroligheterna i samband med det vitryska presidentvalet, men nu har trappat med sin bevakningen. \u00c4nd\u00e5 \u00e4r situationen fortfarande densamma. Flera av Lukasjenkos motst\u00e5ndare fr\u00e5n valet sitter h\u00e4ktade och riskerar upp till 15 \u00e5rs f\u00e4ngelse f\u00f6r att ha deltagit i en demonstration. \u00c5siktsmotst\u00e5ndare f\u00f6rsvinner regelbundet under mystiska omst\u00e4ndigheter.<\/p>\n<p>Fr\u00e5n svenska regeringens <a href=\"http:\/\/www.regeringen.se\/sb\/d\/5472\/a\/43783\" target=\"_blank\">hemsida<\/a>:<\/p>\n<blockquote><p>Situationen vad g\u00e4ller demokrati och m\u00e4nskliga  r\u00e4ttigheter har gradvis f\u00f6rs\u00e4mrats i Vitryssland. Det r\u00e5der stora  brister vad g\u00e4ller r\u00e4ttss\u00e4kerhet, f\u00f6renings-, press- och yttrandefrihet.  Den ideologiska styrningen av det vitryska samh\u00e4llet har sk\u00e4rpts p\u00e5  senare \u00e5r och all verksamhet som inte direkt \u00e4r under statlig kontroll  uppfattas som ett hot.<\/p>\n<p>Oberoende tidningar kommer ut i mycket sm\u00e5 upplagor  och de motarbetas med olika administrativa och finansiella p\u00e5lagor.  Etermedia \u00e4r helt under statlig kontroll och oberoende information n\u00e5r  endast ut till en mindre del av befolkningen. \u00c4ven Internet, som  hittills givit m\u00f6jlighet f\u00f6r vitryska medborgare att f\u00e5 tillg\u00e5ng till  oberoende information, \u00e4r f\u00f6rem\u00e5l f\u00f6r sk\u00e4rpt kontroll.<\/p><\/blockquote>\n<p>L\u00e4s \u00e4ven andra bloggares \u00e5sikter om <a rel=\"tag\" href=\"http:\/\/bloggar.se\/om\/V%E4rldsteaterdagen\">V\u00e4rldsteaterdagen<\/a>, <a rel=\"tag\" href=\"http:\/\/bloggar.se\/om\/Vitryssland\">Vitryssland<\/a>, <a rel=\"tag\" href=\"http:\/\/bloggar.se\/om\/Belarus+Free+Theatre\">Belarus Free Theatre<\/a><\/p>\n","protected":false},"excerpt":{"rendered":"<p>Den 27 mars firades v\u00e4rldsteaterdagen runt om i v\u00e4rlden, i Stockholm p\u00e5 S\u00f6dra Teatern anordnat av The International Theatre Institute, ITI, och Riksteatern. V\u00e4rldsteaterdagen vill visa p\u00e5 kombinationen av det unika i teaterkonsten och dess universella roll. \u201dHar ni n\u00e5gonsin t\u00e4nkt p\u00e5 att teatern kan vara ett m\u00e4ktigt redskap f\u00f6r fred och f\u00f6rsoning?\u201d skriver Jessica [&hellip;]<\/p>\n","protected":false},"author":13,"featured_media":0,"comment_status":"open","ping_status":"open","sticky":false,"template":"","format":"standard","meta":{"_genesis_hide_title":false,"_genesis_hide_breadcrumbs":false,"_genesis_hide_singular_image":false,"_genesis_hide_footer_widgets":false,"_genesis_custom_body_class":"","_genesis_custom_post_class":"","_genesis_layout":"","footnotes":""},"categories":[20,30],"tags":[573,4756,6322],"class_list":{"0":"post-32946","1":"post","2":"type-post","3":"status-publish","4":"format-standard","6":"category-film","7":"category-teater","8":"tag-belarus-free-theatre","9":"tag-riksteatern","10":"tag-varldsteatertagen","11":"entry"},"_links":{"self":[{"href":"https:\/\/kulturbloggen.com\/index.php?rest_route=\/wp\/v2\/posts\/32946","targetHints":{"allow":["GET"]}}],"collection":[{"href":"https:\/\/kulturbloggen.com\/index.php?rest_route=\/wp\/v2\/posts"}],"about":[{"href":"https:\/\/kulturbloggen.com\/index.php?rest_route=\/wp\/v2\/types\/post"}],"author":[{"embeddable":true,"href":"https:\/\/kulturbloggen.com\/index.php?rest_route=\/wp\/v2\/users\/13"}],"replies":[{"embeddable":true,"href":"https:\/\/kulturbloggen.com\/index.php?rest_route=%2Fwp%2Fv2%2Fcomments&post=32946"}],"version-history":[{"count":0,"href":"https:\/\/kulturbloggen.com\/index.php?rest_route=\/wp\/v2\/posts\/32946\/revisions"}],"wp:attachment":[{"href":"https:\/\/kulturbloggen.com\/index.php?rest_route=%2Fwp%2Fv2%2Fmedia&parent=32946"}],"wp:term":[{"taxonomy":"category","embeddable":true,"href":"https:\/\/kulturbloggen.com\/index.php?rest_route=%2Fwp%2Fv2%2Fcategories&post=32946"},{"taxonomy":"post_tag","embeddable":true,"href":"https:\/\/kulturbloggen.com\/index.php?rest_route=%2Fwp%2Fv2%2Ftags&post=32946"}],"curies":[{"name":"wp","href":"https:\/\/api.w.org\/{rel}","templated":true}]}}