{"id":32832,"date":"2011-03-25T16:45:44","date_gmt":"2011-03-25T15:45:44","guid":{"rendered":"http:\/\/kulturbloggen.com\/?p=32832"},"modified":"2011-12-10T09:38:01","modified_gmt":"2011-12-10T08:38:01","slug":"juholt-vald-grattis-s-till-en-efterlangtad-nystart","status":"publish","type":"post","link":"https:\/\/kulturbloggen.com\/?p=32832","title":{"rendered":"Juholt vald &#8211; grattis S till en efterl\u00e4ngtad nystart"},"content":{"rendered":"<p>H\u00e5kan Juholt har nu valts till partiledare f\u00f6r <a href=\"http:\/\/www.socialdemokraterna.se\/\">Socialdemokraterna<\/a>. Det gick efter valberedningens f\u00f6rslag. Helt v\u00e4ntat f\u00f6rst\u00e5s.<\/p>\n<p>Det vibrerar av nystart kring den d\u00e4r extrakongressen. I alla fall genom tv-rutan. Den ena talaren efter den andra har talat och ber\u00e4ttat om l\u00e4get i landet. Om hur arbetsl\u00f6sheten \u00f6kat, klyftorna \u00f6kat &#8230;<br \/>\nTomas Rudin fr\u00e5n Stockholm talade om hur han dagligen s\u00e5g delar av Stockholm d\u00e4r arbetsl\u00f6sheten \u00f6kat under <a href=\"http:\/\/www.moderat.se\/web\/Fem_fragor_till_nya_S-ledarna.aspx\">h\u00f6gerregeringens tid<\/a>. Irene Wennemo fr\u00e5n LO ber\u00e4ttade hur statistiken visar att f\u00f6r m\u00e5nga som har arbete, i alla fall medelklassen, har det blivit mer i l\u00f6nekuvertet men samtidigt har antalet som st\u00e5r utanf\u00f6r arbetslivet \u00f6kat. Katastrofalt.<\/p>\n<p>Det sl\u00e5r mig att S nu verkar redo f\u00f6r att ta itu med de klassiska or\u00e4ttvisorna i samh\u00e4llet som \u00f6kat. Alla har inte frihet att f\u00f6rverkliga sig sj\u00e4lv och sina visioner och ambitioner. Det \u00e4r egentligen samma sak som S alltid st\u00e5tt f\u00f6r. \u00c4ven om en del av dess f\u00f6retr\u00e4dare farit vilse ibland s\u00e5 \u00e4r det vad Socialdemokraterna st\u00e5r f\u00f6r.<br \/>\nDet var d\u00e4rf\u00f6r Socialdemokratin en g\u00e5ng f\u00f6ddes. Och det \u00e4r d\u00e4rf\u00f6r den ska \u00f6verleva. S\u00e5 l\u00e4nge det finns or\u00e4ttvisor, s\u00e5 l\u00e4nge det finns grupper i samh\u00e4llet som anser sig vara v\u00e4rda miljoner g\u00e5nger mer \u00e4n andra och s\u00e5 l\u00e4nge det finns m\u00e4nniskor som far illa f\u00f6r att vi m\u00e4nniskor inte kan bygga en v\u00e4rld d\u00e4r varenda m\u00e4nniska kan f\u00e5 ett vettigt liv.<\/p>\n<p>Nystarten handlar d\u00e4rf\u00f6r om att hitta tillbaka till det som \u00e4r grunden, basen.<\/p>\n<p>S\u00e5 l\u00e4nge vi har en v\u00e4rld med ett ekonomiskt system som bygger p\u00e5 att en del m\u00e4nniskor sl\u00e5ss ut, att delar av m\u00e4nskligheten till och med lider brist p\u00e5 vatten och mat och vi bygger en v\u00e4lf\u00e4rd p\u00e5 att f\u00f6rst\u00f6ra milj\u00f6n &#8211; d\u00e5 beh\u00f6ver vi ett Socialdemokratiskt parti.<\/p>\n<p>Och nu hoppas jag p\u00e5 en \u00e5teruppr\u00e4ttelse f\u00f6r kulturen. Jag l\u00e4ser just nu en bok som visar att m\u00e4nniskor sedan urminnes tider haft kultur. Att m\u00e4nniskor redan f\u00f6r tiotusentals \u00e5r sedan \u00e4gnade sig \u00e5t musik och dans.<br \/>\nKulturen \u00e4r det allra viktigaste i livet: den ger oss verktyg f\u00f6r att ta itu med de fr\u00e5gor i livet ingen av oss kan fly ifr\u00e5n, de existentiella fr\u00e5gorna.<\/p>\n<p>Jag hoppas p\u00e5 att kulturpolitiken ska f\u00e5 en stor plats inom arbetarr\u00f6relsen och Socialdemokratin.<\/p>\n<p>Relaterat<br \/>\n<a href=\"http:\/\/martinmobergsblogg.blogspot.com\/2011\/03\/nystart-nyvald-partiordforande-hakan.htm\">Martin Mobergs blogg<\/a> och <a href=\"http:\/\/peterlandersson.blogspot.com\/2011\/03\/ombudstankar-som-blir-val-omhandertagna.html\">Peter Andersson<\/a> och en rad andra:<\/p>\n<p><a href=\"http:\/\/martinmobergsblogg.blogspot.com\/2011\/03\/nystart-nyvald-partiordforande-hakan.htm\"><\/a>&#8211;\u00a0<a href=\"http:\/\/mitt-i-steget.blogspot.com\/2011\/03\/socialdemokraterna-mona-sahlins-sista.html\">Johan Westerholm <\/a>skriver om Monas tal<br \/>\n&#8211;\u00a0<a href=\"http:\/\/katarinanfinn.wordpress.com\/2011\/03\/25\/antligen-nu-drar-det-igang\/\">Katarina Nyberg Finn<\/a> om talet<br \/>\n&#8211;\u00a0<a href=\"http:\/\/hogbergstankar.blogspot.com\/2011\/03\/det-racker-inte-med-bloggandet.html\">Peter H\u00f6gberg <\/a>med viktig p\u00e5minnelse att det inte r\u00e4cker att blogga..<br \/>\n&#8211;\u00a0<a href=\"http:\/\/viktor.tullgren.net\/2011\/03\/25\/kongressen-ar-igang\/\">Viktor Tullgren<\/a> om en kongress som \u00e4r ig\u00e5ng.<br \/>\n&#8211;\u00a0<a href=\"http:\/\/www.j%c3%a4mlikhetsanden.se\/2011\/03\/bra-tal-av-sahlin-pa-nystart.html\">Staffan Lindstr\u00f6m<\/a> om kongresstarten.<br \/>\n&#8211;\u00a0<a href=\"http:\/\/www.j%c3%a4mlikhetsanden.se\/2011\/03\/bra-tal-av-sahlin-pa-nystart.html\">Malin Jonason <\/a>om kongressens b\u00f6rjan.<br \/>\n&#8211;\u00a0<a href=\"http:\/\/annarkia.se\/internationellt\/mellanostern\/svenskt-erkannande-av-palestina.htm\">Annarkia<\/a> om Monas palestina-utspel.<br \/>\n&#8211;\u00a0<a href=\"http:\/\/hbt-sossen.blogspot.com\/2011\/03\/s-behover-en-small-pa-kaften-for-att.html\">HBT-sossen<\/a> om socialdemokratiska behov.<br \/>\n&#8211;\u00a0<a href=\"http:\/\/www.socialdemokraterna.se\/Extrakongress-2011\/Mona-Sahlins-inledningstal\/\">Monas tal<\/a><br \/>\n<a href=\"http:\/\/www.dn.se\/nyheter\/politik\/s-kongressen-minut-for-minut\">S-kongressen minut f\u00f6r minut<\/a>, <a href=\"http:\/\/www.svd.se\/nyheter\/inrikes\/direktrapport-s-kongressen_6039075.svd\">Svenska Dagbladet<\/a> <a href=\"http:\/\/www.aftonbladet.se\/nyheter\/skongressen\/article12784479.ab\">Aftonbladet<\/a>, <a href=\"http:\/\/www.expressen.se\/nyheter\/1.2378771\/sahlin-nara-tarar-i-avslutningstalet\">Expressen<\/a><\/p>\n<p>L\u00e4s \u00e4ven andra bloggares \u00e5sikter om <a rel=\"tag\" href=\"http:\/\/bloggar.se\/om\/Juholt\">Juholt<\/a>, <a rel=\"tag\" href=\"http:\/\/bloggar.se\/om\/nystart\">nystart<\/a>, <a rel=\"tag\" href=\"http:\/\/bloggar.se\/om\/socialdemokraterna\">socialdemokraterna<\/a>, <a rel=\"tag\" href=\"http:\/\/bloggar.se\/om\/samh%E4lle\">samh\u00e4lle<\/a>, <a rel=\"tag\" href=\"http:\/\/bloggar.se\/om\/politik\">politik<\/a><\/p>\n","protected":false},"excerpt":{"rendered":"<p>H\u00e5kan Juholt har nu valts till partiledare f\u00f6r Socialdemokraterna. Det gick efter valberedningens f\u00f6rslag. Helt v\u00e4ntat f\u00f6rst\u00e5s. Det vibrerar av nystart kring den d\u00e4r extrakongressen. I alla fall genom tv-rutan. Den ena talaren efter den andra har talat och ber\u00e4ttat om l\u00e4get i landet. Om hur arbetsl\u00f6sheten \u00f6kat, klyftorna \u00f6kat &#8230; Tomas Rudin fr\u00e5n Stockholm [&hellip;]<\/p>\n","protected":false},"author":2,"featured_media":45566,"comment_status":"open","ping_status":"open","sticky":false,"template":"","format":"standard","meta":{"_genesis_hide_title":false,"_genesis_hide_breadcrumbs":false,"_genesis_hide_singular_image":false,"_genesis_hide_footer_widgets":false,"_genesis_custom_body_class":"","_genesis_custom_post_class":"","_genesis_layout":"","footnotes":""},"categories":[44],"tags":[2778,4075,12284,4917,5229],"class_list":{"0":"post-32832","1":"post","2":"type-post","3":"status-publish","4":"format-standard","5":"has-post-thumbnail","7":"category-chadie","8":"tag-juholt","9":"tag-nystart","10":"tag-politik","11":"tag-samhalle","12":"tag-socialdemokraterna","13":"entry"},"_links":{"self":[{"href":"https:\/\/kulturbloggen.com\/index.php?rest_route=\/wp\/v2\/posts\/32832","targetHints":{"allow":["GET"]}}],"collection":[{"href":"https:\/\/kulturbloggen.com\/index.php?rest_route=\/wp\/v2\/posts"}],"about":[{"href":"https:\/\/kulturbloggen.com\/index.php?rest_route=\/wp\/v2\/types\/post"}],"author":[{"embeddable":true,"href":"https:\/\/kulturbloggen.com\/index.php?rest_route=\/wp\/v2\/users\/2"}],"replies":[{"embeddable":true,"href":"https:\/\/kulturbloggen.com\/index.php?rest_route=%2Fwp%2Fv2%2Fcomments&post=32832"}],"version-history":[{"count":1,"href":"https:\/\/kulturbloggen.com\/index.php?rest_route=\/wp\/v2\/posts\/32832\/revisions"}],"predecessor-version":[{"id":45567,"href":"https:\/\/kulturbloggen.com\/index.php?rest_route=\/wp\/v2\/posts\/32832\/revisions\/45567"}],"wp:featuredmedia":[{"embeddable":true,"href":"https:\/\/kulturbloggen.com\/index.php?rest_route=\/wp\/v2\/media\/45566"}],"wp:attachment":[{"href":"https:\/\/kulturbloggen.com\/index.php?rest_route=%2Fwp%2Fv2%2Fmedia&parent=32832"}],"wp:term":[{"taxonomy":"category","embeddable":true,"href":"https:\/\/kulturbloggen.com\/index.php?rest_route=%2Fwp%2Fv2%2Fcategories&post=32832"},{"taxonomy":"post_tag","embeddable":true,"href":"https:\/\/kulturbloggen.com\/index.php?rest_route=%2Fwp%2Fv2%2Ftags&post=32832"}],"curies":[{"name":"wp","href":"https:\/\/api.w.org\/{rel}","templated":true}]}}