{"id":32793,"date":"2011-03-25T10:23:51","date_gmt":"2011-03-25T09:23:51","guid":{"rendered":"http:\/\/kulturbloggen.com\/?p=32793"},"modified":"2011-03-25T10:23:51","modified_gmt":"2011-03-25T09:23:51","slug":"royksopp-kommer-till-arvikafestivalen","status":"publish","type":"post","link":"https:\/\/kulturbloggen.com\/?p=32793","title":{"rendered":"R\u00f6yksopp kommer till Arvikafestivalen"},"content":{"rendered":"<p><a href=\"http:\/\/kulturbloggen.com\/wp-content\/uploads\/2011\/03\/royksopp.jpg\"><img loading=\"lazy\" decoding=\"async\" src=\"http:\/\/kulturbloggen.com\/wp-content\/uploads\/2011\/03\/royksopp-300x156.jpg\" alt=\"\" title=\"royksopp\" width=\"300\" height=\"156\" class=\"aligncenter size-medium wp-image-32794\" \/><\/a><\/p>\n<p>Arvikafestvalen sl\u00e4pper information om ett av de bokade banden i sommar: R\u00f6yksopp.<\/p>\n<p>H\u00e4r \u00e4r pressmeddelandet:<\/p>\n<p>Arvikafestivalen fyller p\u00e5 sin artistlista och kan nu bekr\u00e4fta att Norges i s\u00e4rklass b\u00e4sta akt kommer g\u00f6ra en exklusiv spelning p\u00e5 festivalen i sommar. Det har g\u00e5tt 2 \u00e5r sedan R\u00f6yksopp senast bes\u00f6kte Arvika och den konserten \u00e4r beskriven som en av de b\u00e4sta spelningarna i Arvikafestivalens historia.<br \/>\n&#8211; R\u00f6yksopp och Arvikafestivalen har n\u00e5got magiskt ihop och den totala eufori som skapades senast \u00e4r n\u00e5got vi vill uppleva igen. Den h\u00e4r bokningen st\u00e4rker verkligen upp v\u00e5r elektroniska pr\u00e4gel och eftersom R\u00f6yksopp \u00e4r ett av de mest \u00f6nskade banden s\u00e5 k\u00e4nns det riktigt bra att kunna ge det till v\u00e5r publik, s\u00e4ger bokningschefen Olov Hallberg.<\/p>\n<p>R\u00f6yksopp \u00e4r en elektronisk duo fr\u00e5n Bergen, Norge, best\u00e5ende av Torbj\u00f8rn Brundtland och Svein Berge. Deras debutalbum Melody A.M sl\u00e4pptes 2001 och som inneh\u00e5ller hitsen Poor Leno och Eple. 2009 sl\u00e4ppte de den bejublade skivan Junior d\u00e4r bland andra Robyn och Karin Dreijer g\u00e4stade. F\u00f6rra \u00e5ret f\u00f6ljdes den p\u00e5passligt upp av Senior, som verkligen slagit fast att R\u00f6yksopp \u00e4r en av de viktigaste akt\u00f6rerna i den elektroniska musiken i Norden.<\/p>\n<p>L\u00e4s \u00e4ven andra bloggares \u00e5sikter om <a href=\"http:\/\/bloggar.se\/om\/R%F6yksopp\" rel=\"tag\">R\u00f6yksopp<\/a>, <a href=\"http:\/\/bloggar.se\/om\/Arvika\" rel=\"tag\">Arvika<\/a>, <a href=\"http:\/\/bloggar.se\/om\/musik\" rel=\"tag\">musik<\/a>, <a href=\"http:\/\/bloggar.se\/om\/musikfestivaler\" rel=\"tag\">musikfestivaler<\/a><\/p>\n","protected":false},"excerpt":{"rendered":"<p>Arvikafestvalen sl\u00e4pper information om ett av de bokade banden i sommar: R\u00f6yksopp. H\u00e4r \u00e4r pressmeddelandet: Arvikafestivalen fyller p\u00e5 sin artistlista och kan nu bekr\u00e4fta att Norges i s\u00e4rklass b\u00e4sta akt kommer g\u00f6ra en exklusiv spelning p\u00e5 festivalen i sommar. Det har g\u00e5tt 2 \u00e5r sedan R\u00f6yksopp senast bes\u00f6kte Arvika och den konserten \u00e4r beskriven som [&hellip;]<\/p>\n","protected":false},"author":13,"featured_media":0,"comment_status":"open","ping_status":"open","sticky":false,"template":"","format":"standard","meta":{"_genesis_hide_title":false,"_genesis_hide_breadcrumbs":false,"_genesis_hide_singular_image":false,"_genesis_hide_footer_widgets":false,"_genesis_custom_body_class":"","_genesis_custom_post_class":"","_genesis_layout":"","footnotes":""},"categories":[7],"tags":[424,12282,4885],"class_list":{"0":"post-32793","1":"post","2":"type-post","3":"status-publish","4":"format-standard","6":"category-musik","7":"tag-arvika","8":"tag-musik","9":"tag-royksopp","10":"entry"},"_links":{"self":[{"href":"https:\/\/kulturbloggen.com\/index.php?rest_route=\/wp\/v2\/posts\/32793","targetHints":{"allow":["GET"]}}],"collection":[{"href":"https:\/\/kulturbloggen.com\/index.php?rest_route=\/wp\/v2\/posts"}],"about":[{"href":"https:\/\/kulturbloggen.com\/index.php?rest_route=\/wp\/v2\/types\/post"}],"author":[{"embeddable":true,"href":"https:\/\/kulturbloggen.com\/index.php?rest_route=\/wp\/v2\/users\/13"}],"replies":[{"embeddable":true,"href":"https:\/\/kulturbloggen.com\/index.php?rest_route=%2Fwp%2Fv2%2Fcomments&post=32793"}],"version-history":[{"count":0,"href":"https:\/\/kulturbloggen.com\/index.php?rest_route=\/wp\/v2\/posts\/32793\/revisions"}],"wp:attachment":[{"href":"https:\/\/kulturbloggen.com\/index.php?rest_route=%2Fwp%2Fv2%2Fmedia&parent=32793"}],"wp:term":[{"taxonomy":"category","embeddable":true,"href":"https:\/\/kulturbloggen.com\/index.php?rest_route=%2Fwp%2Fv2%2Fcategories&post=32793"},{"taxonomy":"post_tag","embeddable":true,"href":"https:\/\/kulturbloggen.com\/index.php?rest_route=%2Fwp%2Fv2%2Ftags&post=32793"}],"curies":[{"name":"wp","href":"https:\/\/api.w.org\/{rel}","templated":true}]}}