{"id":32726,"date":"2011-03-23T21:08:53","date_gmt":"2011-03-23T20:08:53","guid":{"rendered":"http:\/\/kulturbloggen.com\/?p=32726"},"modified":"2011-03-23T21:08:53","modified_gmt":"2011-03-23T20:08:53","slug":"the-way-back","status":"publish","type":"post","link":"https:\/\/kulturbloggen.com\/?p=32726","title":{"rendered":"The way back"},"content":{"rendered":"<p><a href=\"http:\/\/kulturbloggen.com\/wp-content\/uploads\/2011\/03\/The-way-back.jpg\"><img loading=\"lazy\" decoding=\"async\" class=\"aligncenter size-full wp-image-32727\" src=\"http:\/\/kulturbloggen.com\/wp-content\/uploads\/2011\/03\/The-way-back.jpg\" alt=\"\" width=\"184\" height=\"274\" \/><\/a><\/p>\n<p>The way back<\/p>\n<p>Betyg 3<\/p>\n<p>Premi\u00e4r: 25\/3 2011<\/p>\n<p>Regi: Peter Weir<\/p>\n<p>&nbsp;<\/p>\n<p><strong>Ett g\u00e4ng f\u00e5ngar<\/strong> i ett kommunistiskt arbetsl\u00e4ger i Sibirien best\u00e4mmer sig f\u00f6r att gemensamt g\u00f6ra ett f\u00f6rs\u00f6k att fly. Janusz blir den lilla gruppens beslutsamme ledare och det \u00e4r med stor s\u00e4kerhet han navigerar dem genom Sibiriens kalla klimat. Gruppen best\u00e5r av folk med olika bakgrunder och nationaliteter, som av olika anledningar har hamnat i det brutala l\u00e4gret. Samarbete \u00e4r ett m\u00e5ste f\u00f6r att \u00f6verleva den l\u00e5nga vandringen. En vandring p\u00e5 \u00f6ver 600 mil.<\/p>\n<p>&nbsp;<\/p>\n<p><strong>Jag fylls med<\/strong> obehag under de scener som utspelas i l\u00e4gret. Weir f\u00e5r p\u00e5 ett bra s\u00e4tt med den inre hierarkin som r\u00e5der bland f\u00e5ngarna, vilket st\u00e4rker medlidandet med dem \u00e4n mer. Colin Farrell g\u00f6r ett f\u00f6r mej \u00f6verraskande jobb som den n\u00e5got paranoide, ryska f.d. yrkesm\u00f6daren Valka, som \u00e4r sig sj\u00e4lv n\u00e4rmast. En karakt\u00e4r som givetvis skapar sp\u00e4nningar i gruppdynamiken. Farrell g\u00f6r med sin tolkning den b\u00e4sta insatsen.<\/p>\n<p>Som sagt; det \u00e4r en farofylld vandring p\u00e5 600 mil och det kan tendera att bli t\u00e4mligen upprepande n\u00e4r man g\u00e5ng p\u00e5 g\u00e5ng anv\u00e4nder sig av helikopterbilder \u00f6ver stora vyer. Positivt \u00e4r att man slopat mycket av de h\u00e4ndelser som man kan t\u00e4nkas f\u00f6rv\u00e4nta sig av en film av denna karakt\u00e4r. Det g\u00f6r den mer ov\u00e4ntad \u00e4n man kan tro och dialogen blir s\u00e5 mycket tydligare.<\/p>\n<p>Sedan m\u00e5ste jag ju \u00e4ven n\u00e4mna det svenska bidraget i filmen, Gustaf Skarsg\u00e5rd, som spelar en lettisk pr\u00e4st med ett dunkelt f\u00f6rflutet. Tyv\u00e4rr pr\u00f6vas aldrig hans talang riktigt, d\u00e5 hans roll \u00e4r ganska liten och f\u00e5ordig. I \u00f6vrigt \u00e4r det sk\u00e5despelarna som h\u00f6jer filmen och det k\u00e4nns verkligen som r\u00e4tt man (och kvinna) p\u00e5 r\u00e4tt plats. Men efter 600 mil n\u00e5r den \u00e4nd\u00e5 inte l\u00e4ngre fram \u00e4n en 3:a. Det \u00e4r n\u00e5got som saknas.<\/p>\n<p><a href=\"http:\/\/www.youtube.com\/watch?v=1Jlgenq_Ca0\">Trailer<\/a><\/p>\n","protected":false},"excerpt":{"rendered":"<p>The way back Betyg 3 Premi\u00e4r: 25\/3 2011 Regi: Peter Weir &nbsp; Ett g\u00e4ng f\u00e5ngar i ett kommunistiskt arbetsl\u00e4ger i Sibirien best\u00e4mmer sig f\u00f6r att gemensamt g\u00f6ra ett f\u00f6rs\u00f6k att fly. Janusz blir den lilla gruppens beslutsamme ledare och det \u00e4r med stor s\u00e4kerhet han navigerar dem genom Sibiriens kalla klimat. Gruppen best\u00e5r av folk [&hellip;]<\/p>\n","protected":false},"author":13,"featured_media":0,"comment_status":"open","ping_status":"open","sticky":false,"template":"","format":"standard","meta":{"_genesis_hide_title":false,"_genesis_hide_breadcrumbs":false,"_genesis_hide_singular_image":false,"_genesis_hide_footer_widgets":false,"_genesis_custom_body_class":"","_genesis_custom_post_class":"","_genesis_layout":"","footnotes":""},"categories":[51,16],"tags":[],"class_list":{"0":"post-32726","1":"post","2":"type-post","3":"status-publish","4":"format-standard","6":"category-filmer","7":"category-recension","8":"entry"},"_links":{"self":[{"href":"https:\/\/kulturbloggen.com\/index.php?rest_route=\/wp\/v2\/posts\/32726","targetHints":{"allow":["GET"]}}],"collection":[{"href":"https:\/\/kulturbloggen.com\/index.php?rest_route=\/wp\/v2\/posts"}],"about":[{"href":"https:\/\/kulturbloggen.com\/index.php?rest_route=\/wp\/v2\/types\/post"}],"author":[{"embeddable":true,"href":"https:\/\/kulturbloggen.com\/index.php?rest_route=\/wp\/v2\/users\/13"}],"replies":[{"embeddable":true,"href":"https:\/\/kulturbloggen.com\/index.php?rest_route=%2Fwp%2Fv2%2Fcomments&post=32726"}],"version-history":[{"count":0,"href":"https:\/\/kulturbloggen.com\/index.php?rest_route=\/wp\/v2\/posts\/32726\/revisions"}],"wp:attachment":[{"href":"https:\/\/kulturbloggen.com\/index.php?rest_route=%2Fwp%2Fv2%2Fmedia&parent=32726"}],"wp:term":[{"taxonomy":"category","embeddable":true,"href":"https:\/\/kulturbloggen.com\/index.php?rest_route=%2Fwp%2Fv2%2Fcategories&post=32726"},{"taxonomy":"post_tag","embeddable":true,"href":"https:\/\/kulturbloggen.com\/index.php?rest_route=%2Fwp%2Fv2%2Ftags&post=32726"}],"curies":[{"name":"wp","href":"https:\/\/api.w.org\/{rel}","templated":true}]}}