{"id":3271,"date":"2008-10-26T08:24:05","date_gmt":"2008-10-26T06:24:05","guid":{"rendered":"http:\/\/kulturbloggen.com\/?p=3271"},"modified":"2008-10-26T08:24:05","modified_gmt":"2008-10-26T06:24:05","slug":"maste-lasas-greiders-recension-av-olle-sahlstroms-bok-om-fackets-dod","status":"publish","type":"post","link":"https:\/\/kulturbloggen.com\/?p=3271","title":{"rendered":"M\u00e5ste l\u00e4sas: Greiders recension av Olle Sahlstr\u00f6ms bok om fackets d\u00f6d"},"content":{"rendered":"<p><a href=\"http:\/\/sodergren.com\/kulturbloggen\/wp-content\/uploads\/2008\/10\/omslag_iskuggan.gif\"><img loading=\"lazy\" decoding=\"async\" src=\"http:\/\/sodergren.com\/kulturbloggen\/wp-content\/uploads\/2008\/10\/omslag_iskuggan-150x150.gif\" alt=\"\" title=\"omslag_iskuggan\" width=\"150\" height=\"150\" class=\"alignright size-thumbnail wp-image-3272\" \/><\/a>Sk\u00f6nt med den d\u00e4r timmen som st\u00e4lls tillbaka n\u00e4r vi l\u00e4mnar sommartiden f\u00f6r i \u00e5r. Det g\u00f6r att jag f\u00f6r min del vaknar upp en timme tidigare och \u00e4r pigg. S\u00e5 jag har hunnit l\u00e4sa i boken jag h\u00e5ller p\u00e5 med och hunnit surfa runt ordentligt p\u00e5 massor av sajter.<\/p>\n<p>Jag blir s\u00e5 sugen och bara m\u00e5ste l\u00e4sa den h\u00e4r boken som <a href=\"http:\/\/www.aftonbladet.se\/kultur\/bokrecensioner\/article3545433.ab\">G\u00f6ran Greider har recenserat i Aftonbladet<\/a>: I skuggan av en storhetstid av Olle Sahlstr\u00f6m.<\/p>\n<p>Olle Sahlstr\u00f6m l\u00e4mnade LO n\u00e4r han jobbade d\u00e4r. Facket var nog inte moget f\u00f6r att lyssna p\u00e5 vad han hade att s\u00e4ga. Och visst kan han provocera. <a href=\"http:\/\/www.ollesahlstrom.se\/index2.php?page=1&#038;ar_id=121\">H\u00e4r ett citat ut en av Olle Sahlstr\u00f6ms artiklar<\/a>:<\/p>\n<blockquote><p>Arbetarr\u00f6relsen \u00e4r d\u00f6d.<\/p>\n<p>Fanor, numer urblekta, tas fram varje \u00e5r inf\u00f6r F\u00f6rsta Maj. Folkets Hus st\u00e5r d\u00e4r det alltid har st\u00e5tt, socialdemokratiska f\u00f6reningar bjuder som f\u00f6rr in till m\u00f6ten, de liksom fackf\u00f6reningar i LO, och visst finns ABF kvar. Men det \u00e4r blott kulisser av en arbetarr\u00f6relse, rekvisitan av en r\u00f6relse som har g\u00e5tt ur tiden.<\/p>\n<p>Det \u00e4r som Potemkinkulisser, de kulisser av byar fursten Grigorij Potemkin enligt s\u00e4gen l\u00e4t bygga inf\u00f6r kejsarinnan Katarinas II:s resa till Krim sent 1700-tal f\u00f6r att ge intryck av ett v\u00e4lst\u00e5nd som inte fanns. Inte s\u00e5 att kulisserna av en svensk arbetarr\u00f6relse st\u00e5r d\u00e4r av ber\u00e4kning f\u00f6r att vilseleda. Snarare s\u00e5 att de st\u00e5r kvar och d\u00f6ljer ett verkligt tillst\u00e5nd d\u00e4rf\u00f6r att det finns tillr\u00e4ckligt m\u00e5nga funktion\u00e4rer och f\u00f6rtroendevalda p\u00e5 heltid som med gemensamma krafter f\u00f6rm\u00e5r h\u00e5lla kulisserna uppr\u00e4tta. Men deras funktion \u00e4r desamma som en g\u00e5ng Grigorij Potemkins kulisser; de st\u00e5r d\u00e4r och f\u00f6rvirrar begreppen och uppr\u00e4tth\u00e5ller till illusionen av n\u00e5got som inte finns, ty bakom r\u00f6relserekvisitan ligger blott liket av en r\u00f6relse sedan l\u00e4nge \u00f6vert\u00e4ckt av historiens damm<\/p><\/blockquote>\n<p>Men det h\u00e4r \u00e4r allts\u00e5 kritik inifr\u00e5n. Sahlstr\u00f6m kommer fr\u00e5n facket och har jobbat inom den fackliga r\u00f6relsen i m\u00e5nga \u00e5r. Fler borde nog g\u00f6ra som Greider: trots allt ge boken och tankarna en chans:<\/p>\n<blockquote><p>Jag ska erk\u00e4nna att jag \u00f6ppnade boken med viss oro. Genom \u00e5ren har Sahlstr\u00f6m ofta bedrivit en r\u00e4tt populistisk kritik av fackf\u00f6reningsr\u00f6relsen. Jag har retat mig p\u00e5 f\u00f6renklade attacker p\u00e5 pampv\u00e4lde och svepande kritik av patriarkala m\u00f6nster i LO-borgen.<br \/>\nS\u00e5dant finns d\u00e4r, verkligen, men han har ofta missat de stora maktsammanhangen och d\u00e5 hamnat i en n\u00e4rap\u00e5 haveristisk position: facket f\u00e5r ta sm\u00e4llarna f\u00f6r det kapitalet och en reaktion\u00e4r tidsanda \u00e4r skyldigt till och \u00e5tskilliga h\u00f6gerintellektuella har glatt sig \u00e5t hans kritik. S\u00e5 inte h\u00e4r. G\u00e5ng p\u00e5 g\u00e5ng f\u00f6rundras han \u00f6ver att fackf\u00f6reningar kan vara s\u00e5 olika i skilda h\u00f6rn av Europa och han urskiljer f\u00f6r- och nackdelar med olika strategier. \u201dJag vet inte l\u00e4ngre vad jag ska tro och t\u00e4nka\u201d, utbrister han och v\u00e5gar k\u00e4nna hur marken skakar under honom. Han resonerar, s\u00f6ker historiska djup, skriver med radikal uppbrottsvilja.<\/p><\/blockquote>\n<p>Greider avslutar sin recension med att rekommendera hela v\u00e4nstern att l\u00e4sa boken och s\u00e4tter in dess budskap i nuet som domineras av finanskrisen:<\/p>\n<blockquote><p>Den skrevs f\u00f6re krisen, men det \u00e4r som om den f\u00e5r sin r\u00e4tta inneb\u00f6rd dessa turbulenta h\u00f6stdagar: \u00c4ntligen kn\u00e4ar den \u00f6vermakt som s\u00e5 l\u00e4nge f\u00e5tt fackf\u00f6reningsr\u00f6relsen att kn\u00e4a.<\/p><\/blockquote>\n<p><a href=\"http:\/\/claeskrantz.se\/arkivet\/3059\">Claes Krantz har ocks\u00e5 bloggar om den h\u00e4r recensionen<\/a>, liksom<a href=\"http:\/\/www.metrobloggen.se\/jsp\/public\/permalink.jsp?article=19.5098333\"> Fredrik Segerfeldt<\/a> och <a href=\"http:\/\/larsingemar.blogspot.com\/2008\/10\/rrelsen.html\">Under ytan<\/a>.<\/p>\n<p>I skuggan av en storhetstid<br \/>\nOlle Sahlstr\u00f6m<br \/>\nISBN 9789173891462<br \/>\nAtlas Bokf\u00f6rlag<\/p>\n<p><a href=\"http:\/\/sodergren.com\/kulturbloggen\/wp-content\/uploads\/2008\/10\/iskuggan125.jpg\"><img loading=\"lazy\" decoding=\"async\" src=\"http:\/\/sodergren.com\/kulturbloggen\/wp-content\/uploads\/2008\/10\/iskuggan125.jpg\" alt=\"\" title=\"iskuggan125\" width=\"125\" height=\"250\" class=\"alignright size-full wp-image-3274\" \/><\/a><\/p>\n<p>Andra bloggar om: <a href=\"http:\/\/bloggar.se\/om\/litteratur\" rel=\"tag\">litteratur<\/a>, <a href=\"http:\/\/bloggar.se\/om\/facket\" rel=\"tag\">facket<\/a>, <a href=\"http:\/\/bloggar.se\/om\/Europa\" rel=\"tag\">Europa<\/a>, <a href=\"http:\/\/bloggar.se\/om\/recension\" rel=\"tag\">recension<\/a>, <a href=\"http:\/\/bloggar.se\/om\/Greider\" rel=\"tag\">Greider<\/a>, <a href=\"http:\/\/bloggar.se\/om\/Sahlstr%F6m\" rel=\"tag\">Sahlstr\u00f6m<\/a>, <a href=\"http:\/\/bloggar.se\/om\/fackligt\" rel=\"tag\">fackligt<\/a>, <a href=\"http:\/\/bloggar.se\/om\/LO\" rel=\"tag\">LO<\/a><\/p>\n","protected":false},"excerpt":{"rendered":"<p>Sk\u00f6nt med den d\u00e4r timmen som st\u00e4lls tillbaka n\u00e4r vi l\u00e4mnar sommartiden f\u00f6r i \u00e5r. Det g\u00f6r att jag f\u00f6r min del vaknar upp en timme tidigare och \u00e4r pigg. S\u00e5 jag har hunnit l\u00e4sa i boken jag h\u00e5ller p\u00e5 med och hunnit surfa runt ordentligt p\u00e5 massor av sajter. Jag blir s\u00e5 sugen och [&hellip;]<\/p>\n","protected":false},"author":2,"featured_media":0,"comment_status":"open","ping_status":"open","sticky":false,"template":"","format":"standard","meta":{"_genesis_hide_title":false,"_genesis_hide_breadcrumbs":false,"_genesis_hide_singular_image":false,"_genesis_hide_footer_widgets":false,"_genesis_custom_body_class":"","_genesis_custom_post_class":"","_genesis_layout":"","footnotes":""},"categories":[3],"tags":[907,1587,1633,12285],"class_list":{"0":"post-3271","1":"post","2":"type-post","3":"status-publish","4":"format-standard","6":"category-litteratur","7":"tag-bocker","8":"tag-europa","9":"tag-facket","10":"tag-recension","11":"entry"},"_links":{"self":[{"href":"https:\/\/kulturbloggen.com\/index.php?rest_route=\/wp\/v2\/posts\/3271","targetHints":{"allow":["GET"]}}],"collection":[{"href":"https:\/\/kulturbloggen.com\/index.php?rest_route=\/wp\/v2\/posts"}],"about":[{"href":"https:\/\/kulturbloggen.com\/index.php?rest_route=\/wp\/v2\/types\/post"}],"author":[{"embeddable":true,"href":"https:\/\/kulturbloggen.com\/index.php?rest_route=\/wp\/v2\/users\/2"}],"replies":[{"embeddable":true,"href":"https:\/\/kulturbloggen.com\/index.php?rest_route=%2Fwp%2Fv2%2Fcomments&post=3271"}],"version-history":[{"count":0,"href":"https:\/\/kulturbloggen.com\/index.php?rest_route=\/wp\/v2\/posts\/3271\/revisions"}],"wp:attachment":[{"href":"https:\/\/kulturbloggen.com\/index.php?rest_route=%2Fwp%2Fv2%2Fmedia&parent=3271"}],"wp:term":[{"taxonomy":"category","embeddable":true,"href":"https:\/\/kulturbloggen.com\/index.php?rest_route=%2Fwp%2Fv2%2Fcategories&post=3271"},{"taxonomy":"post_tag","embeddable":true,"href":"https:\/\/kulturbloggen.com\/index.php?rest_route=%2Fwp%2Fv2%2Ftags&post=3271"}],"curies":[{"name":"wp","href":"https:\/\/api.w.org\/{rel}","templated":true}]}}