{"id":32695,"date":"2011-03-23T17:04:26","date_gmt":"2011-03-23T16:04:26","guid":{"rendered":"http:\/\/kulturbloggen.com\/?p=32695"},"modified":"2011-03-23T17:04:26","modified_gmt":"2011-03-23T16:04:26","slug":"upp-med-handerna-nar-barnen-tar-itu-med-den-omanskliga-utvisningspolitiken","status":"publish","type":"post","link":"https:\/\/kulturbloggen.com\/?p=32695","title":{"rendered":"Upp med h\u00e4nderna &#8211; n\u00e4r barnen tar itu med den om\u00e4nskliga utvisningspolitiken"},"content":{"rendered":"<p><a href=\"http:\/\/kulturbloggen.com\/wp-content\/uploads\/2011\/03\/uppmedhanderna.jpg\"><img loading=\"lazy\" decoding=\"async\" src=\"http:\/\/kulturbloggen.com\/wp-content\/uploads\/2011\/03\/uppmedhanderna-300x200.jpg\" alt=\"\" title=\"uppmedhanderna\" width=\"300\" height=\"200\" class=\"aligncenter size-medium wp-image-32696\" \/><\/a><\/p>\n<p>Upp med h\u00e4nderna<br \/>\nBetyg 4<\/p>\n<p><a href=\"http:\/\/www.folketsbio.se\/filmer\/filmer\/1015\">Upp med h\u00e4nderna<\/a> handlar om n\u00e5gra barn i en skola i Pais, i Frankrike. H\u00e4ndelserna utspelas i nutid, men ber\u00e4ttas av ett av barnen fyrtio \u00e5r senare. Det \u00e4r ett intressant grepp, att betrakta v\u00e5r tid ur framtidens \u00f6gon.<\/p>\n<p>Vi f\u00e5r till exempel h\u00f6ra att barnen delades in i klasser efter \u00e5lder och hade l\u00e4rarinnor som tog hand om dem. Det \u00e4r n\u00e5got vi kanske borde g\u00f6ra oftare, fundera p\u00e5 vad i v\u00e5r tid som kommer att betraktas som v\u00e4ldigt osmart i framtiden. Jag hade dock g\u00e4rna sett mer av detta grepp i filmen.<\/p>\n<p>Blaise, Alice, Claudio, Ali och Youssef och Milana \u00e4r ett g\u00e4ng barn och ungdomar i olika \u00e5ldrar som tillsammans har hittat ett helt eget s\u00e4tt att och hantera omgivningens alla krav och \u00f6verleva barndomen. Milana har l\u00e4tt f\u00f6r matematik och medan hon ser till att allas l\u00e4xor g\u00f6rs privatkopierar de andra spel och stj\u00e4l godis. Men barnen lever under ett hot: n\u00e5gra av dem har inte franska id-handlingar. Att de kanske bott i Frankrike sedan de var sm\u00e5barn spelar ingen roll, deras f\u00f6r\u00e4ldrar \u00e4r fr\u00e5n n\u00e5got annat land. N\u00e4r Youssef och hans familj utvisas fr\u00e5n landet blir det pl\u00f6tsligt v\u00e4ldigt allvarligt. Milana och hennes familj har l\u00e4mnat sitt hemland Tjetjenien och bor nu i Paris och alla inser att Milenas familj st\u00e5r n\u00e4st p\u00e5 tur.<\/p>\n<p>Filmen \u00e4r v\u00e4ldigt \u00e4rlig i hur barnen skildras. De h\u00e5ller ihop och organiserar en form av l\u00f6sning f\u00f6r att r\u00e4dda Milana. Men samtidigt som de genomf\u00f6r sina planer br\u00e5kar de sinsemellan och \u00e4r som barn \u00e4r. Barnsk\u00e5despelarna \u00e4r suver\u00e4nt duktiga.<\/p>\n<p>Filmen skildrar hur barnen drabbas av de om\u00e4nskliga reglerna kring id-handlingar och uppeh\u00e5llstillst\u00e5nd i Frankrike. Det \u00e4r en ber\u00e4ttelse som skulle kunna skildrat barns situation i de flesta EU-l\u00e4nder, inte minst Sverige.<\/p>\n<p>  <a href=\"http:\/\/toppraffel.blogspot.com\/2011\/03\/bio-upp-med-handerna.html\">Toppraffel har ocks\u00e5 recenserat, gav betyg 3<\/a>:<\/p>\n<blockquote><p>Men jag kan inte p\u00e5st\u00e5 att jag blev speciellt engagerad av historien. Den k\u00e4nns som en filmatisering av n\u00e5gon av 70-talets proggiga barnb\u00f6cker. Och estetiskt tycker jag att filmen \u00e4r trist; fotot \u00e4r avskalat, det \u00e4r m\u00e4nniskorna som \u00e4r i centrum, milj\u00f6skildringarna saknas n\u00e4stan helt. De \u00e4r i Paris och Bretagne, men det skulle lika g\u00e4rna kunna vara Kungsbacka en trist dag i september.<br \/>\nVisst kan UPP MED H\u00c4NDERNA f\u00e5 en ganska solid trea i betyg, men jag kommer f\u00f6rst\u00e5s aldrig att se om filmen, som f\u00f6r \u00f6vrigt visades i den officiella serien i Cannes f\u00f6rra \u00e5ret.<\/p><\/blockquote>\n<p>Jag tycker dock att po\u00e4ngen \u00e4r just att det faktiskt skulle kunna intr\u00e4ffa i Kungsbacka ocks\u00e5. Vissa scener \u00e4r skr\u00e4mmande i sin tr\u00e4ffs\u00e4kerhet, som n\u00e4r poliserna f\u00f6rh\u00f6r en ton\u00e5rspojke. Lite kul att en av rollerna i denna Sarkozykritiskt drama spelas av president Sarkozys sv\u00e4gerska Valeria Bruni Tedeschi.<\/p>\n<p>Det som visar att handlingen utspelar sig i Frankrike \u00e4r v\u00e4l, f\u00f6rutom spr\u00e5ket, att barnen har ett stort litter\u00e4rt kunnande. Svenska barn f\u00e5r inte samma satsning p\u00e5 kultur i skolan.<\/p>\n<p><a href=\"http:\/\/kulturbloggen.com\/wp-content\/uploads\/2011\/03\/uppmedhanderna2.jpg\"><img loading=\"lazy\" decoding=\"async\" src=\"http:\/\/kulturbloggen.com\/wp-content\/uploads\/2011\/03\/uppmedhanderna2-300x199.jpg\" alt=\"\" title=\"uppmedhanderna2\" width=\"300\" height=\"199\" class=\"aligncenter size-medium wp-image-32697\" \/><\/a><\/p>\n<p>L\u00e4s \u00e4ven andra bloggares \u00e5sikter om <a href=\"http:\/\/bloggar.se\/om\/film\" rel=\"tag\">film<\/a>, <a href=\"http:\/\/bloggar.se\/om\/Frankrike\" rel=\"tag\">Frankrike<\/a>, <a href=\"http:\/\/bloggar.se\/om\/recension\" rel=\"tag\">recension<\/a>, <a href=\"http:\/\/bloggar.se\/om\/Sarkozy\" rel=\"tag\">Sarkozy<\/a>, <a href=\"http:\/\/bloggar.se\/om\/utvisning\" rel=\"tag\">utvisning<\/a>, <a href=\"http:\/\/bloggar.se\/om\/samh%E4lle\" rel=\"tag\">samh\u00e4lle<\/a><\/p>\n","protected":false},"excerpt":{"rendered":"<p>Upp med h\u00e4nderna Betyg 4 Upp med h\u00e4nderna handlar om n\u00e5gra barn i en skola i Pais, i Frankrike. H\u00e4ndelserna utspelas i nutid, men ber\u00e4ttas av ett av barnen fyrtio \u00e5r senare. Det \u00e4r ett intressant grepp, att betrakta v\u00e5r tid ur framtidens \u00f6gon. Vi f\u00e5r till exempel h\u00f6ra att barnen delades in i klasser [&hellip;]<\/p>\n","protected":false},"author":2,"featured_media":0,"comment_status":"open","ping_status":"open","sticky":false,"template":"","format":"standard","meta":{"_genesis_hide_title":false,"_genesis_hide_breadcrumbs":false,"_genesis_hide_singular_image":false,"_genesis_hide_footer_widgets":false,"_genesis_custom_body_class":"","_genesis_custom_post_class":"","_genesis_layout":"","footnotes":""},"categories":[50,51,16],"tags":[1858,12285,4917,4941,12286,6157],"class_list":{"0":"post-32695","1":"post","2":"type-post","3":"status-publish","4":"format-standard","6":"category-filmfilm","7":"category-filmer","8":"category-recension","9":"tag-frankrike","10":"tag-recension","11":"tag-samhalle","12":"tag-sarkozy","13":"tag-film","14":"tag-utvisning","15":"entry"},"_links":{"self":[{"href":"https:\/\/kulturbloggen.com\/index.php?rest_route=\/wp\/v2\/posts\/32695","targetHints":{"allow":["GET"]}}],"collection":[{"href":"https:\/\/kulturbloggen.com\/index.php?rest_route=\/wp\/v2\/posts"}],"about":[{"href":"https:\/\/kulturbloggen.com\/index.php?rest_route=\/wp\/v2\/types\/post"}],"author":[{"embeddable":true,"href":"https:\/\/kulturbloggen.com\/index.php?rest_route=\/wp\/v2\/users\/2"}],"replies":[{"embeddable":true,"href":"https:\/\/kulturbloggen.com\/index.php?rest_route=%2Fwp%2Fv2%2Fcomments&post=32695"}],"version-history":[{"count":0,"href":"https:\/\/kulturbloggen.com\/index.php?rest_route=\/wp\/v2\/posts\/32695\/revisions"}],"wp:attachment":[{"href":"https:\/\/kulturbloggen.com\/index.php?rest_route=%2Fwp%2Fv2%2Fmedia&parent=32695"}],"wp:term":[{"taxonomy":"category","embeddable":true,"href":"https:\/\/kulturbloggen.com\/index.php?rest_route=%2Fwp%2Fv2%2Fcategories&post=32695"},{"taxonomy":"post_tag","embeddable":true,"href":"https:\/\/kulturbloggen.com\/index.php?rest_route=%2Fwp%2Fv2%2Ftags&post=32695"}],"curies":[{"name":"wp","href":"https:\/\/api.w.org\/{rel}","templated":true}]}}