{"id":32540,"date":"2011-03-20T16:01:02","date_gmt":"2011-03-20T15:01:02","guid":{"rendered":"http:\/\/kulturbloggen.com\/?p=32540"},"modified":"2011-03-20T16:01:02","modified_gmt":"2011-03-20T15:01:02","slug":"fran-premiaren-pa-hair-pa-stadsteatern","status":"publish","type":"post","link":"https:\/\/kulturbloggen.com\/?p=32540","title":{"rendered":"Fr\u00e5n premi\u00e4ren p\u00e5 Hair p\u00e5 Stadsteatern"},"content":{"rendered":"<p><a href=\"http:\/\/kulturbloggen.com\/wp-content\/uploads\/2011\/03\/hair.jpg\"><img loading=\"lazy\" decoding=\"async\" class=\"aligncenter size-medium wp-image-32542\" title=\"hair\" src=\"http:\/\/kulturbloggen.com\/wp-content\/uploads\/2011\/03\/hair-300x150.jpg\" alt=\"\" width=\"300\" height=\"150\" \/><\/a><\/p>\n<p>Stadsteaterns upps\u00e4ttning av musikalklassikern \u00e4r en fest med s\u00e5ng och musik. Orkestern \u00e4r med p\u00e5 scen och det bidrar till energin som f\u00f6rest\u00e4llningen utstr\u00e5lar. Det lustiga \u00e4r att kl\u00e4der och musik \u00e4r helt tidsenliga. Inte ett dugg \u00f6verdrivet! Och snygga m\u00e5ste jag faktiskt s\u00e4ga. Vackra f\u00e4rger och ett budskap om k\u00e4rlek och fred. Inget d\u00e4r som v\u00e4cker anst\u00f6t hos mig.<\/p>\n<p>Albin Flinkas \u00e4r suver\u00e4n i rollen som Claude som flyr det borgerliga livet och snart st\u00e4lls inf\u00f6r n\u00e4sta val n\u00e4r inkallelseordern kommer. Det fria hippielivet \u00e4r inte utan konflikter och problem. V\u00e4rderingar och k\u00f6nsroller suddas inte ut bara f\u00f6r att du tar p\u00e5 dig en f\u00e4rgglad v\u00e4st. Och den sj\u00e4lvklare ledaren \u00e4r f\u00f6rst\u00e5s en man (Berger som spelas av Fredrik Lycke).<\/p>\n<p>[Parentes: Jag s\u00e5 nyss Albin Flinkas p\u00e5 Klara soppteater. D\u00e5 handlade det om Jaques Brel. Att se Flinkas i Hair med samma energi visar p\u00e5 en beg\u00e5vad och allsidig sk\u00e5dis.Bra att Stadsteatern ger oss en f\u00f6rnyelse p\u00e5 det h\u00e4r s\u00e4ttet. Vi fick ett l\u00f6fte om att han \u00e5terkommer med f\u00f6rest\u00e4llningen. F\u00e5r inte missas!]<\/p>\n<p>\u00d6verhuvudtaget var ensambelns insattser enast\u00e5ende. Tycker jag i all fall men jag har sv\u00e5rt att tro att n\u00e5gon skulle tycka s\u00e5 mycket annorlunda.<\/p>\n<p>F\u00f6rest\u00e4llningen f\u00f6ljde i stort sett originalhistorien f\u00f6rutom att Claire Wikholm av n\u00e5gon anledning har rollen som ber\u00e4ttare och ger tillbakablickar till livet p\u00e5 60-talet. Helt i on\u00f6dan tycker jag. Hair \u00e4r en historia som st\u00e5r p\u00e5 egna ben och den spelades med energi. Sj\u00e4lv har jag aldrig haft n\u00e5got behov av att f\u00f6rklara mina st\u00e4llningtaganden fr\u00e5n den tiden. Stadsteaterns upps\u00e4ttningen \u00e4r mer v\u00e5gad \u00e4n originalupps\u00e4ttningen. Det blir ocks\u00e5 tydligt att problem som kvinnof\u00f6rtryck, rasism och krig inte f\u00f6rsvinner f\u00f6r vi \u00f6nskar det. Vi brottas ju med samma problem idag men har l\u00e4rt oss lite mer om problemen och l\u00f6sningarna.<\/p>\n<p>&nbsp;<\/p>\n<p>Andra recensioner<\/p>\n<p><a href=\"http:\/\/teatermagasinet.se\/?p=1106\">Teatermagasinet<\/a><\/p>\n<p><a href=\"http:\/\/www.dn.se\/kultur-noje\/scen\/nnnnnnn\">Dagens Nyheter<\/a><\/p>\n<p><a href=\"http:\/\/www.svd.se\/kultur\/vagat-har-pa-teaterscenen_6007849.svd\">Svenska Dagbladet<\/a><\/p>\n<p><a href=\"http:\/\/intressant.se\/intressant\">Intressant?<\/a> L\u00e4s \u00e4ven andra bloggares \u00e5sikter om <a rel=\"tag\" href=\"http:\/\/bloggar.se\/om\/Stadsteatern\">Stadsteatern<\/a>, <a rel=\"tag\" href=\"http:\/\/bloggar.se\/om\/Hair\">Hair<\/a>, <a rel=\"tag\" href=\"http:\/\/bloggar.se\/om\/premi%E4r\">premi\u00e4r<\/a>, <a rel=\"tag\" href=\"http:\/\/bloggar.se\/om\/recension\">recension<\/a><\/p>\n","protected":false},"excerpt":{"rendered":"<p>Stadsteaterns upps\u00e4ttning av musikalklassikern \u00e4r en fest med s\u00e5ng och musik. Orkestern \u00e4r med p\u00e5 scen och det bidrar till energin som f\u00f6rest\u00e4llningen utstr\u00e5lar. Det lustiga \u00e4r att kl\u00e4der och musik \u00e4r helt tidsenliga. Inte ett dugg \u00f6verdrivet! Och snygga m\u00e5ste jag faktiskt s\u00e4ga. Vackra f\u00e4rger och ett budskap om k\u00e4rlek och fred. Inget d\u00e4r [&hellip;]<\/p>\n","protected":false},"author":13,"featured_media":0,"comment_status":"open","ping_status":"open","sticky":false,"template":"","format":"standard","meta":{"_genesis_hide_title":false,"_genesis_hide_breadcrumbs":false,"_genesis_hide_singular_image":false,"_genesis_hide_footer_widgets":false,"_genesis_custom_body_class":"","_genesis_custom_post_class":"","_genesis_layout":"","footnotes":""},"categories":[16,30],"tags":[2175,4457,12285,5340],"class_list":{"0":"post-32540","1":"post","2":"type-post","3":"status-publish","4":"format-standard","6":"category-recension","7":"category-teater","8":"tag-hair","9":"tag-premiar","10":"tag-recension","11":"tag-stadsteatern","12":"entry"},"_links":{"self":[{"href":"https:\/\/kulturbloggen.com\/index.php?rest_route=\/wp\/v2\/posts\/32540","targetHints":{"allow":["GET"]}}],"collection":[{"href":"https:\/\/kulturbloggen.com\/index.php?rest_route=\/wp\/v2\/posts"}],"about":[{"href":"https:\/\/kulturbloggen.com\/index.php?rest_route=\/wp\/v2\/types\/post"}],"author":[{"embeddable":true,"href":"https:\/\/kulturbloggen.com\/index.php?rest_route=\/wp\/v2\/users\/13"}],"replies":[{"embeddable":true,"href":"https:\/\/kulturbloggen.com\/index.php?rest_route=%2Fwp%2Fv2%2Fcomments&post=32540"}],"version-history":[{"count":0,"href":"https:\/\/kulturbloggen.com\/index.php?rest_route=\/wp\/v2\/posts\/32540\/revisions"}],"wp:attachment":[{"href":"https:\/\/kulturbloggen.com\/index.php?rest_route=%2Fwp%2Fv2%2Fmedia&parent=32540"}],"wp:term":[{"taxonomy":"category","embeddable":true,"href":"https:\/\/kulturbloggen.com\/index.php?rest_route=%2Fwp%2Fv2%2Fcategories&post=32540"},{"taxonomy":"post_tag","embeddable":true,"href":"https:\/\/kulturbloggen.com\/index.php?rest_route=%2Fwp%2Fv2%2Ftags&post=32540"}],"curies":[{"name":"wp","href":"https:\/\/api.w.org\/{rel}","templated":true}]}}