{"id":32459,"date":"2011-03-19T08:32:51","date_gmt":"2011-03-19T07:32:51","guid":{"rendered":"http:\/\/kulturbloggen.com\/?p=32459"},"modified":"2011-03-19T08:32:51","modified_gmt":"2011-03-19T07:32:51","slug":"kulturbloggen-fran-lat-den-ratte-komma-in-pa-uppsala-stadsteater","status":"publish","type":"post","link":"https:\/\/kulturbloggen.com\/?p=32459","title":{"rendered":"Kulturbloggen fr\u00e5n &#8221;L\u00e5t den r\u00e4tte komma in&#8221; p\u00e5 Uppsala Stadsteater"},"content":{"rendered":"<p><a href=\"http:\/\/kulturbloggen.com\/wp-content\/uploads\/2011\/03\/latdenrattekommain_uppsala.jpg\"><img loading=\"lazy\" decoding=\"async\" src=\"http:\/\/kulturbloggen.com\/wp-content\/uploads\/2011\/03\/latdenrattekommain_uppsala-300x200.jpg\" alt=\"\" title=\"latdenrattekommain_uppsala\" width=\"300\" height=\"200\" class=\"aligncenter size-medium wp-image-32460\" \/><\/a><\/p>\n<p>Miljonprogrammens h\u00f6ghus vittnar om tidsepoks modernitetsoptimism. Rationalitet \u00e4r ledordet och i en f\u00f6rort med 10.000 inv\u00e5nare har man inte ens brytt sig om att bygga en kyrka. Vilket ocks\u00e5 visade hur d\u00e5ligt f\u00f6rberedda man var f\u00f6r ondskan som vilar bakom varje kr\u00f6k, innanf\u00f6r varje grannes st\u00e4ngda f\u00f6nster. Oskar \u00e4r den mobbade pojken som fantiserar om mord, osedd av alla f\u00f6r vem han verkligen \u00e4r. Tills han tr\u00e4ffar grannflickan Eli och en spirande ungdomsk\u00e4rlek tar form.<\/p>\n<p>John Ajvide Lindqvists \u201dL\u00e5t den r\u00e4tte komma in\u201d blev film redan 2009 och kommer \u00e4ven som Hollywoodversion senare detta \u00e5r. Fr\u00e5gan \u00e4r huruvida teaterscenen \u00e4r r\u00e4tt forum f\u00f6r att \u00e5terber\u00e4tta denna historia. Uppsala Stadsteaters minsta scen Ettan blev med enkla medel s\u00e5v\u00e4l betongdystopisk som lagom miljongramskitschigt n\u00e4r man projicerade interi\u00f6rerna fr\u00e5n Elis hem p\u00e5 en av v\u00e4ggarna. <\/p>\n<p>Det sceniska uppl\u00e4gget fungerade \u00f6verraskande bra med blixtsnabba f\u00f6rflyttningar fr\u00e5n skogen till Oskars rum och sen ut till bostadsomr\u00e5det. F\u00f6r manus och regi stod Jakob Hultrcratz Hansson, som gjorde v\u00e4l grundade avv\u00e4gningar p\u00e5 vad i originalstoryn som skulle bli kvar och vad som skulle tas bort. Till exempel f\u00f6rsvann sidohistorien med alkisg\u00e4nget, vilket faktiskt inte gjorde n\u00e5got. Det blev ocks\u00e5 en starkare betoning p\u00e5 H\u00e5kans pedofila l\u00e4ggning \u00e4n i filmen. H\u00e5kan (Jesper Feldt) var som en martyr i sin \u00e5tr\u00e5 efter det oskuldsfulla och of\u00f6rd\u00e4rvade. <\/p>\n<p>Elisabeth Wernesj\u00f6 var lysande i rollen som Oskar. I varje litet andetag kunde man k\u00e4nna av pojkens sm\u00e4rta och ensamhet, ibland kanske lite v\u00e4l feminin i sitt kroppsspr\u00e5k men inte p\u00e5 ett s\u00e4tt som utesluter trov\u00e4rdigheten. Bahar Pars hade d\u00e4remot en sv\u00e5rare n\u00f6t att kn\u00e4cka. Vampyrer \u00e4r beh\u00e4ftade med en rad klich\u00e9er som Ajvide lindqist f\u00f6rs\u00f6kte komma bort fr\u00e5n i sin bok. Eli \u00e4r d\u00e4rf\u00f6r mer undertonad \u00e4n den lugosiske vampyren, mer stoisk \u00e4n flickidolsvampyrerna. Ett s\u00e5nt underspel som Elis rollfigur kr\u00e4ver g\u00f6r det sv\u00e5rt att n\u00e5 fram alla g\u00e5nger, inte minst i den intensitet som k\u00e4rlekshistorien mellan tv\u00e5 barnen fordrar. I snitt var det godk\u00e4nt, men den som bar hela f\u00f6rest\u00e4llningen p\u00e5 sina sp\u00e4da sm\u00e5 axlar blev \u00e4nd\u00e5 den unge Oskar.<\/p>\n<p>L\u00e5t den r\u00e4tte komma in<br \/>\nManus: Jakob Hultcrantz Hansson efter John Ajvide Lindqvists bok<br \/>\nRegi: Jakob Hultcrantz Hansson<br \/>\nMedverkande: Jesper Feldt, Tytte Johnsson, Robin Keller, Victor Nystr\u00f6m, Bahar Pars, David Rangborg, Elisabeth Wernesj\u00f6<\/p>\n<p>Relaterat:<br \/>\nRecensioner i  <a href=\"http:\/\/www.aftonbladet.se\/kultur\/article12744555.ab\">Aftonbladet<\/a>, <a href=\"http:\/\/www.unt.se\/kultur\/teatershow\/skracken-som-en-mork-hunger-1286911.aspx\">Upsala Nya Tidning<\/a>, <a href=\"http:\/\/www.svd.se\/kultur\/scen\/hjartslitande-skrackteater_6017531.svd\">Svenska Dagbladet<\/a>, <a href=\"http:\/\/www.expressen.se\/kultur\/1.2368708\/lat-den-ratte-komma-in-uppsala-stadsteater\">Expressen<\/a><\/p>\n<p>L\u00e4s \u00e4ven andra bloggares \u00e5sikter om <a href=\"http:\/\/bloggar.se\/om\/Uppsala+stadsteater\" rel=\"tag\">Uppsala stadsteater<\/a>, <a href=\"http:\/\/bloggar.se\/om\/L%E5t+den+r%E4tte+komma+in\" rel=\"tag\">L\u00e5t den r\u00e4tte komma in<\/a>, <a href=\"http:\/\/bloggar.se\/om\/skr%E4ck\" rel=\"tag\">skr\u00e4ck<\/a>, <a href=\"http:\/\/bloggar.se\/om\/teater\" rel=\"tag\">teater<\/a>, <a href=\"http:\/\/bloggar.se\/om\/scen\" rel=\"tag\">scen<\/a>, <a href=\"http:\/\/bloggar.se\/om\/recension\" rel=\"tag\">recension<\/a><\/p>\n","protected":false},"excerpt":{"rendered":"<p>Miljonprogrammens h\u00f6ghus vittnar om tidsepoks modernitetsoptimism. Rationalitet \u00e4r ledordet och i en f\u00f6rort med 10.000 inv\u00e5nare har man inte ens brytt sig om att bygga en kyrka. Vilket ocks\u00e5 visade hur d\u00e5ligt f\u00f6rberedda man var f\u00f6r ondskan som vilar bakom varje kr\u00f6k, innanf\u00f6r varje grannes st\u00e4ngda f\u00f6nster. Oskar \u00e4r den mobbade pojken som fantiserar om [&hellip;]<\/p>\n","protected":false},"author":13,"featured_media":0,"comment_status":"open","ping_status":"open","sticky":false,"template":"","format":"standard","meta":{"_genesis_hide_title":false,"_genesis_hide_breadcrumbs":false,"_genesis_hide_singular_image":false,"_genesis_hide_footer_widgets":false,"_genesis_custom_body_class":"","_genesis_custom_post_class":"","_genesis_layout":"","footnotes":""},"categories":[16,20,30,31],"tags":[3394,12285,12286,5155,12288,6117],"class_list":{"0":"post-32459","1":"post","2":"type-post","3":"status-publish","4":"format-standard","6":"category-recension","7":"category-film","8":"category-teater","9":"category-teaterrecension","10":"tag-lat-den-ratte-komma-in","11":"tag-recension","12":"tag-film","13":"tag-skrack","14":"tag-teater","15":"tag-uppsala-stadsteater","16":"entry"},"_links":{"self":[{"href":"https:\/\/kulturbloggen.com\/index.php?rest_route=\/wp\/v2\/posts\/32459","targetHints":{"allow":["GET"]}}],"collection":[{"href":"https:\/\/kulturbloggen.com\/index.php?rest_route=\/wp\/v2\/posts"}],"about":[{"href":"https:\/\/kulturbloggen.com\/index.php?rest_route=\/wp\/v2\/types\/post"}],"author":[{"embeddable":true,"href":"https:\/\/kulturbloggen.com\/index.php?rest_route=\/wp\/v2\/users\/13"}],"replies":[{"embeddable":true,"href":"https:\/\/kulturbloggen.com\/index.php?rest_route=%2Fwp%2Fv2%2Fcomments&post=32459"}],"version-history":[{"count":0,"href":"https:\/\/kulturbloggen.com\/index.php?rest_route=\/wp\/v2\/posts\/32459\/revisions"}],"wp:attachment":[{"href":"https:\/\/kulturbloggen.com\/index.php?rest_route=%2Fwp%2Fv2%2Fmedia&parent=32459"}],"wp:term":[{"taxonomy":"category","embeddable":true,"href":"https:\/\/kulturbloggen.com\/index.php?rest_route=%2Fwp%2Fv2%2Fcategories&post=32459"},{"taxonomy":"post_tag","embeddable":true,"href":"https:\/\/kulturbloggen.com\/index.php?rest_route=%2Fwp%2Fv2%2Ftags&post=32459"}],"curies":[{"name":"wp","href":"https:\/\/api.w.org\/{rel}","templated":true}]}}