{"id":32307,"date":"2011-03-15T20:09:27","date_gmt":"2011-03-15T19:09:27","guid":{"rendered":"http:\/\/kulturbloggen.com\/?p=32307"},"modified":"2011-03-15T20:09:27","modified_gmt":"2011-03-15T19:09:27","slug":"11-00-kanske-inte-ratta-tiden-for-dekadens-kulturbloggen-pa-la-soirees-pressvisning-tyrol","status":"publish","type":"post","link":"https:\/\/kulturbloggen.com\/?p=32307","title":{"rendered":"11.00 kanske inte r\u00e4tta tiden f\u00f6r dekadens &#8211; Kulturbloggen p\u00e5 La Soir\u00e9es pressvisning p\u00e5 Tyrol"},"content":{"rendered":"<p><a href=\"http:\/\/kulturbloggen.com\/wp-content\/uploads\/2011\/03\/tyrol.jpg\"><img loading=\"lazy\" decoding=\"async\" class=\"aligncenter size-medium wp-image-32320\" title=\"tyrol\" src=\"http:\/\/kulturbloggen.com\/wp-content\/uploads\/2011\/03\/tyrol-300x200.jpg\" alt=\"\" width=\"300\" height=\"200\" \/><\/a><br \/>\nBrett Haylock inledde med att po\u00e4ngtera den tidiga timmen. 11.00 p\u00e5 morgonen ans\u00e5g han inte vara den r\u00e4tta tiden f\u00f6r dekadens och moralisk f\u00f6rfall.<\/p>\n<p>Den visuella teasern in f\u00f6r Variet\u00e9 med Glamor och Dekadens 16 mars \u2013 april p\u00e5 Tyrol inleddes av Yulia Pikhtina fr\u00e5n Ukraina. Yulia gjorde en intonerande uppvisning. Rockringarna virvlade i en graci\u00f6s uppvisning. Jag kunde bara ana det intagande och erotiska.<\/p>\n<p>Captain Frodo fr\u00e5n Norge kr\u00f6p genom tennisracken utan str\u00e4ngar. Burlesk och humoristiskt. Ett n\u00e5got onaturligt s\u00e4tt att hantera kroppen p\u00e5.<\/p>\n<p>The English Gents. Egentligen fr\u00e5n Australien Denis Locke gjorde en h\u00e4ftig uppvisning. Att balansera p\u00e5 stolar p\u00e5 ett raffinerad s\u00e4tt. Halsbrytande farlig och elegant.<\/p>\n<p>Hamish McCann trakterade telefonstolpen p\u00e5 ett underbart s\u00e4tt. Kraftfullt och elegant.<br \/>\nTeasern visar att det \u00e4r v\u00e4rt ett bes\u00f6k p\u00e5 Tyrol f\u00f6r att se hela f\u00f6rest\u00e4llningen.<\/p>\n<p><strong>Hans Ernst<br \/>\nText och foto<\/strong><br \/>\n<a href=\"http:\/\/kulturbloggen.com\/wp-content\/uploads\/2011\/03\/tyrol1.jpg\"><img loading=\"lazy\" decoding=\"async\" class=\"aligncenter size-medium wp-image-32321\" title=\"tyrol1\" src=\"http:\/\/kulturbloggen.com\/wp-content\/uploads\/2011\/03\/tyrol1-300x200.jpg\" alt=\"\" width=\"300\" height=\"200\" \/><\/a><br \/>\n<a href=\"http:\/\/kulturbloggen.com\/wp-content\/uploads\/2011\/03\/tyrol3.jpg\"><img loading=\"lazy\" decoding=\"async\" class=\"aligncenter size-medium wp-image-32322\" title=\"tyrol3\" src=\"http:\/\/kulturbloggen.com\/wp-content\/uploads\/2011\/03\/tyrol3-300x200.jpg\" alt=\"\" width=\"300\" height=\"200\" \/><\/a><br \/>\n<a href=\"http:\/\/kulturbloggen.com\/wp-content\/uploads\/2011\/03\/lasoirre.jpg\"><img loading=\"lazy\" decoding=\"async\" src=\"http:\/\/kulturbloggen.com\/wp-content\/uploads\/2011\/03\/lasoirre-300x200.jpg\" alt=\"\" title=\"lasoirre\" width=\"300\" height=\"200\" class=\"aligncenter size-medium wp-image-32334\" \/><\/a><\/p>\n","protected":false},"excerpt":{"rendered":"<p>Brett Haylock inledde med att po\u00e4ngtera den tidiga timmen. 11.00 p\u00e5 morgonen ans\u00e5g han inte vara den r\u00e4tta tiden f\u00f6r dekadens och moralisk f\u00f6rfall. Den visuella teasern in f\u00f6r Variet\u00e9 med Glamor och Dekadens 16 mars \u2013 april p\u00e5 Tyrol inleddes av Yulia Pikhtina fr\u00e5n Ukraina. Yulia gjorde en intonerande uppvisning. Rockringarna virvlade i en [&hellip;]<\/p>\n","protected":false},"author":13,"featured_media":0,"comment_status":"open","ping_status":"open","sticky":false,"template":"","format":"standard","meta":{"_genesis_hide_title":false,"_genesis_hide_breadcrumbs":false,"_genesis_hide_singular_image":false,"_genesis_hide_footer_widgets":false,"_genesis_custom_body_class":"","_genesis_custom_post_class":"","_genesis_layout":"","footnotes":""},"categories":[20,30],"tags":[6049],"class_list":{"0":"post-32307","1":"post","2":"type-post","3":"status-publish","4":"format-standard","6":"category-film","7":"category-teater","8":"tag-tyrol","9":"entry"},"_links":{"self":[{"href":"https:\/\/kulturbloggen.com\/index.php?rest_route=\/wp\/v2\/posts\/32307","targetHints":{"allow":["GET"]}}],"collection":[{"href":"https:\/\/kulturbloggen.com\/index.php?rest_route=\/wp\/v2\/posts"}],"about":[{"href":"https:\/\/kulturbloggen.com\/index.php?rest_route=\/wp\/v2\/types\/post"}],"author":[{"embeddable":true,"href":"https:\/\/kulturbloggen.com\/index.php?rest_route=\/wp\/v2\/users\/13"}],"replies":[{"embeddable":true,"href":"https:\/\/kulturbloggen.com\/index.php?rest_route=%2Fwp%2Fv2%2Fcomments&post=32307"}],"version-history":[{"count":0,"href":"https:\/\/kulturbloggen.com\/index.php?rest_route=\/wp\/v2\/posts\/32307\/revisions"}],"wp:attachment":[{"href":"https:\/\/kulturbloggen.com\/index.php?rest_route=%2Fwp%2Fv2%2Fmedia&parent=32307"}],"wp:term":[{"taxonomy":"category","embeddable":true,"href":"https:\/\/kulturbloggen.com\/index.php?rest_route=%2Fwp%2Fv2%2Fcategories&post=32307"},{"taxonomy":"post_tag","embeddable":true,"href":"https:\/\/kulturbloggen.com\/index.php?rest_route=%2Fwp%2Fv2%2Ftags&post=32307"}],"curies":[{"name":"wp","href":"https:\/\/api.w.org\/{rel}","templated":true}]}}