{"id":32187,"date":"2011-03-12T22:34:08","date_gmt":"2011-03-12T21:34:08","guid":{"rendered":"http:\/\/kulturbloggen.com\/?p=32187"},"modified":"2011-03-12T22:34:08","modified_gmt":"2011-03-12T21:34:08","slug":"twitter-stanger-dorren-for-utvecklare-och-forskare","status":"publish","type":"post","link":"https:\/\/kulturbloggen.com\/?p=32187","title":{"rendered":"Twitter st\u00e4nger d\u00f6rren f\u00f6r utvecklare och forskare"},"content":{"rendered":"<p><a href=\"http:\/\/kulturbloggen.com\/wp-content\/uploads\/2010\/05\/Twitter-Bird.png\"><img loading=\"lazy\" decoding=\"async\" class=\"aligncenter size-medium wp-image-20540\" title=\"Twitter-Bird\" src=\"http:\/\/kulturbloggen.com\/wp-content\/uploads\/2010\/05\/Twitter-Bird-231x300.png\" alt=\"\" width=\"231\" height=\"300\" \/><\/a><\/p>\n<p>I ett uppm\u00e4rksammat uttalande s\u00e4ger en Twttter representant att Twitter bekymrar sig \u00f6ver att det finns s\u00e5 m\u00e5nga olika s\u00e4tt att l\u00e4sa och g\u00f6ra inl\u00e4gg p\u00e5 Twitter. Det ger inte en enhetlig anv\u00e4ndarupplevelse. Inte ens forskarna p\u00e5 Berkman Centre for Internet and Society kommer att f\u00e5 tillst\u00e5nd att anv\u00e4nda tj\u00e4nsten.<\/p>\n<p>Kontentan av det <a href=\"http:\/\/groups.google.com\/group\/twitter-api-announce\/browse_thread\/thread\/c82cd59c7a87216a?hl=en&amp;pli=1\">nya anv\u00e4ndaravtalet<\/a> \u00e4r att utvecklare av Twitterklienter f\u00f6rmodligen m\u00e5ste sluta med det. Det kommer inte att vara till\u00e5tet, inte ens om du \u00e4r forskare.<\/p>\n<p>Twitter vill allts\u00e5 best\u00e4mma vad som \u00e4r en bra anv\u00e4ndaruppplevelse f\u00f6r dig. De vill best\u00e4mma hur du l\u00e4ser och publicerar till Twitter och hur dina tweets skall visas om du har dem p\u00e5 din blogg.<\/p>\n<p>Tanken g\u00e5r till gammelmedia om det \u00e4r meningen att vi skall sitta och lapa i oss k\u00e4ndistweets fr\u00e5n Charlie Sheen framf\u00f6r TVn, serverade p\u00e5 ett enhetligt och godk\u00e4nt s\u00e4tt.<\/p>\n<p><a href=\"http:\/\/scripting.com\/stories\/2011\/03\/11\/twittersNewDeveloperRoadma.html\">David Winer har synpunkter p\u00e5 detta.<\/a><\/p>\n<p><a href=\"http:\/\/inessential.com\/2011\/03\/11\/did_twitter_just_tell_client-app_develop\">Brent Simmons fr\u00e5gar om Twitter jus bett sina apputvecklare sluta utveckla<\/a><\/p>\n<p><a href=\"http:\/\/intressant.se\/intressant\">Intressant?<\/a><\/p>\n<p>&nbsp;<\/p>\n","protected":false},"excerpt":{"rendered":"<p>I ett uppm\u00e4rksammat uttalande s\u00e4ger en Twttter representant att Twitter bekymrar sig \u00f6ver att det finns s\u00e5 m\u00e5nga olika s\u00e4tt att l\u00e4sa och g\u00f6ra inl\u00e4gg p\u00e5 Twitter. Det ger inte en enhetlig anv\u00e4ndarupplevelse. Inte ens forskarna p\u00e5 Berkman Centre for Internet and Society kommer att f\u00e5 tillst\u00e5nd att anv\u00e4nda tj\u00e4nsten. Kontentan av det nya anv\u00e4ndaravtalet [&hellip;]<\/p>\n","protected":false},"author":13,"featured_media":0,"comment_status":"open","ping_status":"open","sticky":false,"template":"","format":"standard","meta":{"_genesis_hide_title":false,"_genesis_hide_breadcrumbs":false,"_genesis_hide_singular_image":false,"_genesis_hide_footer_widgets":false,"_genesis_custom_body_class":"","_genesis_custom_post_class":"","_genesis_layout":"","footnotes":""},"categories":[62],"tags":[361,972,1637,4659,6045,6155],"class_list":{"0":"post-32187","1":"post","2":"type-post","3":"status-publish","4":"format-standard","6":"category-medie-och-kulturpolitik","7":"tag-appar","8":"tag-charlie-sheen","9":"tag-fail","10":"tag-read-write-web","11":"tag-twitter","12":"tag-utvecklare","13":"entry"},"_links":{"self":[{"href":"https:\/\/kulturbloggen.com\/index.php?rest_route=\/wp\/v2\/posts\/32187","targetHints":{"allow":["GET"]}}],"collection":[{"href":"https:\/\/kulturbloggen.com\/index.php?rest_route=\/wp\/v2\/posts"}],"about":[{"href":"https:\/\/kulturbloggen.com\/index.php?rest_route=\/wp\/v2\/types\/post"}],"author":[{"embeddable":true,"href":"https:\/\/kulturbloggen.com\/index.php?rest_route=\/wp\/v2\/users\/13"}],"replies":[{"embeddable":true,"href":"https:\/\/kulturbloggen.com\/index.php?rest_route=%2Fwp%2Fv2%2Fcomments&post=32187"}],"version-history":[{"count":0,"href":"https:\/\/kulturbloggen.com\/index.php?rest_route=\/wp\/v2\/posts\/32187\/revisions"}],"wp:attachment":[{"href":"https:\/\/kulturbloggen.com\/index.php?rest_route=%2Fwp%2Fv2%2Fmedia&parent=32187"}],"wp:term":[{"taxonomy":"category","embeddable":true,"href":"https:\/\/kulturbloggen.com\/index.php?rest_route=%2Fwp%2Fv2%2Fcategories&post=32187"},{"taxonomy":"post_tag","embeddable":true,"href":"https:\/\/kulturbloggen.com\/index.php?rest_route=%2Fwp%2Fv2%2Ftags&post=32187"}],"curies":[{"name":"wp","href":"https:\/\/api.w.org\/{rel}","templated":true}]}}