{"id":32156,"date":"2011-03-12T10:25:02","date_gmt":"2011-03-12T09:25:02","guid":{"rendered":"http:\/\/kulturbloggen.com\/?p=32156"},"modified":"2011-03-12T10:25:02","modified_gmt":"2011-03-12T09:25:02","slug":"du-star-manskligheten-har-med-byxan-nere-och-vi-ser-hur-farlig-karnkraft-ar","status":"publish","type":"post","link":"https:\/\/kulturbloggen.com\/?p=32156","title":{"rendered":"Nu st\u00e5r m\u00e4nskligheten med byxan nere och vi ser hur farlig k\u00e4rnkraft \u00e4r"},"content":{"rendered":"<p><a href=\"http:\/\/kulturbloggen.com\/wp-content\/uploads\/2011\/03\/karnkraft.png\"><img loading=\"lazy\" decoding=\"async\" src=\"http:\/\/kulturbloggen.com\/wp-content\/uploads\/2011\/03\/karnkraft.png\" alt=\"\" title=\"karnkraft\" width=\"200\" height=\"176\" class=\"aligncenter size-full wp-image-32157\" \/><\/a><br \/>\nNu har det h\u00e4nt. Ett enormt industrialiserat land som Japan som kramar k\u00e4rnkraft och olja i jakten p\u00e5 v\u00e4lf\u00e4rd har drabbats av ett stort jordskalv med efterf\u00f6ljande tsunami. Naturens krafter \u00e4r outh\u00e4rdliga ibland.<br \/>\nLivet \u00e4r farligt och naturen ocks\u00e5. S\u00e5 har det varit i alla tider. Men m\u00e4nniskan har i sin jakt p\u00e5 v\u00e4lf\u00e4rd tagit en del beslut som f\u00f6rv\u00e4rrar katastroferna, som vid tsunamin i Thailand. Om mangrove inte varit s\u00e5 sk\u00f6vlat hade kusterna i Thailand och Indonesien haft betydligt b\u00e4ttre skydd n\u00e4r den f\u00f6r\u00f6dande flodv\u00e5gen slog till.<\/p>\n<p>Nu har Japan drabbats av ett jordskalv med tsunami som redan gett mer \u00e4n 1.000 d\u00f6da. Tyv\u00e4rr \u00e4r nog risken stor att katastrofen blir \u00e4nnu st\u00f6rre.<\/p>\n<p><a href=\"http:\/\/www.dn.se\/nyheter\/varlden\/hardsmalta-befaras-i-japan\">Ur DN: Explosion p\u00e5 k\u00e4rnkraftverk<\/a><br \/>\n<em>Flera personer uppges ha skadats. En explosion h\u00f6rdes p\u00e5 l\u00f6rdagsmorgonen fr\u00e5n k\u00e4rnkraftverket Fukushima i norra Japan och vit r\u00f6k steg mot himlen, rapporterar flera medier.<\/em><\/p>\n<p>Nu ser vi det ske, som vi som aldrig varit svaga f\u00f6r k\u00e4rnkraften, s\u00e5 l\u00e4nge vetat n\u00e5gon skulle ske. <a href=\"http:\/\/rodaberget.wordpress.com\/2011\/03\/12\/karnkraftens-risker-blottlaggs-i-japan\/\">Som R\u00f6da Berget skriver:<\/a><\/p>\n<blockquote><p>Jordb\u00e4vningen i Japan visar ocks\u00e5 p\u00e5 k\u00e4rnkraftens\u00a0<a href=\"http:\/\/www.aftonbladet.se\/nyheter\/article8701076.ab\" target=\"_blank\">risker<\/a>. Enligt media l\u00e4cker\u00a0<a href=\"http:\/\/jinge.se\/natur\/hardsmalta-i-japan-3.htm\" target=\"_blank\">minst <\/a>ett\u00a0<a href=\"http:\/\/www.zaramis.nu\/blog\/2011\/03\/12\/karnkraftshaveri-kan-forvarra-laget-i-japan\/\" target=\"_blank\">gigantiskt <\/a>verk\u00a0<a href=\"http:\/\/www.svd.se\/nyheter\/utrikes\/extrem-radioaktivitet-efter-skalvet_6001001.svd\" target=\"_blank\">radioaktiv <\/a>\u00e5nga och\u00a0<a href=\"http:\/\/www.dn.se\/nyheter\/varlden\/45-000-evakuerade-efter-risk-for-hardsmalta\" target=\"_blank\">45000 <\/a>personer har evakuerats. Att evakuera en stad av Borl\u00e4nges storlek \u00e4r det sista de japanska myndigheterna beh\u00f6ver just nu.<\/p>\n<p>Just nu verkar m\u00e4ngden radioaktiv\u00a0<a href=\"http:\/\/www.svd.se\/nyheter\/utrikes\/radioaktiv-anga-slapps-ut_6001039.svd\" target=\"_blank\">\u00e5nga <\/a>som sl\u00e4pps ut vara p\u00e5 niv\u00e5er som \u00e4r hanterbara, men det kan \u00e4ndras. De inneslutningar som finns ska enligt uppgift klara en\u00a0<a href=\"http:\/\/www.svd.se\/nyheter\/utrikes\/risk-for-hardsmalta-i-japan_6001247.svd\" target=\"_blank\">h\u00e4rdsm\u00e4lta<\/a>, men jag tror ingen vill se om det\u00a0<a href=\"http:\/\/www.dn.se\/nyheter\/varlden\/hardsmalta-befaras-i-japan\" target=\"_blank\">p\u00e5st\u00e5endet <\/a>st\u00e4mmer. Vi ska ocks\u00e5 ha v\u00e4ldigt klart f\u00f6r oss att om\u00a0ett k\u00e4rnkraftverk drabbas av den\u00a0<a href=\"http:\/\/www.dn.se\/nyheter\/varlden\/kraftigt-efterskalv-utanfor-japanska-kusten\" target=\"_blank\">fulla <\/a>kraften fr\u00e5n en\u00a0<a href=\"http:\/\/www.dn.se\/nyheter\/varlden\/annu-varre-skalv-kan-vanta-tokyo\" target=\"_blank\">massiv jordb\u00e4vning <\/a>rivs inneslutningen s\u00f6nder som papper.<\/p><\/blockquote>\n<p>Ja vi m\u00e4nniskor vill ha v\u00e4lf\u00e4rd. De flesta av oss vill ha tillg\u00e5ng till datorer, l\u00e4splattor, tv, avancerad utrustning i sjukv\u00e5rden, elektricitet till allt m\u00f6jligt, b\u00e5de nyttigt och underh\u00e5llande, vi vill resa och f\u00f6rflytta oss &#8230;<br \/>\nVi vill kunna kommunicera med m\u00e4nniskor v\u00e4rlden \u00f6ver.<br \/>\nMen det \u00e4r dags att p\u00e5 allvar ta itu med vilka energik\u00e4llor vi utnyttjar och utvecklar. T\u00e4nk om katastrofen i Japan kunde bli en avstamp f\u00f6r ett ordentligt avstamp f\u00f6r att p\u00e5 allvar och med \u00f6dmjukhet utveckla teknik som inte bygger p\u00e5 vare sig olja eller k\u00e4rnkraft (sj\u00e4lvklart inte p\u00e5 kol heller, men det ska jag v\u00e4l inte beh\u00f6va s\u00e4ga ens?)<\/p>\n<p>Oavsett hur\u00a0ett k\u00e4rnkraftverk \u00e4r byggt eller hur det sk\u00f6ts \u00e4r de en enorm riskfaktor vid stora naturkatastrofer eller i en krigssituation.<\/p>\n<p>Relaterat:<br \/>\n<a href=\"http:\/\/www.aftonbladet.se\/nyheter\/article8701551.ab\">Aftonbladet<\/a>, <a href=\"http:\/\/www.zaramis.nu\/blog\/2011\/03\/12\/forhallandevis-fa-doda-i-japansk-naturkatastrof\/\">Svensson<\/a> och <a href=\"http:\/\/www.expressen.se\/nyheter\/1.2362981\/explosion-pa-karnkraftverket-i-japan\">Expressen<\/a>, <a href=\"http:\/\/www.dn.se\/nyheter\/varlden\/nytt-forsok-kyla-reaktorn\">Dagens Nyheter 2<\/a>, <a href=\"http:\/\/www.expressen.se\/nyheter\/1.2362761\/svenska-experter-kan-skickas-till-japan\">Expressen 2<\/a>, <a href=\"http:\/\/www.vg.no\/nyheter\/utenriks\/jordskjelv-i-japan\/artikkel.php?artid=10099247\">Verdens Gang 1 <\/a>och <a href=\"http:\/\/www.vg.no\/nyheter\/utenriks\/jordskjelv-i-japan\/artikkel.php?artid=10099244\">Verdens Gang 2<\/a>.<\/p>\n<p>L\u00e4s \u00e4ven andra bloggares \u00e5sikter om <a href=\"http:\/\/bloggar.se\/om\/Japan\" rel=\"tag\">Japan<\/a>, <a href=\"http:\/\/bloggar.se\/om\/tsunami\" rel=\"tag\">tsunami<\/a>, <a href=\"http:\/\/bloggar.se\/om\/k%E4rnkraft\" rel=\"tag\">k\u00e4rnkraft<\/a>, <a href=\"http:\/\/bloggar.se\/om\/energi\" rel=\"tag\">energi<\/a>, <a href=\"http:\/\/bloggar.se\/om\/internationellt\" rel=\"tag\">internationellt<\/a>, <a href=\"http:\/\/bloggar.se\/om\/k%E4rnkraftsolycka\" rel=\"tag\">k\u00e4rnkraftsolycka<\/a>, <a href=\"http:\/\/bloggar.se\/om\/Fukushima\" rel=\"tag\">Fukushima<\/a>, <a href=\"http:\/\/bloggar.se\/om\/jordskalv\" rel=\"tag\">jordskalv<\/a>, <a href=\"http:\/\/bloggar.se\/om\/naturkatastrof\" rel=\"tag\">naturkatastrof<\/a>, <a href=\"http:\/\/bloggar.se\/om\/energipolitik\" rel=\"tag\">energipolitik<\/a>, <a href=\"http:\/\/bloggar.se\/om\/milj%F6\" rel=\"tag\">milj\u00f6<\/a>, <a href=\"http:\/\/bloggar.se\/om\/politik\" rel=\"tag\">politik<\/a>, <a href=\"http:\/\/bloggar.se\/om\/samh%E4lle\" rel=\"tag\">samh\u00e4lle<\/a><\/p>\n","protected":false},"excerpt":{"rendered":"<p>Nu har det h\u00e4nt. Ett enormt industrialiserat land som Japan som kramar k\u00e4rnkraft och olja i jakten p\u00e5 v\u00e4lf\u00e4rd har drabbats av ett stort jordskalv med efterf\u00f6ljande tsunami. Naturens krafter \u00e4r outh\u00e4rdliga ibland. Livet \u00e4r farligt och naturen ocks\u00e5. S\u00e5 har det varit i alla tider. Men m\u00e4nniskan har i sin jakt p\u00e5 v\u00e4lf\u00e4rd tagit [&hellip;]<\/p>\n","protected":false},"author":2,"featured_media":0,"comment_status":"open","ping_status":"open","sticky":false,"template":"","format":"standard","meta":{"_genesis_hide_title":false,"_genesis_hide_breadcrumbs":false,"_genesis_hide_singular_image":false,"_genesis_hide_footer_widgets":false,"_genesis_custom_body_class":"","_genesis_custom_post_class":"","_genesis_layout":"","footnotes":""},"categories":[44],"tags":[1520,1523,1897,56,2622,2752,3182,3183,3680,3932,12284,4917,5996],"class_list":{"0":"post-32156","1":"post","2":"type-post","3":"status-publish","4":"format-standard","6":"category-chadie","7":"tag-energi","8":"tag-energipolitik","9":"tag-fukushima","10":"tag-internationellt-politik-nyheter","11":"tag-japan","12":"tag-jordskalv","13":"tag-karnkraft","14":"tag-karnkraftsolycka","15":"tag-miljo","16":"tag-naturkatastrof","17":"tag-politik","18":"tag-samhalle","19":"tag-tsunami","20":"entry"},"_links":{"self":[{"href":"https:\/\/kulturbloggen.com\/index.php?rest_route=\/wp\/v2\/posts\/32156","targetHints":{"allow":["GET"]}}],"collection":[{"href":"https:\/\/kulturbloggen.com\/index.php?rest_route=\/wp\/v2\/posts"}],"about":[{"href":"https:\/\/kulturbloggen.com\/index.php?rest_route=\/wp\/v2\/types\/post"}],"author":[{"embeddable":true,"href":"https:\/\/kulturbloggen.com\/index.php?rest_route=\/wp\/v2\/users\/2"}],"replies":[{"embeddable":true,"href":"https:\/\/kulturbloggen.com\/index.php?rest_route=%2Fwp%2Fv2%2Fcomments&post=32156"}],"version-history":[{"count":0,"href":"https:\/\/kulturbloggen.com\/index.php?rest_route=\/wp\/v2\/posts\/32156\/revisions"}],"wp:attachment":[{"href":"https:\/\/kulturbloggen.com\/index.php?rest_route=%2Fwp%2Fv2%2Fmedia&parent=32156"}],"wp:term":[{"taxonomy":"category","embeddable":true,"href":"https:\/\/kulturbloggen.com\/index.php?rest_route=%2Fwp%2Fv2%2Fcategories&post=32156"},{"taxonomy":"post_tag","embeddable":true,"href":"https:\/\/kulturbloggen.com\/index.php?rest_route=%2Fwp%2Fv2%2Ftags&post=32156"}],"curies":[{"name":"wp","href":"https:\/\/api.w.org\/{rel}","templated":true}]}}