{"id":31508,"date":"2011-03-01T16:43:30","date_gmt":"2011-03-01T15:43:30","guid":{"rendered":"http:\/\/kulturbloggen.com\/?p=31508"},"modified":"2011-03-01T16:43:30","modified_gmt":"2011-03-01T15:43:30","slug":"forandring-ar-ledordet-for-teaterbiennalen-i-maj","status":"publish","type":"post","link":"https:\/\/kulturbloggen.com\/?p=31508","title":{"rendered":"F\u00f6r\u00e4ndring \u00e4r ledordet f\u00f6r teaterbiennalen i maj"},"content":{"rendered":"<p><a href=\"http:\/\/kulturbloggen.com\/wp-content\/uploads\/2011\/03\/teaterbienallen.jpg\"><img loading=\"lazy\" decoding=\"async\" src=\"http:\/\/kulturbloggen.com\/wp-content\/uploads\/2011\/03\/teaterbienallen.jpg\" alt=\"\" title=\"teaterbienallen\" width=\"165\" height=\"165\" class=\"aligncenter size-full wp-image-31509\" \/><\/a><\/p>\n<p>11\u201315 maj 2011 h\u00e4lsar G\u00e4vle teatersverige v\u00e4lkommen till teaterbiennalen. D\u00e5 ska teaterns framtid och samtid, dess tradition och f\u00f6rnyelse s\u00e5 i fokus. Temat f\u00f6r biennalen \u00e4r F\u00f6r\u00e4ndring.<\/p>\n<p>Det l\u00e5ter v\u00e4ldigt intressant och sp\u00e4nnande.<br \/>\nFast en liten reflektion slog mig <a href=\"http:\/\/www.teaterbiennalen.se\/hem\/\">n\u00e4r jag kollade in deras <strong>webbplats<\/strong><\/a>, som visserligen \u00e4r snygg men inte s\u00e4rskilt modern. Jag kunde inte hitta n\u00e5gon l\u00e4nk till deras facebook eller twitterkonto. Inte heller verkar de v\u00e4lkomna att teater- och kulturintresserade som kulturbloggare l\u00e4nkar till dem. De samlar inte ihop l\u00e4nkar p\u00e5 n\u00e5got s\u00e4tt. De verkar inte riktigt leva i samma nutid som jag g\u00f6r, till exempel.<\/p>\n<p>Fast det kanske kommer fram\u00f6ver. <\/p>\n<p>H\u00e4r finns mer information om teaterbiennalen, fr\u00e5n ett pressmeddelande i alla fall:<br \/>\nHela Sveriges teaterliv h\u00e4lsas v\u00e4lkomna till G\u00e4vle 11\u201315 maj 2011 f\u00f6r att diskutera samtid och framtid, tradition och f\u00f6rnyelse, veteraner och rookies, traditionalister och avantgarde, globala, nationella, regionala, lokala perspektiv. Idag kl 9.00 sl\u00e4pper vi programmet och bokningen p\u00e5 www.teaterbiennalen.se.<\/p>\n<p>M\u00e5nga \u00e4r delaktiga i genomf\u00f6randet av denna teaterbranschens gemensamma manifestation: medverkande p\u00e5 och bakom scenen, studenter, arrang\u00f6rer och medverkande i seminarier, ledare f\u00f6r workshops, debatt\u00f6rer, organisationer och f\u00f6reningar och inte minst alla samarbetspartners.<\/p>\n<p>Denna g\u00e5ng har teaterbiennalen temat F\u00f6r\u00e4ndring!<br \/>\nVar finner vi v\u00e5ra framtida ber\u00e4ttelser? Och hur ska de gestaltas?<br \/>\nVad h\u00e4nder med regionteatrarna n\u00e4r storregionerna tar \u00f6ver?<br \/>\nHur ska teatern m\u00f6ta de nya kraven fr\u00e5n deltagarkulturen?<br \/>\nVem ska betala framtidens kvalitetsteater?<br \/>\nHur kommer den projektbaserade kulturekonomin att p\u00e5verka scenkonsten?<br \/>\nVilken plats har scenkonsten i den globala utvecklingen?<\/p>\n<p>Vi tr\u00e4ffas i en stad med dramatisk teaterhistoria, och med en bred och kunnig publik. Under fem dagar \u00f6versv\u00e4mmas G\u00e4vle av 130 f\u00f6rest\u00e4llningar, seminarier, m\u00f6ten och mycket, mycket mer. Vi hoppas att publik av alla slag ska m\u00f6tas under biennalen f\u00f6r att uppleva och diskutera teater.<\/p>\n<p>Relaterat: <a href=\"http:\/\/teatermagasinet.se\/?p=871\">Teatermagasinet<\/a><\/p>\n<p>L\u00e4s \u00e4ven andra bloggares \u00e5sikter om <a href=\"http:\/\/bloggar.se\/om\/teaterbiennalen\" rel=\"tag\">teaterbiennalen<\/a>, <a href=\"http:\/\/bloggar.se\/om\/teater\" rel=\"tag\">teater<\/a>, <a href=\"http:\/\/bloggar.se\/om\/scen\" rel=\"tag\">scen<\/a>, <a href=\"http:\/\/bloggar.se\/om\/G%E4vle\" rel=\"tag\">G\u00e4vle<\/a><\/p>\n","protected":false},"excerpt":{"rendered":"<p>11\u201315 maj 2011 h\u00e4lsar G\u00e4vle teatersverige v\u00e4lkommen till teaterbiennalen. D\u00e5 ska teaterns framtid och samtid, dess tradition och f\u00f6rnyelse s\u00e5 i fokus. Temat f\u00f6r biennalen \u00e4r F\u00f6r\u00e4ndring. Det l\u00e5ter v\u00e4ldigt intressant och sp\u00e4nnande. Fast en liten reflektion slog mig n\u00e4r jag kollade in deras webbplats, som visserligen \u00e4r snygg men inte s\u00e4rskilt modern. Jag kunde [&hellip;]<\/p>\n","protected":false},"author":2,"featured_media":0,"comment_status":"open","ping_status":"open","sticky":false,"template":"","format":"standard","meta":{"_genesis_hide_title":false,"_genesis_hide_breadcrumbs":false,"_genesis_hide_singular_image":false,"_genesis_hide_footer_widgets":false,"_genesis_custom_body_class":"","_genesis_custom_post_class":"","_genesis_layout":"","footnotes":""},"categories":[20,30],"tags":[2151,12286,12288,5651],"class_list":{"0":"post-31508","1":"post","2":"type-post","3":"status-publish","4":"format-standard","6":"category-film","7":"category-teater","8":"tag-gavle","9":"tag-film","10":"tag-teater","11":"tag-teaterbiennalen","12":"entry"},"_links":{"self":[{"href":"https:\/\/kulturbloggen.com\/index.php?rest_route=\/wp\/v2\/posts\/31508","targetHints":{"allow":["GET"]}}],"collection":[{"href":"https:\/\/kulturbloggen.com\/index.php?rest_route=\/wp\/v2\/posts"}],"about":[{"href":"https:\/\/kulturbloggen.com\/index.php?rest_route=\/wp\/v2\/types\/post"}],"author":[{"embeddable":true,"href":"https:\/\/kulturbloggen.com\/index.php?rest_route=\/wp\/v2\/users\/2"}],"replies":[{"embeddable":true,"href":"https:\/\/kulturbloggen.com\/index.php?rest_route=%2Fwp%2Fv2%2Fcomments&post=31508"}],"version-history":[{"count":0,"href":"https:\/\/kulturbloggen.com\/index.php?rest_route=\/wp\/v2\/posts\/31508\/revisions"}],"wp:attachment":[{"href":"https:\/\/kulturbloggen.com\/index.php?rest_route=%2Fwp%2Fv2%2Fmedia&parent=31508"}],"wp:term":[{"taxonomy":"category","embeddable":true,"href":"https:\/\/kulturbloggen.com\/index.php?rest_route=%2Fwp%2Fv2%2Fcategories&post=31508"},{"taxonomy":"post_tag","embeddable":true,"href":"https:\/\/kulturbloggen.com\/index.php?rest_route=%2Fwp%2Fv2%2Ftags&post=31508"}],"curies":[{"name":"wp","href":"https:\/\/api.w.org\/{rel}","templated":true}]}}