{"id":31378,"date":"2011-02-25T15:12:03","date_gmt":"2011-02-25T14:12:03","guid":{"rendered":"http:\/\/kulturbloggen.com\/?p=31378"},"modified":"2011-02-25T15:12:03","modified_gmt":"2011-02-25T14:12:03","slug":"ganska-roligt-att-lasa-varfor-far-heidenstam-inte-vara-den-han-ar","status":"publish","type":"post","link":"https:\/\/kulturbloggen.com\/?p=31378","title":{"rendered":"Ganska roligt att l\u00e4sa &#8221;Varf\u00f6r f\u00e5r Heidenstam inte vara den han \u00e4r?&#8221;"},"content":{"rendered":"<p><a href=\"http:\/\/kulturbloggen.com\/wp-content\/uploads\/2011\/02\/varforfarheidenstamintevara.jpg\"><img loading=\"lazy\" decoding=\"async\" src=\"http:\/\/kulturbloggen.com\/wp-content\/uploads\/2011\/02\/varforfarheidenstamintevara-189x300.jpg\" alt=\"\" title=\"varforfarheidenstamintevara\" width=\"189\" height=\"300\" class=\"aligncenter size-medium wp-image-31384\" \/><\/a><br \/>\nEn filippik \u00e4r ett skarpt angrepp i tal eller skrift och kommer ursprungligen fr\u00e5n Demostenes angrepp p\u00e5 Filip II av Makedonien. Demostenes var det antika Greklands st\u00f6rste retoriker under \u00e5ren 351-341 f.Kr.<\/p>\n<p>Det f\u00e5r vi reda p\u00e5 n\u00e4r vi l\u00e4ser Per I. Gedins lilla skrift &#8221;Varf\u00f6r f\u00e5r Heidenstam inte vara den han \u00e4r?&#8221;.<br \/>\nBoken \u00e4r som ett slags l\u00e4ngre till\u00e4gg till den utf\u00f6rligare biografin \u201dVerner von Heidenstam. Ett liv\u201d.<\/p>\n<p>Per I. Gedin \u00e4r uppenbart ett stort fan av Verner von Heidenstam. Det kanske \u00e4r ett v\u00e5rdsl\u00f6st uttryck n\u00e4r det handlar om seri\u00f6sa litteraturvetare, men det \u00e4r \u00e4nd\u00e5 s\u00e5 tydligt att han g\u00e5r upp till stort f\u00f6rsvar f\u00f6r Heidenstam.<\/p>\n<p>Den lilla skriften har en hel del roliga kommentarer, d\u00e4r han visar hur ovederh\u00e4ftig en del av kritiken mot Heidenstam \u00e4r.  Som exempel: N\u00e4r Heidenstam skilde sig fr\u00e5n sin tredje hustru, den trettio \u00e5r yngre Greta, gav han henne ett mycket gener\u00f6st underh\u00e5ll, skickade fina presenter n\u00e4r hon en kort tid efter\u00e5t gifte sig med Anders \u00d6sterling och gav henne senare, n\u00e4r han f\u00e5tt Nobelpriset i litteratur, halva prissumman. \u00c4nd\u00e5 har bilden av Heidenstam som hj\u00e4rtl\u00f6s kvinnohatare spridits.<\/p>\n<p>Heidenstam beskylls f\u00f6r att vara \u00e4rkereaktion\u00e4r, \u00e4nd\u00e5 \u00e4r det han som skrivit den ber\u00f6mda strofen:<br \/>\n<em>Det \u00e4r skam, det \u00e4r fl\u00e4ck p\u00e5 Sveriges baner\/att medborgarr\u00e4tt heter pengar.<\/em><\/p>\n<p>N\u00e4r unionen med Norge uppl\u00f6stes talade Heidenstam mot krig och vapenskrammel och var tydlig pacifist.<\/p>\n<p>Han har beskyllts f\u00f6r att vara antisemit, \u00e4nd\u00e5 har han talat till f\u00f6rsvar f\u00f6r Dreyfus.<\/p>\n<p>De ivrigaste Heidenstamsbelackarna har en del att f\u00f6rklara. Det \u00e4r r\u00e4tt roligt att l\u00e4sa hur Per I. Gedin kl\u00e4r av dem sina argument. Inte f\u00f6r att Heidenstam var perfekt, eller n\u00e5gon \u00e4ngel. De flesta stora f\u00f6rfattare har v\u00e4l haft sina sidor och haft sina demoner.<\/p>\n<p>Det som drar ner den lilla filippiken \u00e4r att den \u00e4r  lite r\u00f6rig att l\u00e4sa, eftersom Gedin  hela tiden h\u00e4nvisar visar till n\u00e5gon som skrivit n\u00e5got. Det blir s\u00e5 f\u00f6rst\u00e5s n\u00e4r universitetsfolk skriver och den lilla skriften \u00e4r nog mest t\u00e4nkt att ha som bredvidl\u00e4sning till den stora biografin.<\/p>\n<p>Heidenstams f\u00f6rfattarskap tillh\u00f6r Sveriges fr\u00e4msta, anser Per I. Gedin. I den lilla stridsskriften visar Gedin p\u00e5 hur en del av misstolkningarna av Verner von Heidenstam uppkommit.<\/p>\n<p>Det \u00e4r detta som g\u00f6r den s\u00e5 rolig att l\u00e4sa. Detta s\u00e4tt att misstolka \u00e4r tyv\u00e4rr alltf\u00f6r vanligt. Etablerade stora skribenter drivs \u00e4nd\u00e5 av f\u00f6rdomar. Det \u00e4r ganska roligt. Att en skribent tar st\u00e4llning och sedan bara lyssnar p\u00e5 det som underbygger den fastslagna tolkningen. Det \u00e4r trist att det \u00e4r s\u00e5, men lustigt samtidigt, ironiskt som en absurd pj\u00e4s.<\/p>\n<p>Varf\u00f6r f\u00e5r Heidenstam inte vara den han \u00e4r?<br \/>\nF\u00f6rfattare: Per I. Gedin<br \/>\nISBN\t978-91-7461-026-0<br \/>\nBokf\u00f6rlag: <a href=\"http:\/\/www.lindco.se\/\">Lind &#038; Co<\/a><\/p>\n<p>Relaterat: <a href=\"http:\/\/www.svd.se\/kulturnoje\/litteratur\/forfoljd-av-fordomar_5918285.svd\">Svenska Dagbladet<\/a> och <a href=\"http:\/\/www.dn.se\/dnbok\/bokrecensioner\/per-i-gedin-varfor-far-inte-heidenstam-vara-den-han-ar-en-filippik\">Dagens Nyheter<\/a>.<\/p>\n<p>L\u00e4s \u00e4ven andra bloggares \u00e5sikter om <a href=\"http:\/\/bloggar.se\/om\/Verner+von+Heidenstam\" rel=\"tag\">Verner von Heidenstam<\/a>, <a href=\"http:\/\/bloggar.se\/om\/bok\" rel=\"tag\">bok<\/a>, <a href=\"http:\/\/bloggar.se\/om\/biografi\" rel=\"tag\">biografi<\/a>, <a href=\"http:\/\/bloggar.se\/om\/filippik\" rel=\"tag\">filippik<\/a><\/p>\n","protected":false},"excerpt":{"rendered":"<p>En filippik \u00e4r ett skarpt angrepp i tal eller skrift och kommer ursprungligen fr\u00e5n Demostenes angrepp p\u00e5 Filip II av Makedonien. Demostenes var det antika Greklands st\u00f6rste retoriker under \u00e5ren 351-341 f.Kr. Det f\u00e5r vi reda p\u00e5 n\u00e4r vi l\u00e4ser Per I. Gedins lilla skrift &#8221;Varf\u00f6r f\u00e5r Heidenstam inte vara den han \u00e4r?&#8221;. Boken \u00e4r [&hellip;]<\/p>\n","protected":false},"author":2,"featured_media":0,"comment_status":"open","ping_status":"open","sticky":false,"template":"","format":"standard","meta":{"_genesis_hide_title":false,"_genesis_hide_breadcrumbs":false,"_genesis_hide_singular_image":false,"_genesis_hide_footer_widgets":false,"_genesis_custom_body_class":"","_genesis_custom_post_class":"","_genesis_layout":"","footnotes":""},"categories":[43,3,16],"tags":[667,12280,1712,6213],"class_list":{"0":"post-31378","1":"post","2":"type-post","3":"status-publish","4":"format-standard","6":"category-bokrecension","7":"category-litteratur","8":"category-recension","9":"tag-biografi","10":"tag-litteratur","11":"tag-filipppik","12":"tag-verner-von-heidenstam","13":"entry"},"_links":{"self":[{"href":"https:\/\/kulturbloggen.com\/index.php?rest_route=\/wp\/v2\/posts\/31378","targetHints":{"allow":["GET"]}}],"collection":[{"href":"https:\/\/kulturbloggen.com\/index.php?rest_route=\/wp\/v2\/posts"}],"about":[{"href":"https:\/\/kulturbloggen.com\/index.php?rest_route=\/wp\/v2\/types\/post"}],"author":[{"embeddable":true,"href":"https:\/\/kulturbloggen.com\/index.php?rest_route=\/wp\/v2\/users\/2"}],"replies":[{"embeddable":true,"href":"https:\/\/kulturbloggen.com\/index.php?rest_route=%2Fwp%2Fv2%2Fcomments&post=31378"}],"version-history":[{"count":0,"href":"https:\/\/kulturbloggen.com\/index.php?rest_route=\/wp\/v2\/posts\/31378\/revisions"}],"wp:attachment":[{"href":"https:\/\/kulturbloggen.com\/index.php?rest_route=%2Fwp%2Fv2%2Fmedia&parent=31378"}],"wp:term":[{"taxonomy":"category","embeddable":true,"href":"https:\/\/kulturbloggen.com\/index.php?rest_route=%2Fwp%2Fv2%2Fcategories&post=31378"},{"taxonomy":"post_tag","embeddable":true,"href":"https:\/\/kulturbloggen.com\/index.php?rest_route=%2Fwp%2Fv2%2Ftags&post=31378"}],"curies":[{"name":"wp","href":"https:\/\/api.w.org\/{rel}","templated":true}]}}