{"id":31361,"date":"2011-02-25T11:04:33","date_gmt":"2011-02-25T10:04:33","guid":{"rendered":"http:\/\/kulturbloggen.com\/?p=31361"},"modified":"2011-02-25T11:04:33","modified_gmt":"2011-02-25T10:04:33","slug":"tankar-kring-boken-att-bo-granne-med-ondskan-av-klas-amark","status":"publish","type":"post","link":"https:\/\/kulturbloggen.com\/?p=31361","title":{"rendered":"Tankar kring boken Att bo granne med ondskan av Klas \u00c5mark"},"content":{"rendered":"<p><a href=\"http:\/\/kulturbloggen.com\/wp-content\/uploads\/2011\/02\/attbogrannemedondskan.jpg\"><img loading=\"lazy\" decoding=\"async\" src=\"http:\/\/kulturbloggen.com\/wp-content\/uploads\/2011\/02\/attbogrannemedondskan.jpg\" alt=\"\" title=\"attbogrannemedondskan\" width=\"170\" height=\"268\" class=\"aligncenter size-full wp-image-31365\" \/><\/a><\/p>\n<p>En 700 sidor tung bok om Sveriges f\u00f6rh\u00e5llande till nazismen, Nazityskland och F\u00f6rintelsen av <a href=\"http:\/\/www.historia.su.se\/pub\/jsp\/polopoly.jsp?d=14554&#038;a=80294\">Klas \u00c5mark som \u00e4r professor p\u00e5 historiska institutionen<\/a> p\u00e5 Stockholms universitet \u00e4r ingen l\u00e4ttl\u00e4st l\u00e4sning.<\/p>\n<p>D\u00e5 syftar jag inte p\u00e5 spr\u00e5ket. Klas \u00c5mark har ett sp\u00e4nstigt bra spr\u00e5k med flyt, d\u00e4remot \u00e4r boken skriven som en vidareutveckling av flera olika forskarrapporter och d\u00e4rf\u00f6r fylld av referenser. Det g\u00f6r att den i vissa delar blir mer tr\u00f6g att l\u00e4sa, det \u00e4r f\u00f6r mycket h\u00e4nsyn som tas till andra rapporter.<\/p>\n<p>Det som g\u00f6r boken tung \u00e4r f\u00f6rst\u00e5s dess inneh\u00e5ll. Att inse hur fega m\u00e5nga svenska makthavare var under andra v\u00e4rldskriget.  Sverige l\u00e4t tyska soldater \u00e5ka genom Sverige n\u00e4r nazisterna ockuperat v\u00e5rt norska grannland. Sverige uppr\u00e4tth\u00f6ll handelsf\u00f6rbindelser med Tyskland och f\u00f6rs\u00e5g den nazistiska stridsmaskinen med malm och annat de beh\u00f6vde. Allt i namn av neutraliteten. Okey, den mesta j\u00e4rnmalmen inneh\u00f6ll f\u00f6r mycket fosfor f\u00f6r att kunna anv\u00e4ndas till vapentillverkning. <\/p>\n<p>L\u00e4skigt \u00e4r ocks\u00e5 att se hur svenska makthavare v\u00e4nde kappan efter vinden och f\u00f6rst n\u00e4r stridslyckan uppenbart v\u00e4nde f\u00f6r tyskarna. Fast det var lite sent f\u00f6r m\u00e5nga judar d\u00e5. Med en gener\u00f6sare flyktingpolitik under 1930-talet skulle Sverige ha kunnat r\u00e4dda m\u00e5nga judiska flyktingar fr\u00e5n d\u00f6den. Gener\u00f6sare kvoter under de f\u00f6rsta krigs\u00e5ren, d\u00e5 judar \u00e4nnu hade m\u00f6jlighet att utvandra fr\u00e5n Tyskland och ockuperade l\u00e4nder, skulle ocks\u00e5 ha r\u00e4ttat m\u00e5nga liv.<br \/>\nN\u00e4r den svenska politiken f\u00f6r\u00e4ndrades fr\u00e5n h\u00f6sten 1942, d ar gr\u00e4nserna st\u00e4ngda och judarna skickades direkt till koncentrationsl\u00e4gren.<\/p>\n<p>Fast att Sverige f\u00f6rst under sista \u00e5ren av andra v\u00e4rldskriget b\u00f6rjade distansera sig fr\u00e5n Tyskland beh\u00f6ver inte bara tolkas som opportunism. Tysklands naziregim blev ocks\u00e5 brutalare och det kom mer information om vad som verkligen skedde.<\/p>\n<p>Klas \u00c5mark framst\u00e4llet, som den forskare han \u00e4r, inget som svart eller vitt. Det kan inte ha varit enkla beslut f\u00f6r beslutande svenska makthavare. Vad hade skett om Sverige tagit tydligare st\u00e4llning mot Tyskland? Hade Sverige dragits in i kriget? B\u00e5de Norge och Danmark var ockuperade av tyskarna. Hur l\u00e5ngt ska ett lands makthavare g\u00e5 f\u00f6r att h\u00e5lla landet utanf\u00f6r krig?<\/p>\n<p>Tyv\u00e4rr fanns det en hel del politiker, fr\u00e4mst p\u00e5 h\u00f6gersidan, som ville att Sverige skulle g\u00e5 in i kriget p\u00e5 Finlands sida, vilket allts\u00e5 skulle inneb\u00e4ra att strida p\u00e5 samma sida som de tyska nazisterna mot Ryssland. <\/p>\n<p>Boken tar mycket noggrant igenom vad nazismen stod f\u00f6r och det svenska f\u00f6rh\u00e5llandet till Tyskland under kriget b\u00e5de n\u00e4r det g\u00e4ller handel och kultur och flyktingfr\u00e5gor. Ett kapitel tittar ocks\u00e5 n\u00e4rmare p\u00e5 Svenska kyrkan, politiken och nazismen.<\/p>\n<p>Nazismen var ingen byr\u00e5kratisk ideologi och de var usla administrat\u00f6rer. Hitler byggde upp naziorganisationen p\u00e5 starkt ledarskap. Ledaren best\u00e4mde allt och om h\u00f6gste ledaren var missn\u00f6jd med n\u00e5gon underledare kunde han sparka den direkt. Det skapade en tydlig os\u00e4kerhet och gav ledare som var beredda att slicka r\u00f6ven p\u00e5 sin ledare utan att ifr\u00e5gas\u00e4tta order, allt f\u00f6r att r\u00e4dda sig sj\u00e4lv och skapa f\u00f6rdelar \u00e5t sig sj\u00e4lv.<br \/>\nEn hemsk tanke \u00e4r vad som kunde ha skett i Europa och v\u00e4rlden om nazisterna varit b\u00e4ttre administrat\u00f6rer. Kanske hade de lyckats vinna kriget om de varit duktigare p\u00e5 byr\u00e5krati och varit smartare n\u00e4r de krigade. Det \u00e4r kanske det tyngsta att t\u00e4nka p\u00e5 &#8211; det som sl\u00e5r mig allra mest n\u00e4r jag l\u00e4ste den tjocka boken.<\/p>\n<p>Att bo granne med ondskan<br \/>\nF\u00f6rfattare: Klas \u00c5mark<br \/>\nRecensionsdatum:\t2011-02-08<br \/>\nISBN:\t9789100124939<\/p>\n<p>Relaterat:<br \/>\n<a href=\"http:\/\/www.expressen.se\/kultur\/1.2321437\/klas-amark-att-bo-granne-med-ondskan\">Expressen<\/a><br \/>\n<a href=\"http:\/\/www.albertbonniersforlag.se\/Bocker-auto\/Bokpresentationssida\/?isbn=9789100124939\">Albert Bonniers f\u00f6rlag<\/a>, <a href=\"http:\/\/www.dn.se\/dnbok\/bokrecensioner\/klas-amark-att-bo-granne-med-ondskan\">Dagens Nyheter<\/a><\/p>\n<p>L\u00e4s \u00e4ven andra bloggares \u00e5sikter om <a href=\"http:\/\/bloggar.se\/om\/Klas+%C5mark\" rel=\"tag\">Klas \u00c5mark<\/a>, <a href=\"http:\/\/bloggar.se\/om\/bokrecension\" rel=\"tag\">bokrecension<\/a>, <a href=\"http:\/\/bloggar.se\/om\/nazism\" rel=\"tag\">nazism<\/a>, <a href=\"http:\/\/bloggar.se\/om\/politik\" rel=\"tag\">politik<\/a>, <a href=\"http:\/\/bloggar.se\/om\/Tyskland\" rel=\"tag\">Tyskland<\/a>, <a href=\"http:\/\/bloggar.se\/om\/ondska\" rel=\"tag\">ondska<\/a><\/p>\n","protected":false},"excerpt":{"rendered":"<p>En 700 sidor tung bok om Sveriges f\u00f6rh\u00e5llande till nazismen, Nazityskland och F\u00f6rintelsen av Klas \u00c5mark som \u00e4r professor p\u00e5 historiska institutionen p\u00e5 Stockholms universitet \u00e4r ingen l\u00e4ttl\u00e4st l\u00e4sning. D\u00e5 syftar jag inte p\u00e5 spr\u00e5ket. Klas \u00c5mark har ett sp\u00e4nstigt bra spr\u00e5k med flyt, d\u00e4remot \u00e4r boken skriven som en vidareutveckling av flera olika forskarrapporter [&hellip;]<\/p>\n","protected":false},"author":2,"featured_media":0,"comment_status":"open","ping_status":"open","sticky":false,"template":"","format":"standard","meta":{"_genesis_hide_title":false,"_genesis_hide_breadcrumbs":false,"_genesis_hide_singular_image":false,"_genesis_hide_footer_widgets":false,"_genesis_custom_body_class":"","_genesis_custom_post_class":"","_genesis_layout":"","footnotes":""},"categories":[43,3,16],"tags":[788,2941,3938,4137,12284,6051],"class_list":{"0":"post-31361","1":"post","2":"type-post","3":"status-publish","4":"format-standard","6":"category-bokrecension","7":"category-litteratur","8":"category-recension","9":"tag-bokrecension-2","10":"tag-klas-amark","11":"tag-nazism","12":"tag-ondska","13":"tag-politik","14":"tag-tyskland","15":"entry"},"_links":{"self":[{"href":"https:\/\/kulturbloggen.com\/index.php?rest_route=\/wp\/v2\/posts\/31361","targetHints":{"allow":["GET"]}}],"collection":[{"href":"https:\/\/kulturbloggen.com\/index.php?rest_route=\/wp\/v2\/posts"}],"about":[{"href":"https:\/\/kulturbloggen.com\/index.php?rest_route=\/wp\/v2\/types\/post"}],"author":[{"embeddable":true,"href":"https:\/\/kulturbloggen.com\/index.php?rest_route=\/wp\/v2\/users\/2"}],"replies":[{"embeddable":true,"href":"https:\/\/kulturbloggen.com\/index.php?rest_route=%2Fwp%2Fv2%2Fcomments&post=31361"}],"version-history":[{"count":0,"href":"https:\/\/kulturbloggen.com\/index.php?rest_route=\/wp\/v2\/posts\/31361\/revisions"}],"wp:attachment":[{"href":"https:\/\/kulturbloggen.com\/index.php?rest_route=%2Fwp%2Fv2%2Fmedia&parent=31361"}],"wp:term":[{"taxonomy":"category","embeddable":true,"href":"https:\/\/kulturbloggen.com\/index.php?rest_route=%2Fwp%2Fv2%2Fcategories&post=31361"},{"taxonomy":"post_tag","embeddable":true,"href":"https:\/\/kulturbloggen.com\/index.php?rest_route=%2Fwp%2Fv2%2Ftags&post=31361"}],"curies":[{"name":"wp","href":"https:\/\/api.w.org\/{rel}","templated":true}]}}