{"id":31327,"date":"2011-02-25T00:49:11","date_gmt":"2011-02-24T23:49:11","guid":{"rendered":"http:\/\/kulturbloggen.com\/?p=31327"},"modified":"2011-02-25T00:49:11","modified_gmt":"2011-02-24T23:49:11","slug":"bio-sarahs-nyckel","status":"publish","type":"post","link":"https:\/\/kulturbloggen.com\/?p=31327","title":{"rendered":"Bio: Sarahs Nyckel"},"content":{"rendered":"<p style=\"text-align: center\"><a href=\"http:\/\/kulturbloggen.com\/wp-content\/uploads\/2011\/02\/Sarahs-Nyckel.jpg\"><img loading=\"lazy\" decoding=\"async\" class=\"aligncenter size-full wp-image-31328\" src=\"http:\/\/kulturbloggen.com\/wp-content\/uploads\/2011\/02\/Sarahs-Nyckel.jpg\" alt=\"\" width=\"193\" height=\"262\" \/><\/a><\/p>\n<p><strong>Sarahs Nycke<\/strong>l<br \/>\n<strong>Betyg 4<\/strong><\/p>\n<p><strong>Originaltitel<\/strong>: Elle s&#8217;appelait Sarah<\/p>\n<p><strong>Regi<\/strong>: Gilles Paquet-Brenner<\/p>\n<p>&nbsp;<\/p>\n<p>Paris 1942. Sarah, en judisk flicka p\u00e5 10 \u00e5r, g\u00f6mmer sin lillebror f\u00f6r den franska polisen. Hon l\u00e5ser och stoppar sedan nyckeln i fickan i tron om att hon snart ska vara tillbaka. S\u00e5 blir inte fallet. Polisen har f\u00f6r avsikt att samla alla judar och f\u00f6ra bort dem. Utom sig av f\u00f6rtvivlan f\u00f6rs\u00f6ker Sarah att ta sig hem igen. Hem till lillebror. Parallellt med denna historia f\u00e5r vi f\u00f6lja journalisten Julia, som 60 \u00e5r senare blir ombed att skriva ett reportage om h\u00e4ndelserna i Frankrike. Efter att ha b\u00f6rjat gr\u00e4va i h\u00e4ndelserna uppt\u00e4cker Julia att hon bor i samma l\u00e4genhet som Sarahs familj.<\/p>\n<p>&nbsp;<\/p>\n<p>Filmen \u00e4r baserad p\u00e5 Tatiana De Rosnays roman med samma titel och ber\u00f6r ett \u00e4mne som har filmatiserats m\u00e5nga g\u00e5nger innan. Det \u00e4r sv\u00e5rt att greppa det ofattbara som h\u00e4nde under f\u00f6rintelsen och hur m\u00e5nga familjer som slets is\u00e4r och m\u00e5nga m\u00f6drar som fick skiljas fr\u00e5n sina barn. Jag tror det \u00e4r viktigt att se dessa enskilda ber\u00e4ttelser. \u00c4ven om det som i detta fall \u00e4r fiktion.<\/p>\n<p>&nbsp;<\/p>\n<p>Filmen hoppar mellan de parallella ber\u00e4ttelserna och flyttar sakta men s\u00e4kert \u00f6ver fokus fr\u00e5n 1942 till nutid och tack vare att Gilles Paquet-Brenner g\u00f6r detta p\u00e5 ett snyggt s\u00e4tt finns hela tiden h\u00e4ndelserna fr\u00e5n Frankrike i ens bakhuvud.<\/p>\n<p>&nbsp;<\/p>\n<p>Kristin Scott Thomas som spelar journalisten Julia, \u00e4r en stor bidragande faktor till filmens k\u00e4nsla beh\u00e5lls. P\u00e5 ett utm\u00e4rkt s\u00e4tt levererar hon en \u00e4ngslan och ett tvivel som kan gnaga oss. Filmens tempo sjunker n\u00e5got fram\u00e5t slutet men ers\u00e4tts d\u00e5 av bra dialog.<\/p>\n<p>&nbsp;<\/p>\n<p><a href=\"http:\/\/www.youtube.com\/watch?v=nq76kEll03c\">Trailer<\/a><\/p>\n","protected":false},"excerpt":{"rendered":"<p>Sarahs Nyckel Betyg 4 Originaltitel: Elle s&#8217;appelait Sarah Regi: Gilles Paquet-Brenner &nbsp; Paris 1942. Sarah, en judisk flicka p\u00e5 10 \u00e5r, g\u00f6mmer sin lillebror f\u00f6r den franska polisen. Hon l\u00e5ser och stoppar sedan nyckeln i fickan i tron om att hon snart ska vara tillbaka. S\u00e5 blir inte fallet. Polisen har f\u00f6r avsikt att samla [&hellip;]<\/p>\n","protected":false},"author":13,"featured_media":0,"comment_status":"open","ping_status":"open","sticky":false,"template":"","format":"standard","meta":{"_genesis_hide_title":false,"_genesis_hide_breadcrumbs":false,"_genesis_hide_singular_image":false,"_genesis_hide_footer_widgets":false,"_genesis_custom_body_class":"","_genesis_custom_post_class":"","_genesis_layout":"","footnotes":""},"categories":[51,16],"tags":[12285],"class_list":{"0":"post-31327","1":"post","2":"type-post","3":"status-publish","4":"format-standard","6":"category-filmer","7":"category-recension","8":"tag-recension","9":"entry"},"_links":{"self":[{"href":"https:\/\/kulturbloggen.com\/index.php?rest_route=\/wp\/v2\/posts\/31327","targetHints":{"allow":["GET"]}}],"collection":[{"href":"https:\/\/kulturbloggen.com\/index.php?rest_route=\/wp\/v2\/posts"}],"about":[{"href":"https:\/\/kulturbloggen.com\/index.php?rest_route=\/wp\/v2\/types\/post"}],"author":[{"embeddable":true,"href":"https:\/\/kulturbloggen.com\/index.php?rest_route=\/wp\/v2\/users\/13"}],"replies":[{"embeddable":true,"href":"https:\/\/kulturbloggen.com\/index.php?rest_route=%2Fwp%2Fv2%2Fcomments&post=31327"}],"version-history":[{"count":0,"href":"https:\/\/kulturbloggen.com\/index.php?rest_route=\/wp\/v2\/posts\/31327\/revisions"}],"wp:attachment":[{"href":"https:\/\/kulturbloggen.com\/index.php?rest_route=%2Fwp%2Fv2%2Fmedia&parent=31327"}],"wp:term":[{"taxonomy":"category","embeddable":true,"href":"https:\/\/kulturbloggen.com\/index.php?rest_route=%2Fwp%2Fv2%2Fcategories&post=31327"},{"taxonomy":"post_tag","embeddable":true,"href":"https:\/\/kulturbloggen.com\/index.php?rest_route=%2Fwp%2Fv2%2Ftags&post=31327"}],"curies":[{"name":"wp","href":"https:\/\/api.w.org\/{rel}","templated":true}]}}