{"id":30990,"date":"2011-02-22T08:22:44","date_gmt":"2011-02-22T07:22:44","guid":{"rendered":"http:\/\/kulturbloggen.com\/?p=30990"},"modified":"2011-02-22T08:22:44","modified_gmt":"2011-02-22T07:22:44","slug":"tv-licensen-i-nuvarande-form-ar-sa-1800-tal","status":"publish","type":"post","link":"https:\/\/kulturbloggen.com\/?p=30990","title":{"rendered":"TV-licensen i nuvarande form \u00e4r s\u00e5 1800-tal"},"content":{"rendered":"<p><a href=\"http:\/\/kulturbloggen.com\/wp-content\/uploads\/2011\/02\/tvpaus.jpg\"><img loading=\"lazy\" decoding=\"async\" src=\"http:\/\/kulturbloggen.com\/wp-content\/uploads\/2011\/02\/tvpaus-300x225.jpg\" alt=\"\" title=\"tvpaus\" width=\"300\" height=\"225\" class=\"aligncenter size-medium wp-image-30995\" \/><\/a><\/p>\n<p>Eva Hamilton, vd SVT, <a href=\"http:\/\/www.dn.se\/debatt\/oppna-svts-arkiv-och-satsa-pa-internet-tv\">skriver i en debattartikel<\/a> att hon vill \u00f6ppna SVT:s programarkiv. Jag blir glad n\u00e4r jag l\u00e4ser det. Tekniken  g\u00f6r det m\u00f6jligt att g\u00f6ra film och tv-program tillg\u00e4ngliga p\u00e5 ett helt annat s\u00e4tt \u00e4n vad som sker idag. Det \u00e4r mer ovilja och fantasil\u00f6shet, eller kanske r\u00e4dslan f\u00f6r att inte kunna tj\u00e4na pengar p\u00e5 det, som s\u00e4tter stopp. Tekniken finns &#8211; och kommer att f\u00f6rb\u00e4ttras.<\/p>\n<p>Det h\u00e4nder att jag blir intresserad av en s\u00e4rskild regiss\u00f6r eller sk\u00e5despelare och d\u00e5 vill se allt som han\/hon varit med i. Det \u00e4r om\u00f6jligt. I videobutikerna finns bara filmer som \u00e4r relativt nya. T\u00e4nk om alla filmarkiv var \u00f6ppna och vi kunde betala en summa f\u00f6r att f\u00e5 tillg\u00e5ng till att se den film vi \u00e4r intresserade av. Filmerna finns ju i arkiven. Men ingen har tillg\u00e5ng till dem. D\u00e4rf\u00f6r \u00e4r det gl\u00e4djande att SVT:s vd t\u00e4nker i liknande banor. Eva Hamilton skriver:<\/p>\n<blockquote><p>Den svenska kulturen st\u00e4rks om vi kan finna en l\u00f6sning f\u00f6r att \u00f6ppna SVT:s arkiv. Det omfattar s\u00e5v\u00e4l program som \u00e4r trettio \u00e5r gamla, till exempel Hems\u00f6borna, och de som \u00e4r trettio dagar gamla, s\u00e5som Klass 9 A. Redan i dag erbjuder SVT webbpublicering av r\u00e4ttighetsklarerat inneh\u00e5ll \u2013 men vi skulle kunna ge s\u00e5 mycket mer!<\/p>\n<p>Flera steg \u00e4r redan tagna. SVT har digitaliserat merparten av programmen. Riksdagen har beslutat om att g\u00f6ra det l\u00e4ttare att klarera r\u00e4ttigheterna. Nu \u00e5ter\u00ad-st\u00e5r att finna bra s\u00e4tt att l\u00f6sa distribution och lagring, att g\u00f6ra programmen s\u00f6k\u00ad-bara via en s\u00e4rskild SVT-portal och att underl\u00e4tta f\u00f6r funktionshindrade att nyttja arkivet. Men framf\u00f6r allt kr\u00e4vs resurser f\u00f6r att betala upphovsm\u00e4nnen f\u00f6r deras r\u00e4ttigheter. Hela projektet borde kunna genomf\u00f6ras utan att h\u00f6ja tv-avgiften, med pengar som finns fonderade i Rundradiokontot.<\/p><\/blockquote>\n<p>Eva Hamilton tar ocks\u00e5 upp tv-licensen. Ja det \u00e4r verkligen p\u00e5 tiden att den f\u00f6r\u00e4ndras. TV-licensen i nuvarande form borde verkligen l\u00e4ggas ned.<\/p>\n<p>Dels \u00e4r den i sin form f\u00f6rnedrande och integritetskr\u00e4nkande men tv-pejlare som p\u00e5 fullt allvar jagar hem d\u00e4r det finns tv-apparater och de boende inte betalt tv-licensen. Bara den inst\u00e4llningen till medborgarna, att jag dem med kontroll\u00f6rer, \u00e4r f\u00f6rnedrande.<\/p>\n<p>Utvecklingen idag, d\u00e4r det g\u00e5r att f\u00e5 tillg\u00e5ng till SVT:s utbud via dator eller mobil ist\u00e4llet, g\u00f6r det snedvridet att bara ta avgift fr\u00e5n de som ser p\u00e5 SVT via tv-apparaten. Visserligen g\u00e5r det inte att se allt via mobil eller dator, men utvecklingen g\u00e5r vidare och vi kommer att f\u00e5 tillg\u00e5ng till alltmer av SVT:s inneh\u00e5ll p\u00e5 andra s\u00e4tt \u00e4n via traditionella tv-apparater.<\/p>\n<p>En del vill f\u00f6rst\u00e5s l\u00e4gga ned hela public service. Eller som <a href=\"http:\/\/kulturbloggen.com\/?p=30848\">kulturministern<\/a> som vill f\u00f6rbjuda SVT att konkurrera med de kommersiella tv-kanalerna genom att g\u00f6ra popul\u00e4ra underh\u00e5llningsprogram.<\/p>\n<p>Ska vi sl\u00e4ppa etermedierna helt fritt? L\u00e4gga ned public service och bara f\u00f6rlita oss p\u00e5 kommersiella kanaler? Vad blir det f\u00f6r tv d\u00e5? Vem kommer att vilja s\u00e4nda tv<\/p>\n<p>Det \u00e4r bra att diskussionen \u00e4r ig\u00e5ng. B\u00e5de om public services roll i sin helhet och om tv-licensen som i nuvarande form \u00e4r s\u00e5 1800-tal, f\u00f6r att citera en ton\u00e5ring jag tr\u00e4ffade ig\u00e5r. Jag tror p\u00e5 n\u00e5gon modell som betalas via skattesedel. Helst skulle jag vilja att public service fick medel via staten utan att n\u00e5gon s\u00e4rskild avgift dras fr\u00e5n de enskilda medborgarna.<\/p>\n<p>P\u00e5 min \u00f6nskelista st\u00e5r ocks\u00e5 att s\u00e5v\u00e4l SVT:s som alla andra filmarkiv \u00f6ppnas. D\u00e5 skulle framtiden \u00e4ntligen vara h\u00e4r.<\/p>\n<p><a href=\"http:\/\/thomasbohlmark.blogspot.com\/2011\/02\/framtiden-for-public-service.html\">Thomas B har ocks\u00e5 bloggat kring detta<\/a>:<\/p>\n<blockquote><p>Framtidens Public Service kr\u00e4ver en f\u00f6r\u00e4ndring b\u00e5de i utbuds- och finansieringsstruktur. Att d\u00f6ma av viljan finns en efterfr\u00e5gan av Svt som Public Servicef\u00f6rmedlare. Det \u00e4r d\u00e5 l\u00e4ge att bredda dess uppdrag och finna nya l\u00f6sningar f\u00f6r att n\u00e5 ut. En alternativ och mer modern finansieringsl\u00f6sning \u00e4r en viktig del, att bredda utbudet inte minst genom tillg\u00e4ngligg\u00f6randet av arkiverat material \u00e4r ett steg p\u00e5 v\u00e4gen.<\/p><\/blockquote>\n<p>Relaterat:<\/p>\n<p><a href=\"http:\/\/www.aftonbladet.se\/nyheter\/article8604906.ab\" target=\"_blank\">Aftonbladet<\/a>,\u00a0<a href=\"http:\/\/www.dn.se\/debatt\/oppna-svts-arkiv-och-satsa-pa-internet-tv\" target=\"_blank\">DN<\/a><\/p>\n<p>L\u00e4s \u00e4ven andra bloggares \u00e5sikter om <a href=\"http:\/\/bloggar.se\/om\/svt\" rel=\"tag\">svt<\/a>, <a href=\"http:\/\/bloggar.se\/om\/tv-licens\" rel=\"tag\">tv-licens<\/a>, <a href=\"http:\/\/bloggar.se\/om\/Eva+Hamilton\" rel=\"tag\">Eva Hamilton<\/a>, <a href=\"http:\/\/bloggar.se\/om\/tv-arkiv\" rel=\"tag\">tv-arkiv<\/a>, <a href=\"http:\/\/bloggar.se\/om\/filmarkiv\" rel=\"tag\">filmarkiv<\/a><\/p>\n","protected":false},"excerpt":{"rendered":"<p>Eva Hamilton, vd SVT, skriver i en debattartikel att hon vill \u00f6ppna SVT:s programarkiv. Jag blir glad n\u00e4r jag l\u00e4ser det. Tekniken g\u00f6r det m\u00f6jligt att g\u00f6ra film och tv-program tillg\u00e4ngliga p\u00e5 ett helt annat s\u00e4tt \u00e4n vad som sker idag. Det \u00e4r mer ovilja och fantasil\u00f6shet, eller kanske r\u00e4dslan f\u00f6r att inte kunna tj\u00e4na [&hellip;]<\/p>\n","protected":false},"author":2,"featured_media":0,"comment_status":"open","ping_status":"open","sticky":false,"template":"","format":"standard","meta":{"_genesis_hide_title":false,"_genesis_hide_breadcrumbs":false,"_genesis_hide_singular_image":false,"_genesis_hide_footer_widgets":false,"_genesis_custom_body_class":"","_genesis_custom_post_class":"","_genesis_layout":"","footnotes":""},"categories":[44,62],"tags":[1598,1715,5544,6013,6016],"class_list":{"0":"post-30990","1":"post","2":"type-post","3":"status-publish","4":"format-standard","6":"category-chadie","7":"category-medie-och-kulturpolitik","8":"tag-eva-hamilton","9":"tag-filmarkiv","10":"tag-svt","11":"tag-tv-arkiv","12":"tag-tv-licens","13":"entry"},"_links":{"self":[{"href":"https:\/\/kulturbloggen.com\/index.php?rest_route=\/wp\/v2\/posts\/30990","targetHints":{"allow":["GET"]}}],"collection":[{"href":"https:\/\/kulturbloggen.com\/index.php?rest_route=\/wp\/v2\/posts"}],"about":[{"href":"https:\/\/kulturbloggen.com\/index.php?rest_route=\/wp\/v2\/types\/post"}],"author":[{"embeddable":true,"href":"https:\/\/kulturbloggen.com\/index.php?rest_route=\/wp\/v2\/users\/2"}],"replies":[{"embeddable":true,"href":"https:\/\/kulturbloggen.com\/index.php?rest_route=%2Fwp%2Fv2%2Fcomments&post=30990"}],"version-history":[{"count":0,"href":"https:\/\/kulturbloggen.com\/index.php?rest_route=\/wp\/v2\/posts\/30990\/revisions"}],"wp:attachment":[{"href":"https:\/\/kulturbloggen.com\/index.php?rest_route=%2Fwp%2Fv2%2Fmedia&parent=30990"}],"wp:term":[{"taxonomy":"category","embeddable":true,"href":"https:\/\/kulturbloggen.com\/index.php?rest_route=%2Fwp%2Fv2%2Fcategories&post=30990"},{"taxonomy":"post_tag","embeddable":true,"href":"https:\/\/kulturbloggen.com\/index.php?rest_route=%2Fwp%2Fv2%2Ftags&post=30990"}],"curies":[{"name":"wp","href":"https:\/\/api.w.org\/{rel}","templated":true}]}}