{"id":30936,"date":"2011-02-21T07:36:27","date_gmt":"2011-02-21T06:36:27","guid":{"rendered":"http:\/\/kulturbloggen.com\/?p=30936"},"modified":"2011-02-21T07:36:27","modified_gmt":"2011-02-21T06:36:27","slug":"min-far-hade-en-drom-%e2%80%93-barack-obama","status":"publish","type":"post","link":"https:\/\/kulturbloggen.com\/?p=30936","title":{"rendered":"Min far hade en dr\u00f6m \u2013 Barack Obama"},"content":{"rendered":"<p><a href=\"http:\/\/kulturbloggen.com\/wp-content\/uploads\/2011\/02\/minfar_barackobama.jpg\"><img loading=\"lazy\" decoding=\"async\" src=\"http:\/\/kulturbloggen.com\/wp-content\/uploads\/2011\/02\/minfar_barackobama-185x300.jpg\" alt=\"\" title=\"minfar_barackobama\" width=\"185\" height=\"300\" class=\"aligncenter size-medium wp-image-30937\" \/><\/a><br \/>\nBarack Obamas Min far hade en dr\u00f6m (originalet Dreams of my Father) \u00e4r en ber\u00e4ttelse om en sj\u00e4lsligen ung man, ber\u00e4ttelsen om en pappa fr\u00e5n Kenya och en mamma fr\u00e5n Kansas och vad det f\u00f6r med sig samt jakten p\u00e5 en identitet som sonen till slut finner. Denna skildring och sj\u00e4lvportr\u00e4tt av en amerikansk politiker \u2013 och USA:s fyrtiofj\u00e4rde president i vardande &#8211; \u00e4r mycket avsl\u00f6jande och insiktsfull och r\u00e4tt uppfriskande att ta del av.<\/p>\n<p>1961 f\u00f6ds Barack Hussein Obama p\u00e5 Hawaii och i och med att det \u00e4r p\u00e5 Hawaii han f\u00f6ds m\u00f6jligg\u00f6r detta faktum (till skillnad fr\u00e5n Arnold Schwarzenegger och hans framtid) att Barack Obama kan bli USA:s president. F\u00f6r att kunna bli USA:s president m\u00e5ste du vara f\u00f6dd i USA. Hawaii \u00e4r USA:s 50: nde delstat. Arnold Schwarzenegger \u00e4r f\u00f6dd i \u00d6sterrike.<\/p>\n<p>Barack Hussein Obama har en vit mamma fr\u00e5n Kansas och en kenyansk pappa av stammen lio. De tv\u00e5 st\u00f6rsta stammarna i Kenya \u00e4r kikyo (f\u00f6rre presidenten i Kenya \u2013 Kenyatta \u2013 en k\u00e4nd representant) och lio (Obama). Namnet Hussein kommer fr\u00e5n hans farfar.<\/p>\n<p>Efter att f\u00f6r\u00e4ldrarna separerat levde han mellan sex och tio \u00e5rs \u00e5lder i Indonesien med mamman och en styvfar. Sedan bodde han med moderns f\u00f6r\u00e4ldrar i Honolulu fram till studentexamen 1979. Obama har en samh\u00e4llsvetenskaplig examen fr\u00e5n Columbiauniversitetet och en motsvarande juristexamen fr\u00e5n Harvard, d\u00e4r han valdes till den f\u00f6rste svarte ordf\u00f6randen f\u00f6r Harvard Law Review, en elittidskrift f\u00f6r jurister. Harvard var det universitet John F Kennedy studerade p\u00e5.<\/p>\n<p>Innan han tog sina akademiska examina arbetade han under n\u00e5gra \u00e5r i mitten av 1980-talet med att f\u00f6rb\u00e4ttra f\u00f6rh\u00e5llandena f\u00f6r de svarta i omr\u00e5det South Side, Chicago. 1996 var Obama 35 \u00e5r gammal och blev d\u00e5 vald till delstatssenator i Illinois. 1997-2005 satt han som delstatssenator f\u00f6r Illinois. 2005 blev han den f\u00f6rste afroasiatiske senatorn i kongressen. Han \u00e4r en av de yngsta presidenterna n\u00e5gonsin (47 \u00e5r gammal 2008 och John F Kennedy var 43 \u00e5r n\u00e4r han 1960 blev vald till USA:s 35:e president) samt den f\u00f6rste afroamerikanske presidenten.<\/p>\n<p>Fr\u00e5n det att han avslutar arbetet som \u201dcommunity organiser\u201d i Chicago och tills han p\u00e5b\u00f6rjar sina akademiska studier reser han till Kenya f\u00f6r att l\u00e4gga pusselbitarna p\u00e5 plats i sitt s\u00f6kande efter sin identitet, med bakgrund i vit amerikansk medelklass och svart kenyansk stamgemenskap. Han l\u00e4r aldrig k\u00e4nna sin far p\u00e5 djupet och fadern d\u00f6r i en bilolycka. F\u00f6rst n\u00e4r han bes\u00f6ker Kenya f\u00f6r f\u00f6rsta g\u00e5ngen kan cirkeln slutas och han f\u00e5r en djupare f\u00f6rst\u00e5else f\u00f6r sitt blandade arv.<\/p>\n<p>En del fr\u00e5getecken uppst\u00e5r vad g\u00e4ller USA som nationell konstitution och vad Obama t\u00e4nker p\u00e5 n\u00e4r han t\u00e4nker p\u00e5 USA. Det \u00e4r inte bara historiska storheter som George Washington, Thomas Jefferson, Abraham Lincoln, och Benjamin Franklin han t\u00e4nker p\u00e5 utan ocks\u00e5 p\u00e5 Martin Luther King, Harriet Tubman och Frederick Douglass. F\u00f6r att inte gl\u00f6mma bort de japansk-amerikanska familjer som internerades under andra v\u00e4rldskriget precis som de \u201dutmattade och hungrande skarorna som tar sig \u00f6ver Rio Grande.\u201d<\/p>\n<p>Det \u00e4r l\u00e4tt att f\u00f6rst\u00e5 varf\u00f6r Barack Obama har lyckats entusiasmera s\u00e5 m\u00e5nga m\u00e4nniskor.  Han \u00e4r den f\u00f6rste svarte politikern i USA som f\u00e5tt vita v\u00e4ljare att t\u00e4nka om. Sett i backspegeln vet vi nu att han lyckades bli USA:s fyrtiofj\u00e4rde president och hur det \u00e4n g\u00e5r i presidentvalet 2012 l\u00e4mnar han efter sig ett efterm\u00e4le likt ingen annans. Kanske har m\u00e4nniskor haft f\u00f6r stora f\u00f6rv\u00e4ntningar p\u00e5 honom, kanske inte. Kanske har de pr\u00f6vningar han f\u00e5tt utst\u00e5 varit frukten av bristande realism, kanske inte. Men framf\u00f6r allt kommer \u201dYES, WE CAN!\u201d minna om den entusiasm, den generositet och den samf\u00f6rst\u00e5ndsanda han gett uttryck f\u00f6r att leva kvar till efterv\u00e4rlden. Hans levnads\u00f6de ger anledning till hopp f\u00f6r USA och en framtid vi alla delar.<\/p>\n<p>Relaterat:<br \/>\n<a href=\"http:\/\/libris.kb.se\/bib\/11210393\">Libris<\/a>, <a href=\"http:\/\/www.svd.se\/kulturnoje\/nyheter\/ung-svart-amerikan-soker-sin-identitet_841237.svd\n\">Svenska Dagbladet<\/a>, <a href=\"KULTURNYTT  http:\/\/sverigesradio.se\/rssfeed\/rssfeed.aspx?poddfeed=5581\">Kulturnytt.<\/a><\/p>\n<p>Min far hade en dr\u00f6m<br \/>\nF\u00f6rfattare: Barack Obama<br \/>\n\u00d6vers\u00e4ttning: Thomas Engstr\u00f6m<br \/>\nOriginaltitel: Dreams from My Father<br \/>\nF\u00f6rlag: Albert Bonniers F\u00f6rlag<br \/>\nUtgiven: 200812<br \/>\nISBN10:\t9100121967<br \/>\nISBN13:\t9789100121969<\/p>\n<p>L\u00e4s \u00e4ven andra bloggares \u00e5sikter om <a href=\"http:\/\/bloggar.se\/om\/recension\" rel=\"tag\">recension<\/a>, <a href=\"http:\/\/bloggar.se\/om\/USA\" rel=\"tag\">USA<\/a>, <a href=\"http:\/\/bloggar.se\/om\/Obama\" rel=\"tag\">Obama<\/a>, <a href=\"http:\/\/bloggar.se\/om\/samh%E4lle\" rel=\"tag\">samh\u00e4lle<\/a>, <a href=\"http:\/\/bloggar.se\/om\/b%F6cker\" rel=\"tag\">b\u00f6cker<\/a>, <a href=\"http:\/\/bloggar.se\/om\/memoarer\" rel=\"tag\">memoarer<\/a><\/p>\n","protected":false},"excerpt":{"rendered":"<p>Barack Obamas Min far hade en dr\u00f6m (originalet Dreams of my Father) \u00e4r en ber\u00e4ttelse om en sj\u00e4lsligen ung man, ber\u00e4ttelsen om en pappa fr\u00e5n Kenya och en mamma fr\u00e5n Kansas och vad det f\u00f6r med sig samt jakten p\u00e5 en identitet som sonen till slut finner. Denna skildring och sj\u00e4lvportr\u00e4tt av en amerikansk politiker [&hellip;]<\/p>\n","protected":false},"author":13,"featured_media":0,"comment_status":"open","ping_status":"open","sticky":false,"template":"","format":"standard","meta":{"_genesis_hide_title":false,"_genesis_hide_breadcrumbs":false,"_genesis_hide_singular_image":false,"_genesis_hide_footer_widgets":false,"_genesis_custom_body_class":"","_genesis_custom_post_class":"","_genesis_layout":"","footnotes":""},"categories":[43,3,16],"tags":[907,3608,4100,12285,4917,6129],"class_list":{"0":"post-30936","1":"post","2":"type-post","3":"status-publish","4":"format-standard","6":"category-bokrecension","7":"category-litteratur","8":"category-recension","9":"tag-bocker","10":"tag-memoarer","11":"tag-obama","12":"tag-recension","13":"tag-samhalle","14":"tag-usa","15":"entry"},"_links":{"self":[{"href":"https:\/\/kulturbloggen.com\/index.php?rest_route=\/wp\/v2\/posts\/30936","targetHints":{"allow":["GET"]}}],"collection":[{"href":"https:\/\/kulturbloggen.com\/index.php?rest_route=\/wp\/v2\/posts"}],"about":[{"href":"https:\/\/kulturbloggen.com\/index.php?rest_route=\/wp\/v2\/types\/post"}],"author":[{"embeddable":true,"href":"https:\/\/kulturbloggen.com\/index.php?rest_route=\/wp\/v2\/users\/13"}],"replies":[{"embeddable":true,"href":"https:\/\/kulturbloggen.com\/index.php?rest_route=%2Fwp%2Fv2%2Fcomments&post=30936"}],"version-history":[{"count":0,"href":"https:\/\/kulturbloggen.com\/index.php?rest_route=\/wp\/v2\/posts\/30936\/revisions"}],"wp:attachment":[{"href":"https:\/\/kulturbloggen.com\/index.php?rest_route=%2Fwp%2Fv2%2Fmedia&parent=30936"}],"wp:term":[{"taxonomy":"category","embeddable":true,"href":"https:\/\/kulturbloggen.com\/index.php?rest_route=%2Fwp%2Fv2%2Fcategories&post=30936"},{"taxonomy":"post_tag","embeddable":true,"href":"https:\/\/kulturbloggen.com\/index.php?rest_route=%2Fwp%2Fv2%2Ftags&post=30936"}],"curies":[{"name":"wp","href":"https:\/\/api.w.org\/{rel}","templated":true}]}}