{"id":30859,"date":"2011-02-20T07:11:56","date_gmt":"2011-02-20T06:11:56","guid":{"rendered":"http:\/\/kulturbloggen.com\/?p=30859"},"modified":"2011-02-20T07:11:56","modified_gmt":"2011-02-20T06:11:56","slug":"goran-hagglund-tar-hellre-strid-for-snus-an-att-gamla-far-bo-tillsammans","status":"publish","type":"post","link":"https:\/\/kulturbloggen.com\/?p=30859","title":{"rendered":"G\u00f6ran H\u00e4gglund tar hellre strid f\u00f6r snus \u00e4n att gamla f\u00e5r bo tillsammans"},"content":{"rendered":"<p><a href=\"http:\/\/kulturbloggen.com\/wp-content\/uploads\/2011\/02\/snus.jpg\"><img loading=\"lazy\" decoding=\"async\" src=\"http:\/\/kulturbloggen.com\/wp-content\/uploads\/2011\/02\/snus-265x300.jpg\" alt=\"\" title=\"snus\" width=\"265\" height=\"300\" class=\"aligncenter size-medium wp-image-30860\" \/><\/a><br \/>\nVi var nog m\u00e5nga som uppr\u00f6rdes n\u00e4r vi f\u00f6rst l\u00e4ste i medierna om Karl-Gustaf och Iris Kleen som har varit gifta i 65 \u00e5r. Men Varbergs kommun tvingar dem is\u00e4r. F\u00f6rvaltningsdomstolen har gett dem r\u00e4tt att bo tillsammans, \u00e4nd\u00e5 v\u00e4gras kommunen att lyssna.<\/p>\n<p><a href=\"http:\/\/www.aftonbladet.se\/nyheter\/article8596632.ab\">Aftonbladet ber\u00e4ttar:<\/a><\/p>\n<blockquote><p>Det enda Varbergs kommun erbj\u00f6d var ett rum i en helt annan byggnad flera hundra meter bort fr\u00e5n Iris.<br \/>\n\u2013 D\u00e5 kunde det lika g\u00e4rna vara. Jag beh\u00f6ver i alla fall kl\u00e4 p\u00e5 mig, promenera och ta mig bort till Iris boende f\u00f6r att vi ska kunna tr\u00e4ffas. Det \u00e4r tufft, framf\u00f6r allt nu p\u00e5 vintern.<br \/>\nI hustruns byggnad har flera rum blivit lediga, men det hj\u00e4lper inte. Karl-Gustaf petades l\u00e4ngst bak i boendek\u00f6n.<\/p><\/blockquote>\n<p>Ett politiskt parti som tydligare \u00e4n andra tog st\u00e4llning och sade att gamla absolut ska ha r\u00e4tt att bo tillsammans \u00e4r Kristdemokraterna. Partiledaren G\u00f6ran H\u00e4gglund lovade med stora \u00e5th\u00e4vor. <a href=\"http:\/\/www.aftonbladet.se\/nyheter\/article8596634.ab\">Han lovade en lag\u00e4ndring.<\/a> Av detta har inget blivit.<\/p>\n<p>Det \u00e4r v\u00e4l ganska symtomatiskt, eller typiskt. I Sverige r\u00e5der en mycket utpr\u00e4glad \u00e5ldersdiskriminering och m\u00e4nniskor \u00f6ver 50 har inget v\u00e4rde i mediers och makthavare och allm\u00e4nhets \u00f6gon och f\u00f6r varje \u00e5r upp\u00e5t d\u00e4r minskar v\u00e5r m\u00e4nniskov\u00e4rde i den ungdomsfixerade v\u00e4sterl\u00e4ndska kulturen.<\/p>\n<p>Att politiker dessutom g\u00e4rna talar med stora bokst\u00e4ver och lovar och lovar, men sedan f\u00f6rlitar sig p\u00e5 att allm\u00e4nheten ska gl\u00f6mma saken och inte kontrollera om de uppfyller vad de lovat, det \u00e4r inte s\u00e4rskilt f\u00f6rv\u00e5nande.<br \/>\nMedier \u00e4r ju dessutom s\u00e5 fixerade p\u00e5 senaste nytt att de s\u00e4llan kollar upp hur det blev med n\u00e5got.<\/p>\n<p>Kristdemokraternas ledare profilerar sig ist\u00e4llet som en f\u00f6rk\u00e4mpe f\u00f6r snus, p\u00e5 regeringens uppdrag.<br \/>\nSnuset ses kanske som en b\u00e4ttre opinionsvinnare \u00e4n att st\u00e4lla upp p\u00e5 \u00e4ldre m\u00e4nniskors r\u00e4ttigheter. Kristdemokraterna och regeringen har nu tagit strid f\u00f6r att snuset ska sl\u00e4ppas fritt. Hur de kan f\u00e5 det till n\u00e5got viktigt i Jesu namn, det kan man ju fr\u00e5ga sig.<\/p>\n<p><a href=\"http:\/\/www.svd.se\/nyheter\/inrikes\/hagglund-vill-slappa-snuset-fritt_5954911.svd\">Ur Svenska Dagbladet:<\/a><\/p>\n<blockquote><p>Ett spektakul\u00e4rt snuskrig h\u00e5ller p\u00e5 att bryta ut i Sverige. I en skrivelse till EU pl\u00e4derar regeringen f\u00f6r att h\u00e4va f\u00f6rbudet mot snusf\u00f6rs\u00e4ljning i Europa \u2013 och k\u00f6r d\u00e4rmed \u00f6ver sina egna experter i Socialstyrelsen och Folkh\u00e4lsoinstitutet<\/p><\/blockquote>\n<p>.<\/p>\n<p>Relaterat:<br \/>\n<a href=\"http:\/\/www.dn.se\/nyheter\/sverige\/regeringen-tar-strid-for-snuset\">Dagens Nyheter:<\/a><\/p>\n<p><a href=\"http:\/\/www.tornebohm.com\/WP\/?p=9782&#038;utm_source=feedburner&#038;utm_medium=feed&#038;utm_campaign=Feed:+tornebohm\/UDux+(T%C3%B6rnebohms+Hotspot)\">T\u00f6rnebohms Hotspot<\/a> har ocks\u00e5 bloggat om den d\u00e5liga behandlingen av \u00e4ldre m\u00e4nniskor.<\/p>\n<p>L\u00e4s \u00e4ven andra bloggares \u00e5sikter om <a href=\"http:\/\/bloggar.se\/om\/G%F6ran+H%E4gglund\" rel=\"tag\">G\u00f6ran H\u00e4gglund<\/a>, <a href=\"http:\/\/bloggar.se\/om\/snus\" rel=\"tag\">snus<\/a>, <a href=\"http:\/\/bloggar.se\/om\/h%F6gerregeringen\" rel=\"tag\">h\u00f6gerregeringen<\/a>, <a href=\"http:\/\/bloggar.se\/om\/samh%E4lle\" rel=\"tag\">samh\u00e4lle<\/a>, <a href=\"http:\/\/bloggar.se\/om\/politik\" rel=\"tag\">politik<\/a><\/p>\n","protected":false},"excerpt":{"rendered":"<p>Vi var nog m\u00e5nga som uppr\u00f6rdes n\u00e4r vi f\u00f6rst l\u00e4ste i medierna om Karl-Gustaf och Iris Kleen som har varit gifta i 65 \u00e5r. Men Varbergs kommun tvingar dem is\u00e4r. F\u00f6rvaltningsdomstolen har gett dem r\u00e4tt att bo tillsammans, \u00e4nd\u00e5 v\u00e4gras kommunen att lyssna. Aftonbladet ber\u00e4ttar: Det enda Varbergs kommun erbj\u00f6d var ett rum i en [&hellip;]<\/p>\n","protected":false},"author":2,"featured_media":0,"comment_status":"open","ping_status":"open","sticky":false,"template":"","format":"standard","meta":{"_genesis_hide_title":false,"_genesis_hide_breadcrumbs":false,"_genesis_hide_singular_image":false,"_genesis_hide_footer_widgets":false,"_genesis_custom_body_class":"","_genesis_custom_post_class":"","_genesis_layout":"","footnotes":""},"categories":[44],"tags":[2154,2385,12284,4917,5217],"class_list":{"0":"post-30859","1":"post","2":"type-post","3":"status-publish","4":"format-standard","6":"category-chadie","7":"tag-goran-hagglund","8":"tag-hogerregeringen","9":"tag-politik","10":"tag-samhalle","11":"tag-snus","12":"entry"},"_links":{"self":[{"href":"https:\/\/kulturbloggen.com\/index.php?rest_route=\/wp\/v2\/posts\/30859","targetHints":{"allow":["GET"]}}],"collection":[{"href":"https:\/\/kulturbloggen.com\/index.php?rest_route=\/wp\/v2\/posts"}],"about":[{"href":"https:\/\/kulturbloggen.com\/index.php?rest_route=\/wp\/v2\/types\/post"}],"author":[{"embeddable":true,"href":"https:\/\/kulturbloggen.com\/index.php?rest_route=\/wp\/v2\/users\/2"}],"replies":[{"embeddable":true,"href":"https:\/\/kulturbloggen.com\/index.php?rest_route=%2Fwp%2Fv2%2Fcomments&post=30859"}],"version-history":[{"count":0,"href":"https:\/\/kulturbloggen.com\/index.php?rest_route=\/wp\/v2\/posts\/30859\/revisions"}],"wp:attachment":[{"href":"https:\/\/kulturbloggen.com\/index.php?rest_route=%2Fwp%2Fv2%2Fmedia&parent=30859"}],"wp:term":[{"taxonomy":"category","embeddable":true,"href":"https:\/\/kulturbloggen.com\/index.php?rest_route=%2Fwp%2Fv2%2Fcategories&post=30859"},{"taxonomy":"post_tag","embeddable":true,"href":"https:\/\/kulturbloggen.com\/index.php?rest_route=%2Fwp%2Fv2%2Ftags&post=30859"}],"curies":[{"name":"wp","href":"https:\/\/api.w.org\/{rel}","templated":true}]}}