{"id":30795,"date":"2011-02-18T11:02:43","date_gmt":"2011-02-18T10:02:43","guid":{"rendered":"http:\/\/kulturbloggen.com\/?p=30795"},"modified":"2011-02-18T11:02:43","modified_gmt":"2011-02-18T10:02:43","slug":"om-jag-fick-valja-vem-som-blir-partiledare-i-socialdemokraterna","status":"publish","type":"post","link":"https:\/\/kulturbloggen.com\/?p=30795","title":{"rendered":"Om jag fick v\u00e4lja vem som blir partiledare i Socialdemokraterna"},"content":{"rendered":"<p><a href=\"http:\/\/kulturbloggen.com\/wp-content\/uploads\/2011\/02\/Sk\u00e4rmavbild-2011-02-18-kl.-12.00.00.png\"><img loading=\"lazy\" decoding=\"async\" src=\"http:\/\/kulturbloggen.com\/wp-content\/uploads\/2011\/02\/Sk\u00e4rmavbild-2011-02-18-kl.-12.00.00-300x187.png\" alt=\"\" title=\"Sk\u00e4rmavbild 2011-02-18 kl. 12.00.00\" width=\"300\" height=\"187\" class=\"aligncenter size-medium wp-image-30805\" \/><\/a><\/p>\n<p>Det har varit m\u00e5nga spekulationer fram och tillbaka och till och med de h\u00f6gerstyrda tidningarna som DN har f\u00f6rs\u00f6kte l\u00e4gga n\u00e4san i bl\u00f6t och styra och st\u00e4lla i fr\u00e5gan. Fr\u00e5gan om vem som ska ta \u00f6ver som partiledare i Socialdemokraterna.<br \/>\nN\u00e4r ledarredaktioner som st\u00f6djer h\u00f6gerregeringen l\u00e4gger sig i och tycker till vet man ju inte om deras f\u00f6rslag \u00e4r personer de tror ska vara bra eller d\u00e5liga f\u00f6r socialdemokratin. En ledarredaktion som vill ha ett borgerligt h\u00f6gerstyrt samh\u00e4lle torde ju rimligen vilja ha en svag ledare f\u00f6r S?<\/p>\n<p>25-27 mars ska Socialdemokraterna ha <a href=\"http:\/\/www.socialdemokraterna.se\/Vart-parti\/Extrakongress-2011\/\">extrakongress och v\u00e4lja ny partiledare<\/a>. <a href=\"http:\/\/www.socialdemokraterna.se\/Media\/Pressarkivet\/Nyhetsarkivet-2001--\/Forslag-till-valberedning-klar\/\">Valberedningen har mycket att g\u00f6ra nu med att vaska fram ett enande, samlande namn.<\/a><\/p>\n<p>Mikael Damberg har g\u00e5tt ut tydligt nu och sagt ifr\u00e5n att han vill vara med i toppen p\u00e5 S. Det \u00e4r bra att det \u00e4ntligen \u00e4r n\u00e5gon som v\u00e5gar tr\u00e4da fram och s\u00e4ga att han \u00e4r intresserad, \u00e4ven om han i och f\u00f6r sig lindade in sin intresseanm\u00e4lan i ett mer allm\u00e4nt ordalag. Hn uttryckte inte att han vill bara just partiledare utan att han vill vara med och ha ansvar f\u00f6r S.<\/p>\n<p>Tyv\u00e4rr finns det alldeles f\u00f6r m\u00e5nga missunnsamma personer inom politiken och ocks\u00e5 inom S som glatt g\u00f6r vad de kan f\u00f6r att motarbeta en kandidat, ifall han\/hon tr\u00e4der fram lite f\u00f6r tidigt. Det handlar om att ha timing d\u00e4r.<br \/>\nSynd att det ska vara s\u00e5, att det finns s\u00e5 mycket intrigerande inom ett parti.<\/p>\n<p><a href=\"http:\/\/www.aftonbladet.se\/ledare\/ledarkronika\/karinpettersson\/article8587065.ab\">Aftonbladets ledarredaktion<\/a> har nu tagit fram tre namn som f\u00e5r ledarredaktionens st\u00f6d. P\u00e5 ett s\u00e4tt ser jag deras utspel mer som en attack mot \u00d6stros och \u00d6sterberg \u00e4r f\u00f6r dessa tre som de f\u00f6r fram.<\/p>\n<blockquote><p>Thomas \u00d6stros och Sven-Erik \u00d6sterberg var centrala i att utforma den politik som Socialdemokraterna f\u00f6rlorade valet p\u00e5. Det finns en k\u00f6nsdimension i dessa mekanismer \u2013 att Mona Sahlin ifr\u00e5gasattes och avgick, medan den manliga maktstrukturen bakom nu bel\u00f6nas \u2013 som \u00e4r djupt obehaglig.<\/p><\/blockquote>\n<p>Aftonbladets tre namn \u00e4r:<br \/>\nMikael Damberg, Folksamchefen Anders Sundstr\u00f6m och Leif Pagrotsky.<\/p>\n<p>Personligen tycker jag argumentet f\u00f6r Damberg, att han \u00e4r ung, \u00e4r det s\u00e4msta. Det \u00e4r ytterligare ett exempel p\u00e5 den \u00e5ldersdiskriminering som styr \u00f6ver politiker och \u00f6ver redaktionerna inom svenska medier.<\/p>\n<p>En person som jag vet har st\u00f6d av m\u00e5nga inom S \u00e4r Lena Sommestad. <a href=\"http:\/\/arbetarbladet.se\/2.236\/1.2711180-sag-ja-till-lena-\">Arbetarbladet i G\u00e4vle g\u00e5r ut starkt med detta.<\/a><\/p>\n<p>Aftonbladets argument f\u00f6r Sundstr\u00f6m:<\/p>\n<blockquote><p>Anders Sundstr\u00f6m har som chef f\u00f6r Folksam visat att han inte \u00e4r r\u00e4dd f\u00f6r att ta risker och t\u00e4nka nytt. Han har mycket att bidra med i diskussionen om jobb och tillv\u00e4xt. Han skulle kunna ena partiet och ge Fredrik Reinfeldt en match.<\/p><\/blockquote>\n<p>Det \u00e4r absolut bra att han visat att han kan t\u00e4nka nytt. Fast jag tycker Folksam \u00e4nd\u00e5 inte \u00e4r n\u00e5got exempel p\u00e5 nyt\u00e4nkande. <\/p>\n<p><strong>Min kandidat \u00e4r: Leif Pagrotsky<\/strong><\/p>\n<p>Dels med samma argument som Aftonbladet lyfter fram, som hans ekonomiska kunnande, men ocks\u00e5 f\u00f6r att han \u00e4r dynamisk, snabbt\u00e4nkt, rolig, har h\u00f6g integritet och k\u00e4nsla och f\u00f6rst\u00e5else f\u00f6r hur viktig kultur \u00e4r.<\/p>\n<p>Tyv\u00e4rr tycks det r\u00e5da s\u00e5dan \u00e5ldersdiskriminering att ingen som fyllt 50 \u00e5r har n\u00e5gon chans nu. Leif Pagrotsky \u00e4r f\u00f6dd 20 oktober 1951. Tyv\u00e4rr verkar majoriteten inom S nu f\u00f6r tiden vara s\u00e5 extremt f\u00f6rblindade av illusionen att endast m\u00e4nniskor under 40 duger n\u00e5got till.<\/p>\n<p>Fast nu tror jag inte att Pagrotsky kommer att st\u00e4lla upp. Tyv\u00e4rr.<br \/>\nN\u00e5gra av de andra f\u00f6rslagen kan v\u00e4xa in i rollen och g\u00f6ra ett godk\u00e4nt jobb, absolut.<br \/>\nN\u00e5gra av de som det surras mest om just nu \u00e4r inte alls mina favoritkandidater, men n\u00e5gra \u00e4r jag positiv till och n\u00e5gra k\u00e4nner jag till f\u00f6r d\u00e5ligt f\u00f6r att ha n\u00e5gon s\u00e4ker uppfattning om.<\/p>\n<p>Relaterat:<br \/>\n<a href=\"http:\/\/jinge.se\/mediekritik\/fram-for-pagrotsky.htm\">Jinge<\/a> st\u00f6der Pagrotsky, <a href=\"http:\/\/hogbergstankar.blogspot.com\/2011\/01\/sa-vill-jag-leda-socialdemokraterna.html\">Peter H\u00f6gberg<\/a> har tidigare talat om att han vill st\u00e4lla upp (vilket jag tolkar mer som en uppmaning att f\u00e5 de verkliga kandidaterna att tr\u00e4da fram). <\/p>\n<p>Media:\u00a0<a href=\"http:\/\/sverigesradio.se\/sida\/artikel.aspx?programid=1650&amp;artikel=4356773\">Ekot<\/a>,\u00a0<a href=\"http:\/\/www.aftonbladet.se\/ledare\/ledarkronika\/karinpettersson\/article8587065.ab\">Ab<\/a>,\u00a0<a href=\"http:\/\/www.aftonbladet.se\/nyheter\/article8586907.ab\">Ab2<\/a>,\u00a0<a href=\"http:\/\/www.aftonbladet.se\/nyheter\/article8587193.ab\">Ab3<\/a>,\u00a0<a href=\"http:\/\/www.dn.se\/nyheter\/politik\/damberg-vill-ta-ansvar-for-s\">DN<\/a>,\u00a0<a href=\"http:\/\/www.svd.se\/nyheter\/inrikes\/damberg-vill-ta-ansvar-for-s_5951003.svd\">SvD<\/a>,\u00a0<a href=\"http:\/\/www.svd.se\/nyheter\/inrikes\/aftonbladet-pekar-ut-topp-tre_5951739.svd\">SvD2<\/a>.<br \/>\nBloggat:\u00a0<a href=\"http:\/\/rodaberget.wordpress.com\/2011\/02\/18\/damberg-har-klivit-fram-vi-vantar-pa-ostros-sommestad-co\/\">Peter Johansson<\/a> och\u00a0<a href=\"http:\/\/peterlandersson.blogspot.com\/2011\/02\/aftonbladet-och-partiledaren.html\">Peter Andersson<\/a> och\u00a0<a href=\"http:\/\/tokmoderaten.blogspot.com\/2011\/02\/damberg-ut-ur-de-roda-draperierna.html\">Tokmoderaten<\/a> och<a href=\"http:\/\/hbt-sossen.blogspot.com\/2011\/02\/aftonbladets-ledarsida-tar-stallning.html\"> Alexandra Einerstam<\/a> och <a href=\"http:\/\/hogbergstankar.blogspot.com\/2011\/02\/och-vill-kandidaten-natt-eller.html\">Peter H\u00f6gberg<\/a>, <a href=\"http:\/\/www.dn.se\/nyheter\/politik\/s-kraver-besked-av-kandidaterna\">Dagens Nyheter<\/a>. <\/p>\n<p>L\u00e4s \u00e4ven andra bloggares \u00e5sikter om <a href=\"http:\/\/bloggar.se\/om\/samh%E4lle\" rel=\"tag\">samh\u00e4lle<\/a>, <a href=\"http:\/\/bloggar.se\/om\/kulturpolitik\" rel=\"tag\">kulturpolitik<\/a>, <a href=\"http:\/\/bloggar.se\/om\/Pagrotsky\" rel=\"tag\">Pagrotsky<\/a>, <a href=\"http:\/\/bloggar.se\/om\/Socialdemokraterna\" rel=\"tag\">Socialdemokraterna<\/a><\/p>\n","protected":false},"excerpt":{"rendered":"<p>Det har varit m\u00e5nga spekulationer fram och tillbaka och till och med de h\u00f6gerstyrda tidningarna som DN har f\u00f6rs\u00f6kte l\u00e4gga n\u00e4san i bl\u00f6t och styra och st\u00e4lla i fr\u00e5gan. Fr\u00e5gan om vem som ska ta \u00f6ver som partiledare i Socialdemokraterna. N\u00e4r ledarredaktioner som st\u00f6djer h\u00f6gerregeringen l\u00e4gger sig i och tycker till vet man ju inte [&hellip;]<\/p>\n","protected":false},"author":2,"featured_media":0,"comment_status":"open","ping_status":"open","sticky":false,"template":"","format":"standard","meta":{"_genesis_hide_title":false,"_genesis_hide_breadcrumbs":false,"_genesis_hide_singular_image":false,"_genesis_hide_footer_widgets":false,"_genesis_custom_body_class":"","_genesis_custom_post_class":"","_genesis_layout":"","footnotes":""},"categories":[44],"tags":[3109,4237,4917,5229],"class_list":{"0":"post-30795","1":"post","2":"type-post","3":"status-publish","4":"format-standard","6":"category-chadie","7":"tag-kulturpolitik","8":"tag-pagrotsky","9":"tag-samhalle","10":"tag-socialdemokraterna","11":"entry"},"_links":{"self":[{"href":"https:\/\/kulturbloggen.com\/index.php?rest_route=\/wp\/v2\/posts\/30795","targetHints":{"allow":["GET"]}}],"collection":[{"href":"https:\/\/kulturbloggen.com\/index.php?rest_route=\/wp\/v2\/posts"}],"about":[{"href":"https:\/\/kulturbloggen.com\/index.php?rest_route=\/wp\/v2\/types\/post"}],"author":[{"embeddable":true,"href":"https:\/\/kulturbloggen.com\/index.php?rest_route=\/wp\/v2\/users\/2"}],"replies":[{"embeddable":true,"href":"https:\/\/kulturbloggen.com\/index.php?rest_route=%2Fwp%2Fv2%2Fcomments&post=30795"}],"version-history":[{"count":0,"href":"https:\/\/kulturbloggen.com\/index.php?rest_route=\/wp\/v2\/posts\/30795\/revisions"}],"wp:attachment":[{"href":"https:\/\/kulturbloggen.com\/index.php?rest_route=%2Fwp%2Fv2%2Fmedia&parent=30795"}],"wp:term":[{"taxonomy":"category","embeddable":true,"href":"https:\/\/kulturbloggen.com\/index.php?rest_route=%2Fwp%2Fv2%2Fcategories&post=30795"},{"taxonomy":"post_tag","embeddable":true,"href":"https:\/\/kulturbloggen.com\/index.php?rest_route=%2Fwp%2Fv2%2Ftags&post=30795"}],"curies":[{"name":"wp","href":"https:\/\/api.w.org\/{rel}","templated":true}]}}