{"id":30583,"date":"2011-02-15T23:56:51","date_gmt":"2011-02-15T22:56:51","guid":{"rendered":"http:\/\/kulturbloggen.com\/?p=30583"},"modified":"2011-02-15T23:56:51","modified_gmt":"2011-02-15T22:56:51","slug":"apple-planerar-iphone-nano-budgetmodell-av-iphone","status":"publish","type":"post","link":"https:\/\/kulturbloggen.com\/?p=30583","title":{"rendered":"Apple planerar Iphone nano &#8211; budgetmodell av Iphone"},"content":{"rendered":"<p><a href=\"http:\/\/kulturbloggen.com\/wp-content\/uploads\/2011\/02\/iphone_nano-250x211.jpg\"><img loading=\"lazy\" decoding=\"async\" class=\"aligncenter size-full wp-image-30584\" title=\"iphone_nano-250x211\" src=\"http:\/\/kulturbloggen.com\/wp-content\/uploads\/2011\/02\/iphone_nano-250x211.jpg\" alt=\"\" width=\"250\" height=\"211\" \/><\/a><\/p>\n<p><a href=\"http:\/\/www.idg.se\/2.1085\/1.368159\">Rkyktet<\/a> om att Apple planerar en billigare, mindre version av Iphone<a href=\"http:\/\/www.idg.se\/2.1085\/1.368410\/iphone-nano-ska-mota-konkurrensen-fran-android\"> har bekr\u00e4ftats av Wall Street Journal <\/a>.<\/p>\n<p>K\u00e4nner Apple trycket fr\u00e5n Android? Kanske det. Det har ocks\u00e5 visat sig att det finns en marknad f\u00f6r mindre telefoner, \u00e4ven om stora sk\u00e4rmar g\u00f6r surfandet med mobilen bekv\u00e4mare.<\/p>\n<p>IDG:<\/p>\n<blockquote><p>I dagens upplaga av Wall Street  Journal h\u00e4vdar tidningen att uppgifterna st\u00e4mmer. Enligt obekr\u00e4ftade  uppgifter kommer en l\u00e5gprismodell av iPhone att b\u00f6rja s\u00e4ljas parallellt  med den nuvarande, dyrare, modellen av iPhone.<\/p><\/blockquote>\n<p><a href=\"http:\/\/online.wsj.com\/article\/SB10001424052748704657104576142262842435544.html\">Artikeln i Wall Street Journal<\/a><\/p>\n<p><a href=\"http:\/\/intressant.se\/intressant\">Intressant?<\/a> L\u00e4s \u00e4ven andra bloggares \u00e5sikter om <a rel=\"tag\" href=\"http:\/\/bloggar.se\/om\/Iphone+nano\">Iphone nano<\/a>, <a rel=\"tag\" href=\"http:\/\/bloggar.se\/om\/Apple\">Apple<\/a>, <a rel=\"tag\" href=\"http:\/\/bloggar.se\/om\/Android\">Android<\/a><\/p>\n","protected":false},"excerpt":{"rendered":"<p>Rkyktet om att Apple planerar en billigare, mindre version av Iphone har bekr\u00e4ftats av Wall Street Journal . K\u00e4nner Apple trycket fr\u00e5n Android? Kanske det. Det har ocks\u00e5 visat sig att det finns en marknad f\u00f6r mindre telefoner, \u00e4ven om stora sk\u00e4rmar g\u00f6r surfandet med mobilen bekv\u00e4mare. IDG: I dagens upplaga av Wall Street Journal [&hellip;]<\/p>\n","protected":false},"author":13,"featured_media":0,"comment_status":"open","ping_status":"open","sticky":false,"template":"","format":"standard","meta":{"_genesis_hide_title":false,"_genesis_hide_breadcrumbs":false,"_genesis_hide_singular_image":false,"_genesis_hide_footer_widgets":false,"_genesis_custom_body_class":"","_genesis_custom_post_class":"","_genesis_layout":"","footnotes":""},"categories":[20],"tags":[274,362,2545],"class_list":{"0":"post-30583","1":"post","2":"type-post","3":"status-publish","4":"format-standard","6":"category-film","7":"tag-android","8":"tag-apple","9":"tag-iphone-nano","10":"entry"},"_links":{"self":[{"href":"https:\/\/kulturbloggen.com\/index.php?rest_route=\/wp\/v2\/posts\/30583","targetHints":{"allow":["GET"]}}],"collection":[{"href":"https:\/\/kulturbloggen.com\/index.php?rest_route=\/wp\/v2\/posts"}],"about":[{"href":"https:\/\/kulturbloggen.com\/index.php?rest_route=\/wp\/v2\/types\/post"}],"author":[{"embeddable":true,"href":"https:\/\/kulturbloggen.com\/index.php?rest_route=\/wp\/v2\/users\/13"}],"replies":[{"embeddable":true,"href":"https:\/\/kulturbloggen.com\/index.php?rest_route=%2Fwp%2Fv2%2Fcomments&post=30583"}],"version-history":[{"count":0,"href":"https:\/\/kulturbloggen.com\/index.php?rest_route=\/wp\/v2\/posts\/30583\/revisions"}],"wp:attachment":[{"href":"https:\/\/kulturbloggen.com\/index.php?rest_route=%2Fwp%2Fv2%2Fmedia&parent=30583"}],"wp:term":[{"taxonomy":"category","embeddable":true,"href":"https:\/\/kulturbloggen.com\/index.php?rest_route=%2Fwp%2Fv2%2Fcategories&post=30583"},{"taxonomy":"post_tag","embeddable":true,"href":"https:\/\/kulturbloggen.com\/index.php?rest_route=%2Fwp%2Fv2%2Ftags&post=30583"}],"curies":[{"name":"wp","href":"https:\/\/api.w.org\/{rel}","templated":true}]}}