{"id":30479,"date":"2011-02-14T16:43:48","date_gmt":"2011-02-14T15:43:48","guid":{"rendered":"http:\/\/kulturbloggen.com\/?p=30479"},"modified":"2011-02-14T16:43:48","modified_gmt":"2011-02-14T15:43:48","slug":"bra-besked-av-foppa-att-verkligen-sluta","status":"publish","type":"post","link":"https:\/\/kulturbloggen.com\/?p=30479","title":{"rendered":"Bra besked av Foppa, att verkligen sluta"},"content":{"rendered":"<p><a href=\"http:\/\/kulturbloggen.com\/wp-content\/uploads\/2011\/02\/Sk\u00e4rmavbild-2011-02-14-kl.-18.44.04.png\"><img loading=\"lazy\" decoding=\"async\" src=\"http:\/\/kulturbloggen.com\/wp-content\/uploads\/2011\/02\/Sk\u00e4rmavbild-2011-02-14-kl.-18.44.04-300x187.png\" alt=\"\" title=\"Sk\u00e4rmavbild 2011-02-14 kl. 18.44.04\" width=\"300\" height=\"187\" class=\"aligncenter size-medium wp-image-30481\" \/><\/a> <\/p>\n<p>Det \u00e4r \u00f6ver.<br \/>\nFoppa avbryter sitt comebackf\u00f6rs\u00f6k och slutar med ishockeyn.<br \/>\nHan kommer att h\u00e5lla en presskonferens och ber\u00e4tta om pensioneringen i Pepsi Center senare under m\u00e5ndagen.<br \/>\n<a href=\"http:\/\/www.aftonbladet.se\/sportbladet\/hockey\/internationellt\/nhl\/article8567617.ab\">Skriver Aftonbladet<\/a>.<\/p>\n<p>Det \u00e4r bra. Man ska sluta p\u00e5 topp. Eller i alla fall innan det blir l\u00f6jev\u00e4ckande.<\/p>\n<p><a href=\"http:\/\/www.dn.se\/sport\/ishockey\/peter-forsberg-lagger-av\">Dagens Nyheter skriver<\/a>:<\/p>\n<blockquote><p>Efter bara tv\u00e5 matcher \u2013 b\u00e5da f\u00f6rlustmatcher \u2013 v\u00e4ljer den 37-\u00e5rige ishockeystj\u00e4rnan att ge upp comebacken och uppges \u00e4ven ge upp karri\u00e4ren.<\/p>\n<p>Forsberg kommer, enligt Colorado Avalanches hemsida, att offentligg\u00f6ra sitt beslut vid en presskonferens 22.30 svensk tid.<\/p><\/blockquote>\n<p>L\u00e4s \u00e4ven andra bloggares \u00e5sikter om <a href=\"http:\/\/bloggar.se\/om\/Foppa\" rel=\"tag\">Foppa<\/a>, <a href=\"http:\/\/bloggar.se\/om\/sport\" rel=\"tag\">sport<\/a>, <a href=\"http:\/\/bloggar.se\/om\/ishockey\" rel=\"tag\">ishockey<\/a><\/p>\n","protected":false},"excerpt":{"rendered":"<p>Det \u00e4r \u00f6ver. Foppa avbryter sitt comebackf\u00f6rs\u00f6k och slutar med ishockeyn. Han kommer att h\u00e5lla en presskonferens och ber\u00e4tta om pensioneringen i Pepsi Center senare under m\u00e5ndagen. Skriver Aftonbladet. Det \u00e4r bra. Man ska sluta p\u00e5 topp. Eller i alla fall innan det blir l\u00f6jev\u00e4ckande. Dagens Nyheter skriver: Efter bara tv\u00e5 matcher \u2013 b\u00e5da f\u00f6rlustmatcher [&hellip;]<\/p>\n","protected":false},"author":2,"featured_media":0,"comment_status":"open","ping_status":"open","sticky":false,"template":"","format":"standard","meta":{"_genesis_hide_title":false,"_genesis_hide_breadcrumbs":false,"_genesis_hide_singular_image":false,"_genesis_hide_footer_widgets":false,"_genesis_custom_body_class":"","_genesis_custom_post_class":"","_genesis_layout":"","footnotes":""},"categories":[44],"tags":[1824,2567,27],"class_list":{"0":"post-30479","1":"post","2":"type-post","3":"status-publish","4":"format-standard","6":"category-chadie","7":"tag-foppa","8":"tag-ishockey","9":"tag-sport","10":"entry"},"_links":{"self":[{"href":"https:\/\/kulturbloggen.com\/index.php?rest_route=\/wp\/v2\/posts\/30479","targetHints":{"allow":["GET"]}}],"collection":[{"href":"https:\/\/kulturbloggen.com\/index.php?rest_route=\/wp\/v2\/posts"}],"about":[{"href":"https:\/\/kulturbloggen.com\/index.php?rest_route=\/wp\/v2\/types\/post"}],"author":[{"embeddable":true,"href":"https:\/\/kulturbloggen.com\/index.php?rest_route=\/wp\/v2\/users\/2"}],"replies":[{"embeddable":true,"href":"https:\/\/kulturbloggen.com\/index.php?rest_route=%2Fwp%2Fv2%2Fcomments&post=30479"}],"version-history":[{"count":0,"href":"https:\/\/kulturbloggen.com\/index.php?rest_route=\/wp\/v2\/posts\/30479\/revisions"}],"wp:attachment":[{"href":"https:\/\/kulturbloggen.com\/index.php?rest_route=%2Fwp%2Fv2%2Fmedia&parent=30479"}],"wp:term":[{"taxonomy":"category","embeddable":true,"href":"https:\/\/kulturbloggen.com\/index.php?rest_route=%2Fwp%2Fv2%2Fcategories&post=30479"},{"taxonomy":"post_tag","embeddable":true,"href":"https:\/\/kulturbloggen.com\/index.php?rest_route=%2Fwp%2Fv2%2Ftags&post=30479"}],"curies":[{"name":"wp","href":"https:\/\/api.w.org\/{rel}","templated":true}]}}