{"id":30439,"date":"2011-02-14T10:56:42","date_gmt":"2011-02-14T09:56:42","guid":{"rendered":"http:\/\/kulturbloggen.com\/?p=30439"},"modified":"2011-02-14T10:56:42","modified_gmt":"2011-02-14T09:56:42","slug":"visst-ar-svenska-foretag-extremt-aldersdiskriminerande","status":"publish","type":"post","link":"https:\/\/kulturbloggen.com\/?p=30439","title":{"rendered":"Visst \u00e4r svenska f\u00f6retag extremt \u00e5ldersdiskriminerande"},"content":{"rendered":"<p><a href=\"http:\/\/kulturbloggen.com\/wp-content\/uploads\/2011\/02\/skelett.gif\"><img loading=\"lazy\" decoding=\"async\" src=\"http:\/\/kulturbloggen.com\/wp-content\/uploads\/2011\/02\/skelett-300x236.gif\" alt=\"\" title=\"skelett\" width=\"300\" height=\"236\" class=\"aligncenter size-medium wp-image-30443\" \/><\/a><br \/>\nFas 3 \u00e4r en skum sak. Den omfattar m\u00e4nniskor som varit arbetsl\u00f6sa s\u00e5 l\u00e4nge att de utf\u00f6rs\u00e4krats och nu f\u00e5r jobba gratis medan arbetsgivaren f\u00e5r betalt av samh\u00e4llet f\u00f6r att ge dem jobb. Det \u00e4r en ny form av slaveri.<br \/>\nEn rapport visar att \u00f6ver 65 procent av de som nu kastats ut i Fas 3 \u00e4r \u00f6ver 45 \u00e5r, <a href=\"http:\/\/lontagarbloggen.blogspot.com\/2011\/02\/pagar-det-en-aldersdiskriminering-pa.html\">ber\u00e4ttar L\u00f6ntagarbloggen<\/a>.<br \/>\nDet h\u00e4r visar s\u00e5 tydligt att svenska f\u00f6retag \u00e4r extremt \u00e5ldersdiskriminerande.<\/p>\n<p>F\u00f6rst och fr\u00e4mst \u00e4r 45 + ingen h\u00f6g \u00e5lder, egentligen. Men i Sverige r\u00e4knas vi bort s\u00e5 fort vi fyllt 45 i v\u00e4ldigt m\u00e5nga sammanhang. Det \u00e4r en stor, stor brist i det svenska samh\u00e4llet att m\u00e4nniskors kompetens inte \u00e4r n\u00e5got v\u00e4rd efter 45 \u00e5r. <\/p>\n<p>Ett tydligt exempel \u00e4r jakten p\u00e5 ny partiledare f\u00f6r Socialdemokraterna. I de flesta sammanhang fastst\u00e4lls de inom kravspecifikationen att det ska vara en m\u00e4nniska under 45 \u00e5r. Det \u00e4r helt idiotiskt att r\u00e4kna bort en m\u00e4nniskas kompetens p\u00e5 grund av \u00e5lder. Det \u00e4r \u00e5ldersdiskriminering som slagit rot i det svenska samh\u00e4llet, n\u00e4stan \u00f6verallt.<\/p>\n<p>Arbetsklimatet har blivit sjukt och s\u00e5 genombyr\u00e5kratiskt.<br \/>\nF\u00f6r att s\u00f6ka jobb ska m\u00e4nniskor skriva byr\u00e5kratiska CV och t\u00e4vla med hundratals om ett jobb.<br \/>\nOch i m\u00e5nga fall komma till intervjuer arrangerade av rekryteringsfirmor. Snacka om stela tillst\u00e4llningar.<\/p>\n<p>Det m\u00e4nskliga arbetslivet b\u00f6rjar f\u00f6rsvinna mer och mer.<\/p>\n<p>Och m\u00e4nniskor som inte \u00e4r genomstarka och drivs att \u00f6vertygelsen att de \u00e4r b\u00e4st och mer v\u00e4rda \u00e4n alla andra, de sl\u00e5s ut i den f\u00f6r\u00f6dande konkurrensen. K\u00e4nsliga m\u00e4nniskor som t\u00e4nker efter och funderar finns det inte plats f\u00f6r i v\u00e5rt samh\u00e4lle.<\/p>\n<p>Inom medier som hos TV4 och SVT st\u00e5r det ofta i jobbannonserna att de som har annan bakgrund \u00e4n den svenska har f\u00f6retr\u00e4de. Det blir ocks\u00e5 bakv\u00e4nt. En m\u00e4nniska som fyllt 45 och som har svensk bakgrund \u00e4r helt k\u00f6rd d\u00e5.<\/p>\n<p>N\u00e4r det inte l\u00e4ngre \u00e4n kompetensen som r\u00e4knas utan hur ung en m\u00e4nniska \u00e4r, d\u00e5 har det blivit fel. <\/p>\n<p>Relaterade texter:<br \/>\n<a href=\"http:\/\/aftonbladet.se\/nyheter\/article8562385.ab\">Aftonbladet 1<\/a>, <a href=\"http:\/\/martinmobergsblogg.blogspot.com\/2011\/02\/avslojande-rapport-om-en-mycket.html\">Martin Mobergs blogg<\/a>, <a href=\"http:\/\/aftonbladet.se\/nyheter\/article8562967.ab\">Aftonbladet 2 <\/a> och <a href=\"http:\/\/claeskrantz.se\/arkivet\/6038\">Claes Krantz blogg<\/a> och <a href=\"http:\/\/www.socialdemokraterna.se\/Media\/nyheter\/Socialdemokraterna-presenterar-nya-siffror-for-langtidsarbetslosheten\/\">Socialdemokraterna<\/a>.<\/p>\n","protected":false},"excerpt":{"rendered":"<p>Fas 3 \u00e4r en skum sak. Den omfattar m\u00e4nniskor som varit arbetsl\u00f6sa s\u00e5 l\u00e4nge att de utf\u00f6rs\u00e4krats och nu f\u00e5r jobba gratis medan arbetsgivaren f\u00e5r betalt av samh\u00e4llet f\u00f6r att ge dem jobb. Det \u00e4r en ny form av slaveri. En rapport visar att \u00f6ver 65 procent av de som nu kastats ut i Fas [&hellip;]<\/p>\n","protected":false},"author":2,"featured_media":0,"comment_status":"open","ping_status":"open","sticky":false,"template":"","format":"standard","meta":{"_genesis_hide_title":false,"_genesis_hide_breadcrumbs":false,"_genesis_hide_singular_image":false,"_genesis_hide_footer_widgets":false,"_genesis_custom_body_class":"","_genesis_custom_post_class":"","_genesis_layout":"","footnotes":""},"categories":[44],"tags":[],"class_list":{"0":"post-30439","1":"post","2":"type-post","3":"status-publish","4":"format-standard","6":"category-chadie","7":"entry"},"_links":{"self":[{"href":"https:\/\/kulturbloggen.com\/index.php?rest_route=\/wp\/v2\/posts\/30439","targetHints":{"allow":["GET"]}}],"collection":[{"href":"https:\/\/kulturbloggen.com\/index.php?rest_route=\/wp\/v2\/posts"}],"about":[{"href":"https:\/\/kulturbloggen.com\/index.php?rest_route=\/wp\/v2\/types\/post"}],"author":[{"embeddable":true,"href":"https:\/\/kulturbloggen.com\/index.php?rest_route=\/wp\/v2\/users\/2"}],"replies":[{"embeddable":true,"href":"https:\/\/kulturbloggen.com\/index.php?rest_route=%2Fwp%2Fv2%2Fcomments&post=30439"}],"version-history":[{"count":0,"href":"https:\/\/kulturbloggen.com\/index.php?rest_route=\/wp\/v2\/posts\/30439\/revisions"}],"wp:attachment":[{"href":"https:\/\/kulturbloggen.com\/index.php?rest_route=%2Fwp%2Fv2%2Fmedia&parent=30439"}],"wp:term":[{"taxonomy":"category","embeddable":true,"href":"https:\/\/kulturbloggen.com\/index.php?rest_route=%2Fwp%2Fv2%2Fcategories&post=30439"},{"taxonomy":"post_tag","embeddable":true,"href":"https:\/\/kulturbloggen.com\/index.php?rest_route=%2Fwp%2Fv2%2Ftags&post=30439"}],"curies":[{"name":"wp","href":"https:\/\/api.w.org\/{rel}","templated":true}]}}