{"id":30421,"date":"2011-02-14T17:42:49","date_gmt":"2011-02-14T16:42:49","guid":{"rendered":"http:\/\/kulturbloggen.com\/?p=30421"},"modified":"2011-02-14T17:42:49","modified_gmt":"2011-02-14T16:42:49","slug":"fria-teatern-40-ar-av-kreativitet","status":"publish","type":"post","link":"https:\/\/kulturbloggen.com\/?p=30421","title":{"rendered":"Fria Teatern &#8211; 40 \u00e5r av kreativitet"},"content":{"rendered":"<p><img loading=\"lazy\" decoding=\"async\" src=\"http:\/\/kulturbloggen.com\/wp-content\/uploads\/2011\/02\/FriaTeatern_40ar.jpg\" alt=\"Fria Teatern - 40 \u00e5r av kreativitet\" title=\"Fria Teatern - 40 \u00e5r av kreativitet \" width=\"460\" height=\"306\" class=\"size-full wp-image-30455\" \/><\/p>\n<p>Mitt i H\u00f6gdalens centrum ligger Fria Teatern. Verksam i denna Stockholmsf\u00f6rort  i mer \u00e4n<br \/>\n40 \u00e5r. Jag \u00e4r inbjudan av <a href=\"http:\/\/www.facebook.com\/#!\/group.php?gid=24681668299&#038;v=info\" target=\"_blank\">Fria Teaterns V\u00e4nner<\/a> att komma p\u00e5 s\u00f6ndagsbes\u00f6k, p\u00e5 &#8221;FIKA F\u00d6R FRIA TEATERN&#8221;. <\/p>\n<p>Fria Teatern \u00e4r en institution, v\u00e4l etablerad och produktiv som f\u00f6r n\u00e4rvarande har hela sex pj\u00e4ser p\u00e5 repertoaren. Teatern \u00e4r s\u00e5 pass flitiga att den har f\u00e5tt Stockholms Kulturf\u00f6rvaltnings egen bonus f\u00f6r h\u00f6g produktivitet tv\u00e5 \u00e5r i rad. <\/p>\n<p><img loading=\"lazy\" decoding=\"async\" src=\"http:\/\/kulturbloggen.com\/wp-content\/uploads\/2011\/02\/FriaTeatern_40ar2.jpg\" alt=\"Fria Teatern 40 \u00e5r - Ville Valle och Viktor\" title=\"Fria Teatern 40 \u00e5r - Ville Valle och Viktor\" width=\"300\" height=\"451\" class=\"size-full wp-image-30462\" \/><\/p>\n<p><strong>Madeleine Sj\u00f6stedt (fp)<\/strong> \u00e4r kulturborgarr\u00e5d i Stockholm och \u00e4r den som ytterst best\u00e4mmer vilka premisser v\u00e5r kultur i staden ska f\u00e5 verka och utvecklas under. Nu har hon och hennes kulturf\u00f6rvaltning best\u00e4mt att nu f\u00e5r det vara nog med teater i H\u00f6gdalen. Andra mindre etablerade kulturproducenter m\u00e5ste f\u00e5 st\u00f6d fr\u00e5n staden, menar man. Och s\u00e5 l\u00e4gger man till \u201cpengarna r\u00e4cker inte till allt\u201d. D\u00e4rf\u00f6r har man nu beslutat om ett s\u00e5 kallat \u201domst\u00e4llningsbidrag\u201d till Fria Teatern vilket inneb\u00e4r att n\u00e4sta \u00e5r s\u00e5 blir det inget st\u00f6d alls.<\/p>\n<p><img loading=\"lazy\" decoding=\"async\" src=\"http:\/\/kulturbloggen.com\/wp-content\/uploads\/2011\/02\/FriaTeatern_40ar3.jpg\" alt=\"Fria Teatern i H\u00f6gdalen hotas av nedl\u00e4ggning\" title=\"Fria Teatern i H\u00f6gdalen hotas av nedl\u00e4ggning\" width=\"460\" height=\"306\" class=\"alignnone size-full wp-image-30468\" \/><em>Fria Teatern i H\u00f6gdalen hotas av nedl\u00e4ggning. H\u00e4r ber\u00e4ttar Ulrika Dahl fr\u00e5n Fria Teaterns V\u00e4nner om konsekvenserna av en nedl\u00e4ggning. \u00d6vriga fr\u00e5n v\u00e4nster Hanna Drammeh, Yvonne Gustavsson Fria Teaterns V\u00e4nner och Birgitta Sundberg, sk\u00e5despelare och konstn\u00e4rlig ledare.<\/em><\/p>\n<p>Om kampen f\u00f6r att f\u00e5 de ansvariga politikerna att \u00e4ndra uppfattning ber\u00e4ttade den nybildade \u201caktionsgruppen\u201d <strong>Fria Teaterns V\u00e4nner<\/strong> om i s\u00f6ndags. Man kommer att forts\u00e4tta bjuda in till &#8221;FIKA F\u00d6R FRIA TEATERN&#8221;. H\u00e5ll utkik p\u00e5 deras <a href=\"http:\/\/www.facebook.com\/#!\/group.php?gid=24681668299&#038;v=info\" target=\"_blank\">Facebooksida<\/a>. <\/p>\n<p>Fram till n\u00e4sta h\u00e4rliga fika p\u00e5 Fria Teatern i H\u00f6gdalen s\u00e5 kan vi till mans fundera p\u00e5 vad vi egentligen ska ha f\u00f6r kultur och vilka som ska kunna nyttja den. Som det \u00e4r nu riskerar hela f\u00f6rorten st\u00e5 utan betydande teaterscener. Scener och m\u00f6tetsplatser som betyder mycket f\u00f6r de boende i dess n\u00e4rhet f\u00f6rsvinner en efter en. Vad kommer ist\u00e4llet? Det vet vi inget om \u00e4n s\u00e5 l\u00e4nge men det ryktas om ett nytt operahus p\u00e5 Blasieholmen mitt i City.<\/p>\n<p>Jag citerar <a href=\"http:\/\/www.teaterforbundet.se\/web\/SRF_brev_om_Fria_Teatern.aspx\" target=\"_blank\">Svenska Regiss\u00f6rsf\u00f6reningens<\/a> uttalande om nedl\u00e4ggningen av Fria Teatern i h\u00f6gdalen:<\/p>\n<blockquote><p>Att bygga upp en framg\u00e5ngsrik verksamhet och f\u00f6rankra den hos en trogen publik som Fria Teatern gjort \u00e4r ett beundransv\u00e4rt l\u00e5ngsiktigt, m\u00f6dosamt och tidskr\u00e4vande arbete. Att med ett penndrag och enkelt beslut rasera allt det Fria Teatern \u00e5stadkommit \u00e4r ett skakande tecken p\u00e5 kulturf\u00f6rakt hos stadshusmajoriteten. Den bristande respekt f\u00f6r dialog och demokrati som f\u00f6reg\u00e5tt det hastigt genomtvingade beslutet \u00e4r ett slag i ansiktet p\u00e5 Fria Teaterns publik i H\u00f6gdalen och i hela Stockholm.<br \/>\nSvenska Regiss\u00f6rsf\u00f6reningen (SRF) <\/p><\/blockquote>\n<p>H\u00e4r hittar du <a href=\"http:\/\/www.friateatern.se\/\" target=\"_blank\">Fria Teaterns hemsida<\/a>.<\/p>\n<p>Samtliga foton: \u00a9 <a href=\"http:\/\/www.flickr.com\/photos\/anderslowdin\/collections\/72157608072783176\/\" target=\"_blank\">Anders L\u00f6wdin<\/a>.<\/p>\n<p>Relaterat: <a href=\"http:\/\/www.svd.se\/kulturnoje\/mer\/kommentar\/obehaglig-slakt-av-fria-teatern_5877659.svd\" target=\"_blank\">SvD<\/a>, <a href=\"http:\/\/www.dn.se\/kultur-noje\/scen\/fria-teatern-fyller-fyrtio\" target=\"_blank\">DN<\/a>, <a href=\"http:\/\/www.dn.se\/kultur-noje\/scen\/fria-teatern-och-bus-gar-mot-nedlaggning\" target=\"_blank\">DN<\/a>.<\/p>\n<p>L\u00e4s \u00e4ven andra bloggares \u00e5sikter om <a href=\"http:\/\/bloggar.se\/om\/Fria+Teatern\" rel=\"tag\">Fria Teatern<\/a>, <a href=\"http:\/\/bloggar.se\/om\/teater\" rel=\"tag\">teater<\/a>, <a href=\"http:\/\/bloggar.se\/om\/H%F6gdalen\" rel=\"tag\">H\u00f6gdalen<\/a>, <a href=\"http:\/\/bloggar.se\/om\/Madeleine+Sj%F6stedt\" rel=\"tag\">Madeleine Sj\u00f6stedt<\/a>, <a href=\"http:\/\/bloggar.se\/om\/operahus\" rel=\"tag\">operahus<\/a> eller annat <a href=\"http:\/\/intressant.se\/intressant\" target=\"_blank\">intressant<\/a>. L\u00e4s \u00e4ven <a href=\"http:\/\/www.socialdemokraterna.se\/netroots\/\" target=\"_blank\">NetRoots <\/a>&#8230;.<\/p>\n","protected":false},"excerpt":{"rendered":"<p>Mitt i H\u00f6gdalens centrum ligger Fria Teatern. Verksam i denna Stockholmsf\u00f6rort  i mer \u00e4n<br \/>\n40 \u00e5r. Jag \u00e4r inbjudan av Fria Teaterns V\u00e4nner att komma p\u00e5 s\u00f6ndagsbes\u00f6k, p\u00e5 &#8221;FIKA F\u00d6R FRIA TEATERN&#8221;. <\/p>\n","protected":false},"author":13,"featured_media":0,"comment_status":"open","ping_status":"open","sticky":false,"template":"","format":"standard","meta":{"_genesis_hide_title":false,"_genesis_hide_breadcrumbs":false,"_genesis_hide_singular_image":false,"_genesis_hide_footer_widgets":false,"_genesis_custom_body_class":"","_genesis_custom_post_class":"","_genesis_layout":"","footnotes":""},"categories":[20,30],"tags":[1871,2377,3432,4171,12288],"class_list":{"0":"post-30421","1":"post","2":"type-post","3":"status-publish","4":"format-standard","6":"category-film","7":"category-teater","8":"tag-fria-teatern","9":"tag-hogdalen","10":"tag-madeleine-sjostedt","11":"tag-operahus","12":"tag-teater","13":"entry"},"_links":{"self":[{"href":"https:\/\/kulturbloggen.com\/index.php?rest_route=\/wp\/v2\/posts\/30421","targetHints":{"allow":["GET"]}}],"collection":[{"href":"https:\/\/kulturbloggen.com\/index.php?rest_route=\/wp\/v2\/posts"}],"about":[{"href":"https:\/\/kulturbloggen.com\/index.php?rest_route=\/wp\/v2\/types\/post"}],"author":[{"embeddable":true,"href":"https:\/\/kulturbloggen.com\/index.php?rest_route=\/wp\/v2\/users\/13"}],"replies":[{"embeddable":true,"href":"https:\/\/kulturbloggen.com\/index.php?rest_route=%2Fwp%2Fv2%2Fcomments&post=30421"}],"version-history":[{"count":0,"href":"https:\/\/kulturbloggen.com\/index.php?rest_route=\/wp\/v2\/posts\/30421\/revisions"}],"wp:attachment":[{"href":"https:\/\/kulturbloggen.com\/index.php?rest_route=%2Fwp%2Fv2%2Fmedia&parent=30421"}],"wp:term":[{"taxonomy":"category","embeddable":true,"href":"https:\/\/kulturbloggen.com\/index.php?rest_route=%2Fwp%2Fv2%2Fcategories&post=30421"},{"taxonomy":"post_tag","embeddable":true,"href":"https:\/\/kulturbloggen.com\/index.php?rest_route=%2Fwp%2Fv2%2Ftags&post=30421"}],"curies":[{"name":"wp","href":"https:\/\/api.w.org\/{rel}","templated":true}]}}