{"id":30293,"date":"2011-02-11T15:52:39","date_gmt":"2011-02-11T14:52:39","guid":{"rendered":"http:\/\/kulturbloggen.com\/?p=30293"},"modified":"2011-02-11T15:52:39","modified_gmt":"2011-02-11T14:52:39","slug":"filmen-om-afganistan-finding-ali-av-pal-hollender-visas-gratis-pa-moderna-museet","status":"publish","type":"post","link":"https:\/\/kulturbloggen.com\/?p=30293","title":{"rendered":"Filmen om Afganistan: Finding Ali av P\u00e5l Hollender, visas gratis p\u00e5 Moderna Museet"},"content":{"rendered":"<p><a href=\"http:\/\/kulturbloggen.com\/wp-content\/uploads\/2011\/02\/Finding_ali.jpg\"><img loading=\"lazy\" decoding=\"async\" src=\"http:\/\/kulturbloggen.com\/wp-content\/uploads\/2011\/02\/Finding_ali-300x300.jpg\" alt=\"\" title=\"Finding_ali\" width=\"300\" height=\"300\" class=\"aligncenter size-medium wp-image-30294\" \/><\/a><\/p>\n<p>P\u00e5l Hollenders Finding Ali visas fr\u00e5n och med onsdag 16 februari kl 17.00 i Auditoriet p\u00e5 Moderna.<br \/>\nEfter visningen \u00e4r det programsl\u00e4pp f\u00f6r Tempo dokument\u00e4rfestival.<br \/>\nFilmen visas 16 februari &#8211; 13 mars.<\/p>\n<p>Visningen av &#8221;Finding Ali&#8221; \u00e4r gratis, ber\u00e4ttar Moderna i ett pressmeddelande.<br \/>\nH\u00e4r \u00e4r pressmeddelandet om filmen:<\/p>\n<p>Moderna Museet visar P\u00e5l Hollenders film Finding Ali. F\u00f6r tio \u00e5r sedan v\u00e4lkomnades P\u00e5l Hollender med \u00f6ppna armar av afghanerna. Under sin andra resa 2010 upplevde han ist\u00e4llet avst\u00e5ndstagande och r\u00e4dsla. N\u00e5got som kulminerade i ett v\u00e5ldsamt attentat. Genom sitt s\u00f6kande efter Ali st\u00f6ter han p\u00e5 individer som uttrycker misstro och vrede mot USA och Nato. De var lovade fred och utveckling, men har ist\u00e4llet f\u00e5tt uppleva \u201dKriget mot Terrorn\u201d. <\/p>\n<p>Finding Ali \u00e4r P\u00e5l Hollenders nya film om Afghanistan d\u00e4r hans sj\u00e4lvp\u00e5tagna uppdrag \u00e4r att \u00e5terfinna Ali. Ali var nio \u00e5r n\u00e4r P\u00e5l Hollender tr\u00e4ffade honom under sin f\u00f6rsta resa till Afghanistan. Den lille intelligente killen arbetade i sin fars butik p\u00e5 en gatumarknad i Kabul. Ali talade skaplig engelska och tyckte om att guida den nyfikne och politiskt intresserade svensken. P\u00e5l Hollender och Ali Sajjad blev v\u00e4nner. <\/p>\n<p>&#8211; Han \u00e4r f\u00f6rst\u00e5s en ung man idag. Men jag vet inget om vilket sorts liv han lever. Det \u00e4r m\u00e5nga unga afghaner som har fastnat i heroinmissbruk eller drabbats av kriget. Redan n\u00e4r han var nio \u00e5r hade hans hem tr\u00e4ffats av missiler vid tre olika tillf\u00e4llen. Min dr\u00f6m \u00e4r f\u00f6rst\u00e5s att hitta honom bland studenterna p\u00e5 universitetet i Kabul. Men jag vet ju inte i vilken del av landet han befinner sig i, s\u00e4ger P\u00e5l Hollender <\/p>\n<p>P\u00e5l Hollender tar oss runt i landet och f\u00f6rmedlar sina kunskaper, erfarenheter och uppt\u00e4ckter om den r\u00e5dande situationen i Afghanistan. Undersk\u00f6na landskap och solnedg\u00e5ngar blandas med dammiga och ruffa gatubilder i ett s\u00e5rat land som l\u00e4ngtar efter utveckling och fred. Den enda kvinna som uttalar sig i filmen, tittar sig oroligt omkring innan hon ser in i kameran f\u00f6r att kortfattat ber\u00e4tta om sig sj\u00e4lv och sina framtidsutsikter, innan hon skyndar vidare. <\/p>\n<p>Finding Ali av P\u00e5l Hollender, 84 min, HD, 2011<br \/>\nFilmen visas i Minibion varje dag kl. 10.30, 12, 13.30, 15 och 16.30 (tisdagar \u00e4ven kl 18). Till visningarna \u00e4r det fri entr\u00e9. <\/p>\n<p>Finding Ali premi\u00e4rvisades p\u00e5 G\u00f6teborgs Internationella Filmfestival d\u00e4r den t\u00e4vlade i sektionen B\u00e4sta svenska dokument\u00e4r. Visningarna p\u00e5 Moderna Museet sker i samarbete med Tempo dokument\u00e4rfestival som \u00e4ger rum i Stockholm 8-13 mars. <\/p>\n<p>\u00d6ppning onsdag 16 februari kl 17.00-21.00 i Auditoriet.<br \/>\nEfter visningen \u00e4r det programsl\u00e4pp f\u00f6r Tempo dokument\u00e4rfestival. <\/p>\n<p><a href=\"http:\/\/www.modernamuseet.se\/sv\/Stockholm\/Program\/Finding-Ali-av-Pal-Hollender\/\">Mer info om Finding Ali p\u00e5 Modernas hemsida.<\/a><\/p>\n<p>L\u00e4s \u00e4ven andra bloggares \u00e5sikter om <a href=\"http:\/\/bloggar.se\/om\/Moderna\" rel=\"tag\">Moderna<\/a>, <a href=\"http:\/\/bloggar.se\/om\/Afganistan\" rel=\"tag\">Afganistan<\/a>, <a href=\"http:\/\/bloggar.se\/om\/P%E5l+Hollender\" rel=\"tag\">P\u00e5l Hollender<\/a>, <a href=\"http:\/\/bloggar.se\/om\/Finding+Ali\" rel=\"tag\">Finding Ali<\/a>, <a href=\"http:\/\/bloggar.se\/om\/dokument%E4r\" rel=\"tag\">dokument\u00e4r<\/a><\/p>\n","protected":false},"excerpt":{"rendered":"<p>P\u00e5l Hollenders Finding Ali visas fr\u00e5n och med onsdag 16 februari kl 17.00 i Auditoriet p\u00e5 Moderna. Efter visningen \u00e4r det programsl\u00e4pp f\u00f6r Tempo dokument\u00e4rfestival. Filmen visas 16 februari &#8211; 13 mars. Visningen av &#8221;Finding Ali&#8221; \u00e4r gratis, ber\u00e4ttar Moderna i ett pressmeddelande. H\u00e4r \u00e4r pressmeddelandet om filmen: Moderna Museet visar P\u00e5l Hollenders film Finding [&hellip;]<\/p>\n","protected":false},"author":13,"featured_media":0,"comment_status":"open","ping_status":"open","sticky":false,"template":"","format":"standard","meta":{"_genesis_hide_title":false,"_genesis_hide_breadcrumbs":false,"_genesis_hide_singular_image":false,"_genesis_hide_footer_widgets":false,"_genesis_custom_body_class":"","_genesis_custom_post_class":"","_genesis_layout":"","footnotes":""},"categories":[50],"tags":[154,1329,1754,3739,4600],"class_list":{"0":"post-30293","1":"post","2":"type-post","3":"status-publish","4":"format-standard","6":"category-filmfilm","7":"tag-afganistan","8":"tag-dokumentar","9":"tag-finding-ali","10":"tag-moderna","11":"tag-pal-hollender","12":"entry"},"_links":{"self":[{"href":"https:\/\/kulturbloggen.com\/index.php?rest_route=\/wp\/v2\/posts\/30293","targetHints":{"allow":["GET"]}}],"collection":[{"href":"https:\/\/kulturbloggen.com\/index.php?rest_route=\/wp\/v2\/posts"}],"about":[{"href":"https:\/\/kulturbloggen.com\/index.php?rest_route=\/wp\/v2\/types\/post"}],"author":[{"embeddable":true,"href":"https:\/\/kulturbloggen.com\/index.php?rest_route=\/wp\/v2\/users\/13"}],"replies":[{"embeddable":true,"href":"https:\/\/kulturbloggen.com\/index.php?rest_route=%2Fwp%2Fv2%2Fcomments&post=30293"}],"version-history":[{"count":0,"href":"https:\/\/kulturbloggen.com\/index.php?rest_route=\/wp\/v2\/posts\/30293\/revisions"}],"wp:attachment":[{"href":"https:\/\/kulturbloggen.com\/index.php?rest_route=%2Fwp%2Fv2%2Fmedia&parent=30293"}],"wp:term":[{"taxonomy":"category","embeddable":true,"href":"https:\/\/kulturbloggen.com\/index.php?rest_route=%2Fwp%2Fv2%2Fcategories&post=30293"},{"taxonomy":"post_tag","embeddable":true,"href":"https:\/\/kulturbloggen.com\/index.php?rest_route=%2Fwp%2Fv2%2Ftags&post=30293"}],"curies":[{"name":"wp","href":"https:\/\/api.w.org\/{rel}","templated":true}]}}