{"id":30218,"date":"2011-02-10T16:13:57","date_gmt":"2011-02-10T15:13:57","guid":{"rendered":"http:\/\/kulturbloggen.com\/?p=30218"},"modified":"2011-02-10T16:13:57","modified_gmt":"2011-02-10T15:13:57","slug":"karlsson-pa-taket-ett-unikt-samarbete-mellan-malmo-opera-och-kungliga-operan","status":"publish","type":"post","link":"https:\/\/kulturbloggen.com\/?p=30218","title":{"rendered":"Karlsson p\u00e5 taket &#8211; ett unikt samarbete mellan Malm\u00f6 Opera och Kungliga Operan"},"content":{"rendered":"<p><a href=\"http:\/\/kulturbloggen.com\/wp-content\/uploads\/2011\/02\/karlssonpataket.jpg\"><img loading=\"lazy\" decoding=\"async\" src=\"http:\/\/kulturbloggen.com\/wp-content\/uploads\/2011\/02\/karlssonpataket.jpg\" alt=\"\" title=\"karlssonpataket\" width=\"280\" height=\"187\" class=\"aligncenter size-full wp-image-30220\" \/><\/a><br \/>\nI dag blev det klart att den nyskrivna operan &#8221;Karlsson p\u00e5 Taket&#8221; av Thomas Lindahl och efter ett libretto av Mathias Clason f\u00e5r premi\u00e4r julen 2011 p\u00e5 Malm\u00f6 Opera och under s\u00e4songen 2012\/13 p\u00e5 Kungliga Operan.<\/p>\n<p>Det l\u00e5ter sp\u00e4nnande och det \u00e4r precis detta man m\u00e5ste g\u00f6ra f\u00f6r att locka unga m\u00e4nniskor till operahusen. Det som skall bli krokigt skall b\u00f6jas i tid, eller hur det nu \u00e4r det heter.<\/p>\n<p>Operan eller librettot bygger naturligtvis p\u00e5 boken med samma namn av Astrid Lindgren. En flygande Karlsson p\u00e5 operascenen det skall bli sp\u00e4nnande att se hur detta blir m\u00f6jligt.<\/p>\n<p>Det \u00e4r ju dessutom mycket roligt att det \u00e4r m\u00f6jligt att samarbeta de svenska operahusen emellan. Det \u00e4r ju ganska vanligt att G\u00f6teborgsOperan samarbetar med den Kongelige Opera i K\u00f6penhamn. Allt samarbete \u00e4r bra och jag kan faktiskt inte se n\u00e5gra nackdelar med detta bortse fr\u00e5n att ju inte \u00e4r speciellt kul att \u00e5ka till Hamburg f\u00f6r att se en upps\u00e4ttning som man sedan n\u00e5gra m\u00e5nader senare kan se i K\u00f6penhamn.Samarbete \u00e4r dock b\u00e5de bra och \u00f6nskv\u00e4rt inte minst f\u00f6r att man genom samarbete utnyttjar resurserna p\u00e5 b\u00e4sta s\u00e4tt.  <\/p>\n<p>N\u00e5got som kan g\u00f6ra en kulturminister p\u00e5 gott hum\u00f6r s\u00e5 att det plockas fram n\u00f6dv\u00e4ndiga belopp f\u00f6r byggande av ett nytt operahus i Kungliga huvudstaden?<\/p>\n<p>Thomas Lindahl<\/p>\n<p>Thomas Lindahl, f\u00f6dd 1953 i Malm\u00f6, \u00e4r komposit\u00f6r av musikdramatik, filmmusik, teatermusik. Thomas \u00e4r huskomposit\u00f6r vid G\u00f6teborgsOperan sedan januari 2010, och hans MIN MAMMA \u00c4R EN DRAKE har urpremi\u00e4r 5 mars 2011 p\u00e5 Sk\u00f6vdescenen.<\/p>\n<p>Thomas har skrivit en rad musikdramatik, bl a D\u00c5RFINKAR OCH D\u00d6NICKAR, en teatermusikal f\u00f6r Stockholms Stadsteater, INTE ALLA TJUVAR KOMMER F\u00d6R ATT STJ\u00c4LA \u2013 en opera buffa f\u00f6r Malm\u00f6 Opera 1999. DOLLYS BEAUTY SHOP &#8211; opera f\u00f6r de mindre, libretton skrevs av Maria Sundqvist och sattes upp p\u00e5 Operaverkstan h\u00f6sten 2006. Vidare LIK TILL SALU, en opera buffa f\u00f6r Norrlandsoperan 2003, EN NATT I FEBRUARI f\u00f6r Kronobergsmusiken-L\u00e4nsteatern 1995 (som ocks\u00e5 satts upp p\u00e5 Operaverkstan) och ALICE I UNDERLANDET en opera f\u00f6r Storan\/Lillan G\u00f6teborg 1993 med libretto av \u00c5sa Melldahl. Thomas skriver just nu en musikal till Stockholms Stadsteater.<\/p>\n<p>Thomas har ocks\u00e5 skrivit musik till ca 40-50 filmer och TV-serier bl.a.: Sunes Sommar, Pistvakt-l\u00e5ngfilmen, \u00c5ke och hans v\u00e4rld, Pip-Larssons, Dieselr\u00e5ttor och Sj\u00f6mansm\u00f6ss,  M\u00f6rdare utan ansikte m.fl. I augusti 2010 kom CINEMASCORE, en samlings-CD med filmmusik fr\u00e5n tidigt 90-tal och fram\u00e5t till idag med l\u00e5tar ur bl.a.: Pip-Larssons, Herr von Hancken, Dieselr\u00e5ttor, M\u00f6rdare utan ansikte, Sunes Sommar, Errol m.fl. <\/p>\n<p>Han har ocks\u00e5 skrivit konsertmusik bl a AUTUMN LOVE SONGS f\u00f6r poet och orkester. med Jacques Werup som bl a framf\u00f6rdes p\u00e5 Malm\u00f6 Opera1998.<\/p>\n<p>Mathias Clason<\/p>\n<p>Med KARLSSON P\u00c5 TAKET debuterar Mathias Clason, f. 1963, som librettist. <\/p>\n<p>Mathias har sedan 80-talet \u00f6versatt musikaler och pj\u00e4ser fr\u00e5n olika spr\u00e5k, samt skrivit pj\u00e4ser om Jenny Lind och Jules Sylvain p\u00e5 best\u00e4llning av Stockholms Stadsteater.<br \/>\nF\u00f6r Malm\u00f6publiken \u00e4r han mest k\u00e4nd som kostymtecknare och scenograf i bland annat SVANSJ\u00d6N, SK\u00d6NA HELENA, LUCIA DI LAMMERMOOR samt SOUTH PACIFIC. Februari 2012 debuterar han som operaregiss\u00f6r p\u00e5 Kungliga Operan, i egen scenografi och kostym. <\/p>\n<p>Vill du veta mer om upphovsm\u00e4nnen kan du bes\u00f6ka deras resp hemsidor <a href=\"http:\/\/www.thomaslindahl.com\">Thomas Lindahl<\/a> och <a href=\"http:\/\/www.clasondesign.se\">Mathias Clason<\/a><\/p>\n","protected":false},"excerpt":{"rendered":"<p>I dag blev det klart att den nyskrivna operan &#8221;Karlsson p\u00e5 Taket&#8221; av Thomas Lindahl och efter ett libretto av Mathias Clason f\u00e5r premi\u00e4r julen 2011 p\u00e5 Malm\u00f6 Opera och under s\u00e4songen 2012\/13 p\u00e5 Kungliga Operan. Det l\u00e5ter sp\u00e4nnande och det \u00e4r precis detta man m\u00e5ste g\u00f6ra f\u00f6r att locka unga m\u00e4nniskor till operahusen. Det [&hellip;]<\/p>\n","protected":false},"author":13,"featured_media":0,"comment_status":"open","ping_status":"open","sticky":false,"template":"","format":"standard","meta":{"_genesis_hide_title":false,"_genesis_hide_breadcrumbs":false,"_genesis_hide_singular_image":false,"_genesis_hide_footer_widgets":false,"_genesis_custom_body_class":"","_genesis_custom_post_class":"","_genesis_layout":"","footnotes":""},"categories":[7],"tags":[709,2865,4912],"class_list":{"0":"post-30218","1":"post","2":"type-post","3":"status-publish","4":"format-standard","6":"category-musik","7":"tag-blir-opera","8":"tag-karlsson-pa-taket","9":"tag-samarbete-mellan-malmo-opera-och-kungliga-operan","10":"entry"},"_links":{"self":[{"href":"https:\/\/kulturbloggen.com\/index.php?rest_route=\/wp\/v2\/posts\/30218","targetHints":{"allow":["GET"]}}],"collection":[{"href":"https:\/\/kulturbloggen.com\/index.php?rest_route=\/wp\/v2\/posts"}],"about":[{"href":"https:\/\/kulturbloggen.com\/index.php?rest_route=\/wp\/v2\/types\/post"}],"author":[{"embeddable":true,"href":"https:\/\/kulturbloggen.com\/index.php?rest_route=\/wp\/v2\/users\/13"}],"replies":[{"embeddable":true,"href":"https:\/\/kulturbloggen.com\/index.php?rest_route=%2Fwp%2Fv2%2Fcomments&post=30218"}],"version-history":[{"count":0,"href":"https:\/\/kulturbloggen.com\/index.php?rest_route=\/wp\/v2\/posts\/30218\/revisions"}],"wp:attachment":[{"href":"https:\/\/kulturbloggen.com\/index.php?rest_route=%2Fwp%2Fv2%2Fmedia&parent=30218"}],"wp:term":[{"taxonomy":"category","embeddable":true,"href":"https:\/\/kulturbloggen.com\/index.php?rest_route=%2Fwp%2Fv2%2Fcategories&post=30218"},{"taxonomy":"post_tag","embeddable":true,"href":"https:\/\/kulturbloggen.com\/index.php?rest_route=%2Fwp%2Fv2%2Ftags&post=30218"}],"curies":[{"name":"wp","href":"https:\/\/api.w.org\/{rel}","templated":true}]}}