{"id":30158,"date":"2011-02-09T18:11:37","date_gmt":"2011-02-09T17:11:37","guid":{"rendered":"http:\/\/kulturbloggen.com\/?p=30158"},"modified":"2011-02-09T18:11:37","modified_gmt":"2011-02-09T17:11:37","slug":"dvd-sommarminnen","status":"publish","type":"post","link":"https:\/\/kulturbloggen.com\/?p=30158","title":{"rendered":"Dvd &#8211; Sommarminnen"},"content":{"rendered":"<p><a href=\"http:\/\/kulturbloggen.com\/wp-content\/uploads\/2011\/02\/sommarminnen.jpg\"><img loading=\"lazy\" decoding=\"async\" class=\"aligncenter size-full wp-image-30160\" src=\"http:\/\/kulturbloggen.com\/wp-content\/uploads\/2011\/02\/sommarminnen.jpg\" alt=\"\" width=\"184\" height=\"260\" \/><\/a><\/p>\n<p>Betyg 3.<\/p>\n<p>Originaltitel: <em>L&#8217;heure d&#8217;\u00e9t\u00e9<\/em><\/p>\n<p>Regi: <em>Olivier Assayas<\/em><\/p>\n<p>Inspelnings \u00e5r: 2008<\/p>\n<p>H\u00e9l\u00e8ne (Edith Scob) b\u00f6rjar bli gammal. I sin \u00e4go har hon ett sommarst\u00e4lle, som inte bara \u00e4r v\u00e4rt mycket i sig utan som \u00e4ven \u00e4r fyllt av diverse v\u00e4rdefulla m\u00e5lningar, m\u00f6bler, porslin och minnen. Familjerna som annars \u00e4r utspridda runtom i v\u00e4rlden, samlas en g\u00e5ng om \u00e5ret i huset. N\u00e4r H\u00e9l\u00e8ne d\u00f6r \u00e4rver barnen allt och de m\u00e5ste nu best\u00e4mma hur de vill f\u00f6rdela allt emellan sig.<\/p>\n<p>Filmen \u00e4r extremt vardaglig. Inga \u00f6ver dramatiseringar men en dialog framf\u00f6rd p\u00e5 ett behagligt s\u00e4tt av bl.a. Charles Berling, som spelar den \u00e4ldsta brodern Fr\u00e9d\u00e9ric. Det jag fastnade f\u00f6r i filmen var att problematiken inte lades vid \u00e5sikts skillnader utan vid det kulturarv de nu besatt. Hur t.ex. en vas inneh\u00e5ller ett pengav\u00e4rde samtidigt som den \u00e4ven inneh\u00e5ller barndomsminnen f\u00f6r vissa och ett vardagsv\u00e4rde f\u00f6r andra. Det l\u00e4ggs \u00e4ven viss problematik vid den globalisering som r\u00e5der och hur saker tenderar att drunkna n\u00e4r de l\u00e4mnar sin r\u00e4ttm\u00e4tiga \u00e4gare och ger sig ut i v\u00e4rlden. Kulturarv kontra pengar.<\/p>\n<p>Mitt i allt resonemang om vad man ska g\u00f6ra med vad, f\u00f6rsvinner s\u00f6rjandet av deras moder. Allt fokus blir ist\u00e4llet p\u00e5 arvet vilket kan tendera att bli f\u00f6r sakligt och n\u00e4stan lite tjatigt. G\u00e5ng p\u00e5 g\u00e5ng visar man upp tavlor och g\u00e5ng p\u00e5 g\u00e5ng n\u00e4mner man konstn\u00e4rernas namn. Filmen har av denna anledning en ben\u00e4genhet att bli ganska ytlig. D\u00e4rf\u00f6r stannar betyget p\u00e5 en trea.<a href=\"http:\/\/kulturbloggen.com\/wp-content\/uploads\/2011\/02\/sommarminnen.jpg\"><br \/>\n<\/a><\/p>\n<p><a href=\"http:\/\/www.youtube.com\/watch?v=hgtSFTidzWc\">http:\/\/www.youtube.com\/watch?v=hgtSFTidzWc<\/a><\/p>\n","protected":false},"excerpt":{"rendered":"<p>Betyg 3. Originaltitel: L&#8217;heure d&#8217;\u00e9t\u00e9 Regi: Olivier Assayas Inspelnings \u00e5r: 2008 H\u00e9l\u00e8ne (Edith Scob) b\u00f6rjar bli gammal. I sin \u00e4go har hon ett sommarst\u00e4lle, som inte bara \u00e4r v\u00e4rt mycket i sig utan som \u00e4ven \u00e4r fyllt av diverse v\u00e4rdefulla m\u00e5lningar, m\u00f6bler, porslin och minnen. Familjerna som annars \u00e4r utspridda runtom i v\u00e4rlden, samlas en [&hellip;]<\/p>\n","protected":false},"author":13,"featured_media":0,"comment_status":"open","ping_status":"open","sticky":false,"template":"","format":"standard","meta":{"_genesis_hide_title":false,"_genesis_hide_breadcrumbs":false,"_genesis_hide_singular_image":false,"_genesis_hide_footer_widgets":false,"_genesis_custom_body_class":"","_genesis_custom_post_class":"","_genesis_layout":"","footnotes":""},"categories":[51,16],"tags":[],"class_list":{"0":"post-30158","1":"post","2":"type-post","3":"status-publish","4":"format-standard","6":"category-filmer","7":"category-recension","8":"entry"},"_links":{"self":[{"href":"https:\/\/kulturbloggen.com\/index.php?rest_route=\/wp\/v2\/posts\/30158","targetHints":{"allow":["GET"]}}],"collection":[{"href":"https:\/\/kulturbloggen.com\/index.php?rest_route=\/wp\/v2\/posts"}],"about":[{"href":"https:\/\/kulturbloggen.com\/index.php?rest_route=\/wp\/v2\/types\/post"}],"author":[{"embeddable":true,"href":"https:\/\/kulturbloggen.com\/index.php?rest_route=\/wp\/v2\/users\/13"}],"replies":[{"embeddable":true,"href":"https:\/\/kulturbloggen.com\/index.php?rest_route=%2Fwp%2Fv2%2Fcomments&post=30158"}],"version-history":[{"count":0,"href":"https:\/\/kulturbloggen.com\/index.php?rest_route=\/wp\/v2\/posts\/30158\/revisions"}],"wp:attachment":[{"href":"https:\/\/kulturbloggen.com\/index.php?rest_route=%2Fwp%2Fv2%2Fmedia&parent=30158"}],"wp:term":[{"taxonomy":"category","embeddable":true,"href":"https:\/\/kulturbloggen.com\/index.php?rest_route=%2Fwp%2Fv2%2Fcategories&post=30158"},{"taxonomy":"post_tag","embeddable":true,"href":"https:\/\/kulturbloggen.com\/index.php?rest_route=%2Fwp%2Fv2%2Ftags&post=30158"}],"curies":[{"name":"wp","href":"https:\/\/api.w.org\/{rel}","templated":true}]}}