{"id":30148,"date":"2011-02-09T17:47:46","date_gmt":"2011-02-09T16:47:46","guid":{"rendered":"http:\/\/kulturbloggen.com\/?p=30148"},"modified":"2011-02-09T17:47:46","modified_gmt":"2011-02-09T16:47:46","slug":"filmrecension-livet-efter-detta","status":"publish","type":"post","link":"https:\/\/kulturbloggen.com\/?p=30148","title":{"rendered":"Filmrecension: Livet efter detta"},"content":{"rendered":"<p><a href=\"http:\/\/kulturbloggen.com\/wp-content\/uploads\/2011\/02\/Hereafter.jpg\"><img loading=\"lazy\" decoding=\"async\" src=\"http:\/\/kulturbloggen.com\/wp-content\/uploads\/2011\/02\/Hereafter-202x300.jpg\" alt=\"\" title=\"Hereafter\" width=\"202\" height=\"300\" class=\"aligncenter size-medium wp-image-30150\" \/><\/a><br \/>\nLivet efter detta<br \/>\nBetyg 5<\/p>\n<p><a href=\"http:\/\/www.imdb.com\/title\/tt1212419\/\">&#8221;Livet efter detta&#8221;<\/a> \u00e4r regisserad av Clint Eastwood,  f\u00f6dd 31 maj 1930 i San Francisco, med andra ord fyller han snart 81 \u00e5r. Han \u00e4r mogen nog att v\u00e5ga ta itu med den kanske sv\u00e5raste existentiella fr\u00e5gan i livet: vad \u00e4r d\u00f6den?<\/p>\n<p>Filmen &#8221;Livet eftet detta&#8221; kretsar kring tre personer; en industriarbete i USA, en fransk hyllad tv-journalist och en skolpojke i London. C\u00e9cile De France spelar Marie Lelay, som \u00e4r en rik karri\u00e4rkvinna, en vass journalist som aldrig \u00e4r r\u00e4dd f\u00f6r att st\u00e4lla de tuffa fr\u00e5gorna. Hon \u00e4r i Thailand tillsammans med tv-chefen som ocks\u00e5 \u00e4r hennes \u00e4lskare. De drabbas av den fruktansv\u00e4rda tsunamin och hon \u00e4r n\u00e4ra d\u00f6den.<\/p>\n<p>Matt Damon spelar George Lonegan, en man som har f\u00f6rm\u00e5gan att f\u00e5 kontakt med de d\u00f6da, n\u00e5got han sj\u00e4lv anser vara en f\u00f6rbannelse. Hans bror vill d\u00e4remot att de ska g\u00f6ra aff\u00e4rer av hans f\u00f6rm\u00e5ga och f\u00f6rs\u00f6ka f\u00e5 honom att sluta jobba p\u00e5 fabrik och ist\u00e4llet vara medium p\u00e5 heltid.<\/p>\n<p>Marcus \u00e4r en ung skolpojke i London som bor med sin narkotikamissbrukande mamma och sin tvillingbror Jason. En stor tragedi drabbar dem.<\/p>\n<p>Filmen handlar, inte ov\u00e4ntat med tanke p\u00e5 dess titel, om vad som h\u00e4nder efter livet. Fast egentligen handlar den v\u00e4l mer om hur vi hanterar sorg och saknad &#8211; och hur vi hanterar att g\u00e5 vidare i livet.<\/p>\n<p>Clint Eastwood har p\u00e5 sin \u00e5lders h\u00f6st g\u00e5ng p\u00e5 g\u00e5ng visat vilken filmskapare han \u00e4r. Han v\u00e5gar g\u00f6ra film kring de sv\u00e5ra \u00e4mnena, v\u00e5gar ta upp s\u00e5dant som s\u00e5 l\u00e4tt kan bli sentimentalt och f\u00f6r mycket. I filmen skriver Marie Lelay en bok om sin n\u00e4ra-d\u00f6den-upplevelse. Hon f\u00e5r d\u00e5 uppt\u00e4cka hur hela hennes varum\u00e4rke som seri\u00f6s skjutj\u00e4rnsjournalist smutsas ned. Att prata om s\u00e5dana upplevelser ses som i allra h\u00f6gsta grad oseri\u00f6st. En forskare hon tr\u00e4ffar har upplevt samma sak. Det \u00e4r sv\u00e5rt att st\u00e5 upp f\u00f6r att det finns n\u00e5got bakom det vi kan se med v\u00e5ra vanliga sinnen.<\/p>\n<p>De tre personerna har var sin livsresa och var sin sak att ta hand om i livet. Clint Eastwood har lyckats rollbes\u00e4tta dessa roller perfekt. Tvillingarna McLaren som spelar Marcus och hans tvillingbror \u00e4r j\u00e4ttef\u00f6rm\u00e5gor, som s\u00e4kert kommer att plockas upp i fler filmsammanhang. Matt Damon, som alltid, bra. Fast jag kan inte riktigt f\u00f6rlika mig med att han lagt p\u00e5 sig s\u00e5 m\u00e5nga kilon sedan han slog igenom.<\/p>\n<p>Filmen \u00e4r tv\u00e5 timmar och fem minuter. Trots att den \u00e4r n\u00e5got l\u00e4ngre \u00e4n normall\u00e4ngd satt jag aldrig och undrade n\u00e4r filmen skulle ta slut, jag blev s\u00e5 absorberad. Jo, det \u00e4r klart att det tog en liten stund att komma in i filmen, n\u00e4r tre karakt\u00e4rers liv ska presenteras var f\u00f6r sig tar den delen av filmen viss tid. Men Eastwood och filmens producent Steven Spielberg lotsar oss professionellt genom den fasen i filmen ocks\u00e5. <\/p>\n<p>F\u00f6r att vara en film som handlar om det sv\u00e5raste i livet: d\u00f6den, f\u00f6rmedlar den en \u00f6dmjuk k\u00e4nsla av hopp.<\/p>\n<p>F\u00f6r mer \u00e4n tjugo \u00e5r sedan gjorde jag n\u00e5gra reportage om n\u00e4ra-d\u00f6den-upplevelser och jag intervjuade en l\u00e4kare som samlat p\u00e5 en m\u00e4ngd s\u00e5dana ber\u00e4ttelser. Den l\u00e4karen var v\u00e4ldigt noga med att p\u00e5peka att han inte vill eller kan ge n\u00e5got svar p\u00e5 om m\u00e4nniskornas upplevelser \u00e4r n\u00e5got som sker eller n\u00e5got som de ser inne i hj\u00e4rnan. Jag tycker Eastwood f\u00f6rmedlar samma inst\u00e4llning. Filmen handlar egentligen inte om huruvida det finns n\u00e5got efter detta liv utan mer om hur vi ska hantera det liv vi har. <\/p>\n<p><a href=\"http:\/\/wwws.se.warnerbros.com\/hereafter\/\">Filmens hemsida.<\/a><\/p>\n<p><iframe loading=\"lazy\" title=\"YouTube video player\" width=\"640\" height=\"390\" src=\"http:\/\/www.youtube.com\/embed\/0XvJwTYnKww\" frameborder=\"0\" allowfullscreen><\/iframe><br \/>\n<a href=\"http:\/\/kulturbloggen.com\/wp-content\/uploads\/2011\/02\/Sk\u00e4rmavbild-2011-02-09-kl.-17.22.011.png\"><img loading=\"lazy\" decoding=\"async\" src=\"http:\/\/kulturbloggen.com\/wp-content\/uploads\/2011\/02\/Sk\u00e4rmavbild-2011-02-09-kl.-17.22.011-300x187.png\" alt=\"\" title=\"Sk\u00e4rmavbild 2011-02-09 kl. 17.22.01\" width=\"300\" height=\"187\" class=\"aligncenter size-medium wp-image-30154\" \/><\/a><\/p>\n<p>L\u00e4s \u00e4ven andra bloggares \u00e5sikter om <a href=\"http:\/\/bloggar.se\/om\/film\" rel=\"tag\">film<\/a>, <a href=\"http:\/\/bloggar.se\/om\/Clint+Eastwood\" rel=\"tag\">Clint Eastwood<\/a>, <a href=\"http:\/\/bloggar.se\/om\/Matt+Damon\" rel=\"tag\">Matt Damon<\/a>, <a href=\"http:\/\/bloggar.se\/om\/livet\" rel=\"tag\">livet<\/a>, <a href=\"http:\/\/bloggar.se\/om\/d%F6den\" rel=\"tag\">d\u00f6den<\/a>, <a href=\"http:\/\/bloggar.se\/om\/existentiell\" rel=\"tag\">existentiell<\/a><\/p>\n","protected":false},"excerpt":{"rendered":"<p>Livet efter detta Betyg 5 &#8221;Livet efter detta&#8221; \u00e4r regisserad av Clint Eastwood, f\u00f6dd 31 maj 1930 i San Francisco, med andra ord fyller han snart 81 \u00e5r. Han \u00e4r mogen nog att v\u00e5ga ta itu med den kanske sv\u00e5raste existentiella fr\u00e5gan i livet: vad \u00e4r d\u00f6den? Filmen &#8221;Livet eftet detta&#8221; kretsar kring tre personer; [&hellip;]<\/p>\n","protected":false},"author":2,"featured_media":0,"comment_status":"open","ping_status":"open","sticky":false,"template":"","format":"standard","meta":{"_genesis_hide_title":false,"_genesis_hide_breadcrumbs":false,"_genesis_hide_singular_image":false,"_genesis_hide_footer_widgets":false,"_genesis_custom_body_class":"","_genesis_custom_post_class":"","_genesis_layout":"","footnotes":""},"categories":[50,51,16],"tags":[1016,1424,1613,3333,3556,12286],"class_list":{"0":"post-30148","1":"post","2":"type-post","3":"status-publish","4":"format-standard","6":"category-filmfilm","7":"category-filmer","8":"category-recension","9":"tag-clint-eastwood","10":"tag-doden","11":"tag-existentiell","12":"tag-livet","13":"tag-matt-damon","14":"tag-film","15":"entry"},"_links":{"self":[{"href":"https:\/\/kulturbloggen.com\/index.php?rest_route=\/wp\/v2\/posts\/30148","targetHints":{"allow":["GET"]}}],"collection":[{"href":"https:\/\/kulturbloggen.com\/index.php?rest_route=\/wp\/v2\/posts"}],"about":[{"href":"https:\/\/kulturbloggen.com\/index.php?rest_route=\/wp\/v2\/types\/post"}],"author":[{"embeddable":true,"href":"https:\/\/kulturbloggen.com\/index.php?rest_route=\/wp\/v2\/users\/2"}],"replies":[{"embeddable":true,"href":"https:\/\/kulturbloggen.com\/index.php?rest_route=%2Fwp%2Fv2%2Fcomments&post=30148"}],"version-history":[{"count":0,"href":"https:\/\/kulturbloggen.com\/index.php?rest_route=\/wp\/v2\/posts\/30148\/revisions"}],"wp:attachment":[{"href":"https:\/\/kulturbloggen.com\/index.php?rest_route=%2Fwp%2Fv2%2Fmedia&parent=30148"}],"wp:term":[{"taxonomy":"category","embeddable":true,"href":"https:\/\/kulturbloggen.com\/index.php?rest_route=%2Fwp%2Fv2%2Fcategories&post=30148"},{"taxonomy":"post_tag","embeddable":true,"href":"https:\/\/kulturbloggen.com\/index.php?rest_route=%2Fwp%2Fv2%2Ftags&post=30148"}],"curies":[{"name":"wp","href":"https:\/\/api.w.org\/{rel}","templated":true}]}}