{"id":30106,"date":"2011-02-09T10:59:01","date_gmt":"2011-02-09T09:59:01","guid":{"rendered":"http:\/\/kulturbloggen.com\/?p=30106"},"modified":"2011-02-09T10:59:01","modified_gmt":"2011-02-09T09:59:01","slug":"the-knife-haller-workshop-i-tva-dagar-pa-popkollos-lager-i-hultsfred","status":"publish","type":"post","link":"https:\/\/kulturbloggen.com\/?p=30106","title":{"rendered":"The Knife h\u00e5ller workshop i tv\u00e5 dagar p\u00e5 Popkollos l\u00e4ger i Hultsfred"},"content":{"rendered":"<p><a href=\"http:\/\/kulturbloggen.com\/wp-content\/uploads\/2011\/02\/Sk\u00e4rmavbild-2011-02-09-kl.-10.58.37.png\"><img loading=\"lazy\" decoding=\"async\" src=\"http:\/\/kulturbloggen.com\/wp-content\/uploads\/2011\/02\/Sk\u00e4rmavbild-2011-02-09-kl.-10.58.37-300x187.png\" alt=\"\" title=\"Sk\u00e4rmavbild 2011-02-09 kl. 10.58.37\" width=\"300\" height=\"187\" class=\"aligncenter size-medium wp-image-30108\" \/><\/a><\/p>\n<p>T\u00e4nk att f\u00e5 \u00e5ka p\u00e5 Popkollo och f\u00e5 The Knife som ledare?<br \/>\nDet \u00e4r verklighet f\u00f6r den som \u00e5ker p\u00e5 Hultsfreds Popkollo sommaren 2011.<\/p>\n<p>Ett pressmeddelande ber\u00e4ttar  att i juni kommer The Knifes Karin Dreijer Andersson och Olof Dreijer att h\u00e5lla i en workshop i tv\u00e5 dagar p\u00e5 Popkollos l\u00e4ger i Hultsfred. L\u00e4gret heter Popkollo Elektro och \u00e4r f\u00f6r tjejer mellan 12 till 18 \u00e5r. Popkollo startades 2003 och \u00e4r idag en f\u00f6rening med 1600 medlemmar. 2010 arrangerades Popkollo p\u00e5 sex orter runtom i landet och hade 260 deltagare. <\/p>\n<p>Karin och Olof \u00e4r j\u00e4tteglada \u00f6ver att f\u00e5 vara med:<br \/>\n&#8211;  Vi tycker det \u00e4r roligt att f\u00e5 vara med p\u00e5 Popkollo och dela med oss av v\u00e5ra kunskaper och hoppas p\u00e5 fler tjejer bakom mixerborden, i dj-b\u00e5sen, vid synthrattarna och framf\u00f6r datorn komponerandes!.<\/p>\n<p><a href=\"http:\/\/www.popkollo.se\/\">Mer om popkollo p\u00e5 dess hemsida..<\/a><\/p>\n<p>L\u00e4s \u00e4ven andra bloggares \u00e5sikter om <a href=\"http:\/\/bloggar.se\/om\/The+Knife\" rel=\"tag\">The Knife<\/a>, <a href=\"http:\/\/bloggar.se\/om\/popkollo\" rel=\"tag\">popkollo<\/a>, <a href=\"http:\/\/bloggar.se\/om\/Hultsfred\" rel=\"tag\">Hultsfred<\/a>, <a href=\"http:\/\/bloggar.se\/om\/musik\" rel=\"tag\">musik<\/a><\/p>\n","protected":false},"excerpt":{"rendered":"<p>T\u00e4nk att f\u00e5 \u00e5ka p\u00e5 Popkollo och f\u00e5 The Knife som ledare? Det \u00e4r verklighet f\u00f6r den som \u00e5ker p\u00e5 Hultsfreds Popkollo sommaren 2011. Ett pressmeddelande ber\u00e4ttar att i juni kommer The Knifes Karin Dreijer Andersson och Olof Dreijer att h\u00e5lla i en workshop i tv\u00e5 dagar p\u00e5 Popkollos l\u00e4ger i Hultsfred. L\u00e4gret heter Popkollo [&hellip;]<\/p>\n","protected":false},"author":2,"featured_media":0,"comment_status":"open","ping_status":"open","sticky":false,"template":"","format":"standard","meta":{"_genesis_hide_title":false,"_genesis_hide_breadcrumbs":false,"_genesis_hide_singular_image":false,"_genesis_hide_footer_widgets":false,"_genesis_custom_body_class":"","_genesis_custom_post_class":"","_genesis_layout":"","footnotes":""},"categories":[7],"tags":[2332,12282,4434,5769],"class_list":{"0":"post-30106","1":"post","2":"type-post","3":"status-publish","4":"format-standard","6":"category-musik","7":"tag-hultsfred","8":"tag-musik","9":"tag-popkollo","10":"tag-the-knife","11":"entry"},"_links":{"self":[{"href":"https:\/\/kulturbloggen.com\/index.php?rest_route=\/wp\/v2\/posts\/30106","targetHints":{"allow":["GET"]}}],"collection":[{"href":"https:\/\/kulturbloggen.com\/index.php?rest_route=\/wp\/v2\/posts"}],"about":[{"href":"https:\/\/kulturbloggen.com\/index.php?rest_route=\/wp\/v2\/types\/post"}],"author":[{"embeddable":true,"href":"https:\/\/kulturbloggen.com\/index.php?rest_route=\/wp\/v2\/users\/2"}],"replies":[{"embeddable":true,"href":"https:\/\/kulturbloggen.com\/index.php?rest_route=%2Fwp%2Fv2%2Fcomments&post=30106"}],"version-history":[{"count":0,"href":"https:\/\/kulturbloggen.com\/index.php?rest_route=\/wp\/v2\/posts\/30106\/revisions"}],"wp:attachment":[{"href":"https:\/\/kulturbloggen.com\/index.php?rest_route=%2Fwp%2Fv2%2Fmedia&parent=30106"}],"wp:term":[{"taxonomy":"category","embeddable":true,"href":"https:\/\/kulturbloggen.com\/index.php?rest_route=%2Fwp%2Fv2%2Fcategories&post=30106"},{"taxonomy":"post_tag","embeddable":true,"href":"https:\/\/kulturbloggen.com\/index.php?rest_route=%2Fwp%2Fv2%2Ftags&post=30106"}],"curies":[{"name":"wp","href":"https:\/\/api.w.org\/{rel}","templated":true}]}}