{"id":30041,"date":"2011-02-08T14:18:00","date_gmt":"2011-02-08T13:18:00","guid":{"rendered":"http:\/\/kulturbloggen.com\/?p=30041"},"modified":"2011-02-08T14:18:00","modified_gmt":"2011-02-08T13:18:00","slug":"lake-mans-pa-uppsala-stadsteater-funkiga-katter-i-klasskamp","status":"publish","type":"post","link":"https:\/\/kulturbloggen.com\/?p=30041","title":{"rendered":"Elake M\u00e5ns p\u00e5 Uppsala Stadsteater. Funkiga katter i klasskamp"},"content":{"rendered":"<p><a href=\"http:\/\/kulturbloggen.com\/wp-content\/uploads\/2011\/02\/em\u00e5ns.jpg\"><img loading=\"lazy\" decoding=\"async\" src=\"http:\/\/kulturbloggen.com\/wp-content\/uploads\/2011\/02\/em\u00e5ns-199x300.jpg\" alt=\"\" title=\"em\u00e5ns\" width=\"199\" height=\"300\" class=\"aligncenter size-medium wp-image-30042\" \/><\/a><\/p>\n<p>Elake M\u00e5ns p\u00e5 Uppsala Stadsteater. Funkiga katter i klasskamp<br \/>\nBetyg: Fyra <\/p>\n<p>Det finns inget som ger s\u00e5n stark doft av Uppsala som G\u00f6sta Knutssons sagor om den vanskapte lille katten Pelle. De freudianska konnotationerna \u00e5sido,. S\u00e5 \u00e4r historierna om Pelle Svansl\u00f6s fyllda av h\u00e4nvisningar till 1930-talets akademiska krets i Uppsala. I denna nytolkning av de \u00e4lskade barnb\u00f6ckerna \u00e4r det antagonisten M\u00e5ns som figurerar i centrum.  Som i en feberdr\u00f6m \u00e5terfinner han sin gamla barndomskompis Daisy som kommer fr\u00e5n Hundstaden. Om katterna \u00e4r hedonister som lyssnar p\u00e5 gammal 60-talsfunk \u00e4r hundarna f\u00f6rfinade aristokrater som g\u00e5r p\u00e5 kaf\u00e9 d\u00e4r Donau-valsen spelas upp och man \u00e4ger tilltr\u00e4de till finkultur.<\/p>\n<p>Motvilligt b\u00f6rjar M\u00e5ns att uppfyllas av k\u00e4rleken till hunden Daisy. De \u00e4ldste inom respektive sida f\u00f6rkunnar tingens ordning och framh\u00e5ller att om en planet rubbas fr\u00e5n sin bana som uppst\u00e5r kaos. Daisy och M\u00e5ns verkar dock inte omfattas av denna v\u00e4rldsordning, utan tr\u00e4der fram i kraft av sin individualitet som paradoxalt nog blev m\u00f6jlig f\u00f6rst n\u00e4r de blev tillsammans.<\/p>\n<p>Denna urgamla saga om om\u00f6jlig k\u00e4rlek i fabelmilj\u00f6 \u00e4r n\u00e4stan \u00f6verraskande ber\u00f6rande. Att inramningen var G\u00f6sta Knutssons gamla kattuniversum hamnade mer i periferin och kanske var mer ett medel att ge pj\u00e4sen en lokal pr\u00e4gel. Det gjorde egentligen inte s\u00e5 mycket. Manus var v\u00e4lskrivet och levererade m\u00e5nga ordvitsar som uppskattades b\u00e5de av gamla och unga.  Robin Keller som katten M\u00e5ns p\u00e5minde lite om Neil Gaimans dr\u00f6minkarnation i Sandmanserierna, b\u00e5de till utseende och till personligeten: lagom narcissistisk, trulig och alldeles bed\u00e5rande. Elisabeth Wernesj\u00f6 som Daisy var likas\u00e5 mycket charmig. Dennis Sandins regi fick det unga omaka parets att ber\u00f6ra starkt b\u00e5de hos gammal som ung.<\/p>\n<p><a href=\"http:\/\/www.uppsalastadsteater.se\/2010\/elake-mans\/\">Om f\u00f6rest\u00e4llningen p\u00e5 Uppsala Stadsteaterns hemsida.<\/a><\/p>\n<p>Fler recensioner:<a href=\"http:\/\/www.expressen.se\/kultur\/1.2301934\/uppsala-stadsteater-elake-mans\"> Expressen<\/a>, <a href=\"http:\/\/www.nummer.se\/Templates\/Review____9915.aspx\">teatertidningen Nummer<\/a> och <a href=\"http:\/\/www.svd.se\/kulturnoje\/scen\/kaxig-mans-med-politisk-udd_5902379.svd\">Svenska Dagbladet.<\/a><\/p>\n<p>L\u00e4s \u00e4ven andra bloggares \u00e5sikter om <a href=\"http:\/\/bloggar.se\/om\/recension\" rel=\"tag\">recension<\/a>, <a href=\"http:\/\/bloggar.se\/om\/teater\" rel=\"tag\">teater<\/a>, <a href=\"http:\/\/bloggar.se\/om\/Uppsala+Stadsteater\" rel=\"tag\">Uppsala Stadsteater<\/a>, <a href=\"http:\/\/bloggar.se\/om\/klasskamp\" rel=\"tag\">klasskamp<\/a><\/p>\n","protected":false},"excerpt":{"rendered":"<p>Elake M\u00e5ns p\u00e5 Uppsala Stadsteater. Funkiga katter i klasskamp Betyg: Fyra Det finns inget som ger s\u00e5n stark doft av Uppsala som G\u00f6sta Knutssons sagor om den vanskapte lille katten Pelle. De freudianska konnotationerna \u00e5sido,. S\u00e5 \u00e4r historierna om Pelle Svansl\u00f6s fyllda av h\u00e4nvisningar till 1930-talets akademiska krets i Uppsala. I denna nytolkning av de [&hellip;]<\/p>\n","protected":false},"author":13,"featured_media":0,"comment_status":"open","ping_status":"open","sticky":false,"template":"","format":"standard","meta":{"_genesis_hide_title":false,"_genesis_hide_breadcrumbs":false,"_genesis_hide_singular_image":false,"_genesis_hide_footer_widgets":false,"_genesis_custom_body_class":"","_genesis_custom_post_class":"","_genesis_layout":"","footnotes":""},"categories":[16,20,30,31],"tags":[2947,12285,12288,6117],"class_list":{"0":"post-30041","1":"post","2":"type-post","3":"status-publish","4":"format-standard","6":"category-recension","7":"category-film","8":"category-teater","9":"category-teaterrecension","10":"tag-klasskamp","11":"tag-recension","12":"tag-teater","13":"tag-uppsala-stadsteater","14":"entry"},"_links":{"self":[{"href":"https:\/\/kulturbloggen.com\/index.php?rest_route=\/wp\/v2\/posts\/30041","targetHints":{"allow":["GET"]}}],"collection":[{"href":"https:\/\/kulturbloggen.com\/index.php?rest_route=\/wp\/v2\/posts"}],"about":[{"href":"https:\/\/kulturbloggen.com\/index.php?rest_route=\/wp\/v2\/types\/post"}],"author":[{"embeddable":true,"href":"https:\/\/kulturbloggen.com\/index.php?rest_route=\/wp\/v2\/users\/13"}],"replies":[{"embeddable":true,"href":"https:\/\/kulturbloggen.com\/index.php?rest_route=%2Fwp%2Fv2%2Fcomments&post=30041"}],"version-history":[{"count":0,"href":"https:\/\/kulturbloggen.com\/index.php?rest_route=\/wp\/v2\/posts\/30041\/revisions"}],"wp:attachment":[{"href":"https:\/\/kulturbloggen.com\/index.php?rest_route=%2Fwp%2Fv2%2Fmedia&parent=30041"}],"wp:term":[{"taxonomy":"category","embeddable":true,"href":"https:\/\/kulturbloggen.com\/index.php?rest_route=%2Fwp%2Fv2%2Fcategories&post=30041"},{"taxonomy":"post_tag","embeddable":true,"href":"https:\/\/kulturbloggen.com\/index.php?rest_route=%2Fwp%2Fv2%2Ftags&post=30041"}],"curies":[{"name":"wp","href":"https:\/\/api.w.org\/{rel}","templated":true}]}}