{"id":29944,"date":"2011-02-07T10:56:46","date_gmt":"2011-02-07T09:56:46","guid":{"rendered":"http:\/\/kulturbloggen.com\/?p=29944"},"modified":"2011-02-07T10:56:46","modified_gmt":"2011-02-07T09:56:46","slug":"ny-video-track-of-time-med-manifestvinnaren-anna-von-hausswolff-track-of-time","status":"publish","type":"post","link":"https:\/\/kulturbloggen.com\/?p=29944","title":{"rendered":"Ny video: Track of Time med Manifestvinnaren Anna von Hausswolff"},"content":{"rendered":"<p><a href=\"http:\/\/kulturbloggen.com\/wp-content\/uploads\/2011\/02\/Sk\u00e4rmavbild-2011-02-07-kl.-10.55.40.png\"><img loading=\"lazy\" decoding=\"async\" src=\"http:\/\/kulturbloggen.com\/wp-content\/uploads\/2011\/02\/Sk\u00e4rmavbild-2011-02-07-kl.-10.55.40-300x187.png\" alt=\"\" title=\"Sk\u00e4rmavbild 2011-02-07 kl. 10.55.40\" width=\"300\" height=\"187\" class=\"aligncenter size-medium wp-image-29945\" \/><\/a><br \/>\nAnna von Hausswolff vann, mycket v\u00e4lf\u00f6rtj\u00e4nst, popkategorin p\u00e5 <a href=\"http:\/\/kulturbloggen.com\/?p=29829\">Manifestgalan<\/a>.<\/p>\n<p>H\u00e4r \u00e4r hennes video p\u00e5 Track of Time.<\/p>\n<p><iframe loading=\"lazy\" title=\"YouTube video player\" width=\"640\" height=\"390\" src=\"http:\/\/www.youtube.com\/embed\/5tFWBw0-g1M\" frameborder=\"0\" allowfullscreen><\/iframe><\/p>\n<p>L\u00e4s \u00e4ven andra bloggares \u00e5sikter om <a href=\"http:\/\/bloggar.se\/om\/Anna+von+Hausswolff\" rel=\"tag\">Anna von Hausswolff<\/a>, <a href=\"http:\/\/bloggar.se\/om\/video\" rel=\"tag\">video<\/a>, <a href=\"http:\/\/bloggar.se\/om\/popmusikk\" rel=\"tag\">popmusikk<\/a><\/p>\n","protected":false},"excerpt":{"rendered":"<p>Anna von Hausswolff vann, mycket v\u00e4lf\u00f6rtj\u00e4nst, popkategorin p\u00e5 Manifestgalan. H\u00e4r \u00e4r hennes video p\u00e5 Track of Time. L\u00e4s \u00e4ven andra bloggares \u00e5sikter om Anna von Hausswolff, video, popmusikk<\/p>\n","protected":false},"author":13,"featured_media":0,"comment_status":"open","ping_status":"open","sticky":false,"template":"","format":"standard","meta":{"_genesis_hide_title":false,"_genesis_hide_breadcrumbs":false,"_genesis_hide_singular_image":false,"_genesis_hide_footer_widgets":false,"_genesis_custom_body_class":"","_genesis_custom_post_class":"","_genesis_layout":"","footnotes":""},"categories":[7],"tags":[316,6225],"class_list":{"0":"post-29944","1":"post","2":"type-post","3":"status-publish","4":"format-standard","6":"category-musik","7":"tag-anna-von-hausswolff","8":"tag-viadeo","9":"entry"},"_links":{"self":[{"href":"https:\/\/kulturbloggen.com\/index.php?rest_route=\/wp\/v2\/posts\/29944","targetHints":{"allow":["GET"]}}],"collection":[{"href":"https:\/\/kulturbloggen.com\/index.php?rest_route=\/wp\/v2\/posts"}],"about":[{"href":"https:\/\/kulturbloggen.com\/index.php?rest_route=\/wp\/v2\/types\/post"}],"author":[{"embeddable":true,"href":"https:\/\/kulturbloggen.com\/index.php?rest_route=\/wp\/v2\/users\/13"}],"replies":[{"embeddable":true,"href":"https:\/\/kulturbloggen.com\/index.php?rest_route=%2Fwp%2Fv2%2Fcomments&post=29944"}],"version-history":[{"count":0,"href":"https:\/\/kulturbloggen.com\/index.php?rest_route=\/wp\/v2\/posts\/29944\/revisions"}],"wp:attachment":[{"href":"https:\/\/kulturbloggen.com\/index.php?rest_route=%2Fwp%2Fv2%2Fmedia&parent=29944"}],"wp:term":[{"taxonomy":"category","embeddable":true,"href":"https:\/\/kulturbloggen.com\/index.php?rest_route=%2Fwp%2Fv2%2Fcategories&post=29944"},{"taxonomy":"post_tag","embeddable":true,"href":"https:\/\/kulturbloggen.com\/index.php?rest_route=%2Fwp%2Fv2%2Ftags&post=29944"}],"curies":[{"name":"wp","href":"https:\/\/api.w.org\/{rel}","templated":true}]}}