{"id":29896,"date":"2011-02-06T17:57:50","date_gmt":"2011-02-06T16:57:50","guid":{"rendered":"http:\/\/kulturbloggen.com\/?p=29896"},"modified":"2011-02-06T17:57:50","modified_gmt":"2011-02-06T16:57:50","slug":"hor-turn-the-tide-med-ailucrash-bandet-som-kommer-att-sla-igenom-i-sommar","status":"publish","type":"post","link":"https:\/\/kulturbloggen.com\/?p=29896","title":{"rendered":"H\u00f6r &#8221;Turn the tide&#8221; med AiluCrash, bandet som kommer att sl\u00e5 igenom i sommar"},"content":{"rendered":"<p><a href=\"http:\/\/kulturbloggen.com\/wp-content\/uploads\/2011\/02\/ailucrash.jpg\"><img loading=\"lazy\" decoding=\"async\" src=\"http:\/\/kulturbloggen.com\/wp-content\/uploads\/2011\/02\/ailucrash-223x300.jpg\" alt=\"\" title=\"ailucrash\" width=\"223\" height=\"300\" class=\"aligncenter size-medium wp-image-29899\" \/><\/a><\/p>\n<p>Sommaren 2009 fick Ludvig Nilsson, s\u00e5ngare i ett band i Kiruna, ett v\u00e4ldigt ov\u00e4ntat samtal. Det var Jerry Carlsson, ansvarig f\u00f6r att hitta sk\u00e5despelare till roller f\u00f6r Garagafilm AB, som ringde och fr\u00e5gade om Ludde ville provspela f\u00f6r en roll i en svensk storsatsning inom ungdomsfilm.<\/p>\n<p>Ett s\u00e5ngframtr\u00e4dande och tv\u00e5 provfilmningar senare var Ludde tillsammans med sitt band en del av filmen.<\/p>\n<p>Ludde spelar Ailu, s\u00e5ngare i bandet AiluCrash i filmen &#8221;Jag saknar dig&#8221; som bygger p\u00e5 ungdomsromanen &#8221;Jag saknar dig, jag saknar dig&#8221; av Peter Pohl och Kinna Gieth, som fick Augustpriset 1992.<\/p>\n<p>Rollen som Ailu \u00e4r en av de st\u00f6rre rollerna i filmen. Ludde g\u00f6r allts\u00e5 debut som filmsk\u00e5despelare med filmen &#8221;Jag saknar dig&#8221; som kommer att f\u00e5 biopremi\u00e4r h\u00f6sten 2011.<\/p>\n<p>Ludde och hans band hade spelat tillsammans i flera \u00e5r och turnerat runt framf\u00f6r allt i Norrland, men var nog p\u00e5 v\u00e4g att l\u00e4gga ned bandet, ber\u00e4ttar Ludde n\u00e4r Kulturbloggen tr\u00e4ffar honom i samband med visningen av filmen i samband med G\u00f6teborgs filmfestival.<\/p>\n<p>Ludde sj\u00e4lv hade flyttat till Uppsala f\u00f6r att studera till ingenj\u00f6r.<\/p>\n<p>Nu blir det nog inte n\u00e5gon ingenj\u00f6r av Ludde. Bandet som i och med filmen \u00e4ndrat namn till AiluCrash kommer troligen att sl\u00e5 igenom i och med filmen, ja kanske lite f\u00f6re. En singel &#8211; &#8221;Turn the tide&#8221; fr\u00e5n filmen &#8221;Jag saknar dig&#8221; sl\u00e4pps inf\u00f6r sommaren. Bandet h\u00e5ller p\u00e5 att spela in ett album som troligen sl\u00e4pps i h\u00f6st eller sensommaren.<\/p>\n<p><a href=\"http:\/\/kulturbloggen.com\/?p=29838\">H\u00e4r ber\u00e4ttade jag om festen d\u00e5 filmen visades f\u00f6rsta g\u00e5ngen.<\/a><\/p>\n<p>Bloggaren Camilla Gervide tror ocks\u00e5 att AiluCrash kommer att sl\u00e5 igenom i \u00e5r. <a href=\"http:\/\/www.camillagervide.com\/2011\/02\/premiar-for-ailucrash\/\">Hon skriver<\/a>:<\/p>\n<blockquote><p>Ailucrash kommer ta Sverige med storm. Den h\u00e4r filmen kommer inneb\u00e4ra deras stora genomslag, var s\u00e5 s\u00e4kra!<br \/>\nDet var n\u00e5got magiskt \u00f6ver spelningen dom gjorde ig\u00e5r. N\u00e4r Ludde klev upp p\u00e5 scenen s\u00e5 var det sv\u00e5rt att ta \u00f6gonen ifr\u00e5n honom. Han trollbinder sin publik p\u00e5 ett s\u00e4tt som \u00e4r sv\u00e5rt att f\u00f6rklara. Det m\u00e5ste helt enkelt upplevas.<br \/>\nJag k\u00e4nde mig lite som 16 \u00e5r igen. Hade det funnits ett kravallstaket s\u00e5 hade jag nog kl\u00e4ttrat lite p\u00e5 det<\/p><\/blockquote>\n<p>.<\/p>\n<p>Tyv\u00e4rr var det v\u00e4ldigt m\u00f6rkt i lokalen n\u00e4r AiluCrash spelade, men ljudet \u00e4r r\u00e4tt OK, s\u00e5 h\u00e4r \u00e4r kommande singeln och en l\u00e5t till:<\/p>\n<p>Turn the tide<br \/>\n<object width=\"480\" height=\"360\"><param name=\"movie\" value=\"http:\/\/player.videofy.me\/player.swf?videoId=166277\"><\/param><param name=\"allowfullscreen\" value=\"true\"><\/param><param name=\"allowScriptAccess\"value=\"always\"><\/param><embed src=\"http:\/\/player.videofy.me\/player.swf?videoId=166277\" type=\"application\/x-shockwave-flash\" allowfullscreen=\"true\" allowScriptAccess=\"always\" width=\"480\" height=\"360\"><\/embed><\/object><\/p>\n<p>En l\u00e5t fr\u00e5n filmen Jag saknar dig<\/p>\n<p><object width=\"480\" height=\"360\"><param name=\"movie\" value=\"http:\/\/player.videofy.me\/player.swf?videoId=166274\"><\/param><param name=\"allowfullscreen\" value=\"true\"><\/param><param name=\"allowScriptAccess\"value=\"always\"><\/param><embed src=\"http:\/\/player.videofy.me\/player.swf?videoId=166274\" type=\"application\/x-shockwave-flash\" allowfullscreen=\"true\" allowScriptAccess=\"always\" width=\"480\" height=\"360\"><\/embed><\/object><\/p>\n<p>L\u00e4s \u00e4ven andra bloggares \u00e5sikter om <a href=\"http:\/\/bloggar.se\/om\/AiluCrash\" rel=\"tag\">AiluCrash<\/a>, <a href=\"http:\/\/bloggar.se\/om\/rockmusik\" rel=\"tag\">rockmusik<\/a>, <a href=\"http:\/\/bloggar.se\/om\/Kiruna\" rel=\"tag\">Kiruna<\/a><\/p>\n","protected":false},"excerpt":{"rendered":"<p>Sommaren 2009 fick Ludvig Nilsson, s\u00e5ngare i ett band i Kiruna, ett v\u00e4ldigt ov\u00e4ntat samtal. Det var Jerry Carlsson, ansvarig f\u00f6r att hitta sk\u00e5despelare till roller f\u00f6r Garagafilm AB, som ringde och fr\u00e5gade om Ludde ville provspela f\u00f6r en roll i en svensk storsatsning inom ungdomsfilm. Ett s\u00e5ngframtr\u00e4dande och tv\u00e5 provfilmningar senare var Ludde tillsammans [&hellip;]<\/p>\n","protected":false},"author":2,"featured_media":0,"comment_status":"open","ping_status":"open","sticky":false,"template":"","format":"standard","meta":{"_genesis_hide_title":false,"_genesis_hide_breadcrumbs":false,"_genesis_hide_singular_image":false,"_genesis_hide_footer_widgets":false,"_genesis_custom_body_class":"","_genesis_custom_post_class":"","_genesis_layout":"","footnotes":""},"categories":[7],"tags":[167,2926,4803],"class_list":{"0":"post-29896","1":"post","2":"type-post","3":"status-publish","4":"format-standard","6":"category-musik","7":"tag-ailucrash","8":"tag-kiruna","9":"tag-rockmusik","10":"entry"},"_links":{"self":[{"href":"https:\/\/kulturbloggen.com\/index.php?rest_route=\/wp\/v2\/posts\/29896","targetHints":{"allow":["GET"]}}],"collection":[{"href":"https:\/\/kulturbloggen.com\/index.php?rest_route=\/wp\/v2\/posts"}],"about":[{"href":"https:\/\/kulturbloggen.com\/index.php?rest_route=\/wp\/v2\/types\/post"}],"author":[{"embeddable":true,"href":"https:\/\/kulturbloggen.com\/index.php?rest_route=\/wp\/v2\/users\/2"}],"replies":[{"embeddable":true,"href":"https:\/\/kulturbloggen.com\/index.php?rest_route=%2Fwp%2Fv2%2Fcomments&post=29896"}],"version-history":[{"count":0,"href":"https:\/\/kulturbloggen.com\/index.php?rest_route=\/wp\/v2\/posts\/29896\/revisions"}],"wp:attachment":[{"href":"https:\/\/kulturbloggen.com\/index.php?rest_route=%2Fwp%2Fv2%2Fmedia&parent=29896"}],"wp:term":[{"taxonomy":"category","embeddable":true,"href":"https:\/\/kulturbloggen.com\/index.php?rest_route=%2Fwp%2Fv2%2Fcategories&post=29896"},{"taxonomy":"post_tag","embeddable":true,"href":"https:\/\/kulturbloggen.com\/index.php?rest_route=%2Fwp%2Fv2%2Ftags&post=29896"}],"curies":[{"name":"wp","href":"https:\/\/api.w.org\/{rel}","templated":true}]}}