{"id":29861,"date":"2011-02-06T00:05:01","date_gmt":"2011-02-05T23:05:01","guid":{"rendered":"http:\/\/kulturbloggen.com\/?p=29861"},"modified":"2011-02-06T00:05:01","modified_gmt":"2011-02-05T23:05:01","slug":"checka-in-pa-pressbyran-med-facebook-places-sa-kanske-du-far-en-kopp-kaffe","status":"publish","type":"post","link":"https:\/\/kulturbloggen.com\/?p=29861","title":{"rendered":"Checka in p\u00e5 Pressbyr\u00e5n med Facebook Places s\u00e5 kanske du f\u00e5r en kopp kaffe"},"content":{"rendered":"<p style=\"text-align: center;\"><a href=\"http:\/\/kulturbloggen.com\/wp-content\/uploads\/2011\/02\/bubble.png\"><img loading=\"lazy\" decoding=\"async\" class=\"aligncenter size-full wp-image-29862\" style=\"border: 0px initial initial;\" title=\"bubble\" src=\"http:\/\/kulturbloggen.com\/wp-content\/uploads\/2011\/02\/bubble.png\" alt=\"\" width=\"243\" height=\"183\" \/><\/a><a href=\"http:\/\/www.facebook.com\/facebookplaces\">Facebook Places<\/a> lanserades f\u00f6r n\u00e5gra veckor sedan. Nu \u00e4r Pressbyr\u00e5n \u00e4r f\u00f6rst ut med erbjudanden n\u00e4r du checkar in med Facebook Places. Just nu f\u00e5r de f\u00f6rsta tiotusen some <a href=\"http:\/\/www.idg.se\/2.1085\/1.366878\/pressbyran-forst-att-belona-med-facebook-places\">checkar in i n\u00e5gon Pressbyr\u00e5<\/a> en kopp kaffe. Erbjudandet b\u00f6rjar g\u00e4lla p\u00e5 m\u00e5ndag och det \u00e4r f\u00f6rst till kvarn.<\/p>\n<blockquote><p>Det ska\u00a0bli mycket intressant att f\u00f6lja utvecklingen och se hur fort det g\u00e5r innan de 10 000 kopparna kaffe \u00e4r slut. I Sverige har vi i genomsnitt 220 v\u00e4nner p\u00e5 Facebook per person och alla dessa f\u00e5r ett meddelande n\u00e4r jag har f\u00e5tt en kopp kaffe av Pressbyr\u00e5n, s\u00e4ger\u00a0Joachim Alvarez, Product Manager p\u00e5 TV4 Expressen Mobilab som \u00e4r det f\u00f6retag som ligger bakom Pressbyr\u00e5ns tj\u00e4nst<\/p><\/blockquote>\n<p>Pressbyr\u00e5n har fattat hur de skall anv\u00e4nda en s\u00e5dan h\u00e4r tj\u00e4nst och \u00e4r ute i god tid. Tj\u00e4nsten Deals har inte kommit ig\u00e5ng \u00e4n och Pressbyr\u00e5n visar nu framf\u00f6tterna i att anv\u00e4nda sociala media som marknadskanal.<\/p>\n<p>Det h\u00e4r \u00e4r allts\u00e5 ett bel\u00f6ningssystem d\u00e4r du talar om \u00a0att du \u00e4r p\u00e5 Pressbyr\u00e5n. Just nu kan du allts\u00e5 f\u00e5 en kopp kaffe och i framtiden kommer det andra erbjudanden och rabatter.<\/p>\n<p>Jag m\u00e5ste bek\u00e4nna att jag blivit lite besatt av att samla st\u00e4mplar f\u00f6r allt m\u00f6jligt. S\u00e4rskilt Pressbyr\u00e5ns kaffest\u00e4mplar och Pocket Shops st\u00e4mplar f\u00f6r b\u00f6cker. Hoppas Pocket Shop kommer med n\u00e5got liknande.<\/p>\n<p><a href=\"http:\/\/intressant.se\/intressant\">Intressant?<\/a> L\u00e4s \u00e4ven andra bloggares \u00e5sikter om <a rel=\"tag\" href=\"http:\/\/bloggar.se\/om\/Presbyr%E5n\">Presbyr\u00e5n<\/a>, <a rel=\"tag\" href=\"http:\/\/bloggar.se\/om\/Facebook\">Facebook<\/a>, <a rel=\"tag\" href=\"http:\/\/bloggar.se\/om\/Facebook+Places\">Facebook Places<\/a><\/p>\n","protected":false},"excerpt":{"rendered":"<p>Facebook Places lanserades f\u00f6r n\u00e5gra veckor sedan. Nu \u00e4r Pressbyr\u00e5n \u00e4r f\u00f6rst ut med erbjudanden n\u00e4r du checkar in med Facebook Places. Just nu f\u00e5r de f\u00f6rsta tiotusen some checkar in i n\u00e5gon Pressbyr\u00e5 en kopp kaffe. Erbjudandet b\u00f6rjar g\u00e4lla p\u00e5 m\u00e5ndag och det \u00e4r f\u00f6rst till kvarn. Det ska\u00a0bli mycket intressant att f\u00f6lja utvecklingen [&hellip;]<\/p>\n","protected":false},"author":13,"featured_media":0,"comment_status":"open","ping_status":"open","sticky":false,"template":"","format":"standard","meta":{"_genesis_hide_title":false,"_genesis_hide_breadcrumbs":false,"_genesis_hide_singular_image":false,"_genesis_hide_footer_widgets":false,"_genesis_custom_body_class":"","_genesis_custom_post_class":"","_genesis_layout":"","footnotes":""},"categories":[20],"tags":[1626,1629,4479],"class_list":{"0":"post-29861","1":"post","2":"type-post","3":"status-publish","4":"format-standard","6":"category-film","7":"tag-facebook","8":"tag-facebook-places","9":"tag-presbyran","10":"entry"},"_links":{"self":[{"href":"https:\/\/kulturbloggen.com\/index.php?rest_route=\/wp\/v2\/posts\/29861","targetHints":{"allow":["GET"]}}],"collection":[{"href":"https:\/\/kulturbloggen.com\/index.php?rest_route=\/wp\/v2\/posts"}],"about":[{"href":"https:\/\/kulturbloggen.com\/index.php?rest_route=\/wp\/v2\/types\/post"}],"author":[{"embeddable":true,"href":"https:\/\/kulturbloggen.com\/index.php?rest_route=\/wp\/v2\/users\/13"}],"replies":[{"embeddable":true,"href":"https:\/\/kulturbloggen.com\/index.php?rest_route=%2Fwp%2Fv2%2Fcomments&post=29861"}],"version-history":[{"count":0,"href":"https:\/\/kulturbloggen.com\/index.php?rest_route=\/wp\/v2\/posts\/29861\/revisions"}],"wp:attachment":[{"href":"https:\/\/kulturbloggen.com\/index.php?rest_route=%2Fwp%2Fv2%2Fmedia&parent=29861"}],"wp:term":[{"taxonomy":"category","embeddable":true,"href":"https:\/\/kulturbloggen.com\/index.php?rest_route=%2Fwp%2Fv2%2Fcategories&post=29861"},{"taxonomy":"post_tag","embeddable":true,"href":"https:\/\/kulturbloggen.com\/index.php?rest_route=%2Fwp%2Fv2%2Ftags&post=29861"}],"curies":[{"name":"wp","href":"https:\/\/api.w.org\/{rel}","templated":true}]}}