{"id":297,"date":"2008-07-03T17:56:12","date_gmt":"2008-07-03T17:56:12","guid":{"rendered":"http:\/\/kulturbloggen.com\/?p=297"},"modified":"2011-11-18T21:05:44","modified_gmt":"2011-11-18T21:05:44","slug":"nagot-battre-priser-pa-iphone-i-sverige-ar-pa-gang","status":"publish","type":"post","link":"https:\/\/kulturbloggen.com\/?p=297","title":{"rendered":"N\u00e5got b\u00e4ttre priser p\u00e5 iPhone i Sverige \u00e4r p\u00e5 g\u00e5ng"},"content":{"rendered":"<p>I mitten av juli b\u00f6rjar iPhone s\u00e4ljas i Sverige med Telia-abonnemang. F\u00f6rra veckan uppgifter som visade att dessa abonnemang inte direkt var billiga. Kritiken blev h\u00e5rd, eftersom Applechefen faktiskt lovat stort att nya iPhone med 3G ska s\u00e4ljar med vettiga priser. \u00c4ven om Jobs inte kan g\u00f6ras direkt ansvarig f\u00f6r Telias, eller andra telefonledningsleverant\u00f6rers priser, s\u00e5 faller det tillbaka p\u00e5 Apple om priserna blir f\u00f6r h\u00f6ga.<\/p>\n<p>Ja, m\u00e5nga minns v\u00e4l en tid d\u00e5 Telia hade monopol p\u00e5 allt var telefoni hette i Sverige och man kunde f\u00e5 v\u00e4nta sex veckor p\u00e5 att f\u00e5 ett telefonabonnemang installerat hemma. Och billigt var det inte heller. Nu var det m\u00e5nga som upplevde Telias monopol p\u00e5 iPhone-f\u00f6rs\u00e4ljningen i Sverige som en backlash fr\u00e5n monopoltiden. Nu verkar Telia ha tagit \u00e5t sig av den massiva kritiken och \u00e4ndrat n\u00e5got i prislistan. <a href=\"http:\/\/www.idg.se\/2.1085\/1.170683\">Fr\u00e5n IDG<\/a>:<\/p>\n<blockquote><p>Det l\u00e4gsta totalpriset f\u00f6r iPhone blir nu 4662 kronor, men d\u00e5 ing\u00e5r inte n\u00e5gon fri datatrafik, vilket g\u00f6r att man i princip m\u00e5ste surfa enbart via tr\u00e5dl\u00f6sa n\u00e4tverk. F\u00f6r 199 kronor i m\u00e5naden f\u00e5r man dock helt fri trafik, vilket g\u00f6r att priser bara blir marginellt h\u00f6gre \u00e4n med iMini som bara tillhandah\u00e5ller 100 megabyte.<\/p><\/blockquote>\n<p>Andra som bloggat om Telias nya prislista p\u00e5 iPhone:<br \/>\n<a href=\"http:\/\/dumheterna.com\/2008\/06\/27\/tack-for-den-televerket\/\">Dumheterna<\/a><br \/>\n<a href=\"http:\/\/www.svartling.org\/2008\/07\/nu-blev-jag-sugen-p-en-iphone.html\">Svartling<\/a><\/p>\n<p>Andra bloggar om: <a href=\"http:\/\/bloggar.se\/om\/iphone\" rel=\"tag\">iphone<\/a>, <a href=\"http:\/\/bloggar.se\/om\/Telia\" rel=\"tag\">Telia<\/a>, <a href=\"http:\/\/bloggar.se\/om\/pris\" rel=\"tag\">pris<\/a>, <a href=\"http:\/\/bloggar.se\/om\/ekonomi\" rel=\"tag\">ekonomi<\/a>, <a href=\"http:\/\/bloggar.se\/om\/mobiltelefon\" rel=\"tag\">mobiltelefon<\/a>, <a href=\"http:\/\/bloggar.se\/om\/mobilt\" rel=\"tag\">mobilt<\/a>, <a href=\"http:\/\/bloggar.se\/om\/Apple\" rel=\"tag\">Apple<\/a><\/p>\n","protected":false},"excerpt":{"rendered":"<p>I mitten av juli b\u00f6rjar iPhone s\u00e4ljas i Sverige med Telia-abonnemang. F\u00f6rra veckan uppgifter som visade att dessa abonnemang inte direkt var billiga. Kritiken blev h\u00e5rd, eftersom Applechefen faktiskt lovat stort att nya iPhone med 3G ska s\u00e4ljar med vettiga priser. \u00c4ven om Jobs inte kan g\u00f6ras direkt ansvarig f\u00f6r Telias, eller andra telefonledningsleverant\u00f6rers priser, [&hellip;]<\/p>\n","protected":false},"author":2,"featured_media":0,"comment_status":"open","ping_status":"open","sticky":false,"template":"","format":"standard","meta":{"_genesis_hide_title":false,"_genesis_hide_breadcrumbs":false,"_genesis_hide_singular_image":false,"_genesis_hide_footer_widgets":false,"_genesis_custom_body_class":"","_genesis_custom_post_class":"","_genesis_layout":"","footnotes":""},"categories":[20],"tags":[2540],"class_list":{"0":"post-297","1":"post","2":"type-post","3":"status-publish","4":"format-standard","6":"category-film","7":"tag-iphone","8":"entry"},"_links":{"self":[{"href":"https:\/\/kulturbloggen.com\/index.php?rest_route=\/wp\/v2\/posts\/297","targetHints":{"allow":["GET"]}}],"collection":[{"href":"https:\/\/kulturbloggen.com\/index.php?rest_route=\/wp\/v2\/posts"}],"about":[{"href":"https:\/\/kulturbloggen.com\/index.php?rest_route=\/wp\/v2\/types\/post"}],"author":[{"embeddable":true,"href":"https:\/\/kulturbloggen.com\/index.php?rest_route=\/wp\/v2\/users\/2"}],"replies":[{"embeddable":true,"href":"https:\/\/kulturbloggen.com\/index.php?rest_route=%2Fwp%2Fv2%2Fcomments&post=297"}],"version-history":[{"count":1,"href":"https:\/\/kulturbloggen.com\/index.php?rest_route=\/wp\/v2\/posts\/297\/revisions"}],"predecessor-version":[{"id":44095,"href":"https:\/\/kulturbloggen.com\/index.php?rest_route=\/wp\/v2\/posts\/297\/revisions\/44095"}],"wp:attachment":[{"href":"https:\/\/kulturbloggen.com\/index.php?rest_route=%2Fwp%2Fv2%2Fmedia&parent=297"}],"wp:term":[{"taxonomy":"category","embeddable":true,"href":"https:\/\/kulturbloggen.com\/index.php?rest_route=%2Fwp%2Fv2%2Fcategories&post=297"},{"taxonomy":"post_tag","embeddable":true,"href":"https:\/\/kulturbloggen.com\/index.php?rest_route=%2Fwp%2Fv2%2Ftags&post=297"}],"curies":[{"name":"wp","href":"https:\/\/api.w.org\/{rel}","templated":true}]}}