{"id":29602,"date":"2011-02-03T11:30:29","date_gmt":"2011-02-03T10:30:29","guid":{"rendered":"http:\/\/kulturbloggen.com\/?p=29602"},"modified":"2011-02-03T11:30:29","modified_gmt":"2011-02-03T10:30:29","slug":"dagens-samhalle-bevakar-samhallsutvecklingen-och-valjer-att-lamna-internet-hur-trovardig-blir-tidningen-da","status":"publish","type":"post","link":"https:\/\/kulturbloggen.com\/?p=29602","title":{"rendered":"Dagens samh\u00e4lle bevakar samh\u00e4llsutvecklingen och v\u00e4ljer att l\u00e4mna Internet &#8211; hur trov\u00e4rdig blir tidningen d\u00e5?"},"content":{"rendered":"<p><a href=\"http:\/\/kulturbloggen.com\/wp-content\/uploads\/2011\/02\/Sk\u00e4rmavbild-2011-02-03-kl.-11.26.07.png\"><img loading=\"lazy\" decoding=\"async\" src=\"http:\/\/kulturbloggen.com\/wp-content\/uploads\/2011\/02\/Sk\u00e4rmavbild-2011-02-03-kl.-11.26.07-300x187.png\" alt=\"\" title=\"Sk\u00e4rmavbild 2011-02-03 kl. 11.26.07\" width=\"300\" height=\"187\" class=\"aligncenter size-medium wp-image-29739\" \/><\/a><br \/>\n<a href=\"http:\/\/www.dagenssamhalle.se\/\">Dagens samh\u00e4lle<\/a> st\u00e4nger sin webbplats, <a href=\"http:\/\/www.resume.se\/nyheter\/2011\/01\/28\/han-slacker-webben\/\">ber\u00e4ttar tidningen Resum\u00e9<\/a>:<\/p>\n<blockquote><p>Dagens Samh\u00e4lle lanserar sin nya tidning designad av A4. Samtidigt blir Mats Edman f\u00f6rste redakt\u00f6r att sl\u00e4cka webben f\u00f6r att helt satsa p\u00e5 tidningsaff\u00e4ren.<\/p>\n<p>Dagens Samh\u00e4lle publicerar mycket av sina nyheter p\u00e5 webben och bjuder p\u00e5 ett dagligt nyhetsbrev. En av redaktionens journalister har jobbat heltid med webben. Men i fjol drog webben bara in 755.000 av f\u00f6retagets 42,5 miljoner kronor i int\u00e4kter.<\/p><\/blockquote>\n<p>Tydligen ska de som brukar l\u00e4sa Dagens samh\u00e4lle p\u00e5 webben f\u00e5 ett erbjudande om att pr\u00f6va tidningen gratis i fem veckor.<\/p>\n<p>Visst, jag f\u00f6rst\u00e5r att en redaktion m\u00e5ste ha inkomster, dess verksamhet m\u00e5ste b\u00e4ra sig.<br \/>\nDet \u00e4r dock skr\u00e4mmande: Dagens samh\u00e4lle ska vara tidningen som har koll p\u00e5 samh\u00e4llsutvecklingen. Och v\u00e4ljer d\u00e5 att bortse fr\u00e5n den enorma expansion av kommunikation som sker via Internet.<br \/>\nOm den delen b\u00e4r sig d\u00e5ligt med annonsint\u00e4kter borde f\u00f6retaget kanske se \u00f6ver hur deras annonss\u00e4ljare jobbar.<br \/>\nKanske g\u00f6r de ett d\u00e5ligt jobb?<\/p>\n<p>Det \u00e4r skr\u00e4mmande om Dagens samh\u00e4lle har en majoritet av l\u00e4sare som inte anv\u00e4nder Internet s\u00e5 mycket att de reagerar p\u00e5 om tidningen inte \u00e4r tillg\u00e4nglig p\u00e5 webben.<\/p>\n<p>Vilka \u00e4r Dagens samh\u00e4lles m\u00e5lgrupper? Helt s\u00e4kert \u00e4r beslutsfattare en av m\u00e5lgrupperna. \u00c4r beslutsfattarna s\u00e5 okunniga om webbens betydelse att de bryr sig om att deras tidning tappar kontakten med webbutvecklingen?<\/p>\n<p>L\u00e4s \u00e4ven andra bloggares \u00e5sikter om <a href=\"http:\/\/bloggar.se\/om\/webbkommunikation\" rel=\"tag\">webbkommunikation<\/a>, <a href=\"http:\/\/bloggar.se\/om\/dagens+samh%E4lle\" rel=\"tag\">dagens samh\u00e4lle<\/a>, <a href=\"http:\/\/bloggar.se\/om\/medier\" rel=\"tag\">medier<\/a><\/p>\n","protected":false},"excerpt":{"rendered":"<p>Dagens samh\u00e4lle st\u00e4nger sin webbplats, ber\u00e4ttar tidningen Resum\u00e9: Dagens Samh\u00e4lle lanserar sin nya tidning designad av A4. Samtidigt blir Mats Edman f\u00f6rste redakt\u00f6r att sl\u00e4cka webben f\u00f6r att helt satsa p\u00e5 tidningsaff\u00e4ren. Dagens Samh\u00e4lle publicerar mycket av sina nyheter p\u00e5 webben och bjuder p\u00e5 ett dagligt nyhetsbrev. En av redaktionens journalister har jobbat heltid med [&hellip;]<\/p>\n","protected":false},"author":2,"featured_media":0,"comment_status":"open","ping_status":"open","sticky":false,"template":"","format":"standard","meta":{"_genesis_hide_title":false,"_genesis_hide_breadcrumbs":false,"_genesis_hide_singular_image":false,"_genesis_hide_footer_widgets":false,"_genesis_custom_body_class":"","_genesis_custom_post_class":"","_genesis_layout":"","footnotes":""},"categories":[62],"tags":[1097,3582,6367],"class_list":{"0":"post-29602","1":"post","2":"type-post","3":"status-publish","4":"format-standard","6":"category-medie-och-kulturpolitik","7":"tag-dagens-samhalle","8":"tag-medier","9":"tag-webbkommunikation","10":"entry"},"_links":{"self":[{"href":"https:\/\/kulturbloggen.com\/index.php?rest_route=\/wp\/v2\/posts\/29602","targetHints":{"allow":["GET"]}}],"collection":[{"href":"https:\/\/kulturbloggen.com\/index.php?rest_route=\/wp\/v2\/posts"}],"about":[{"href":"https:\/\/kulturbloggen.com\/index.php?rest_route=\/wp\/v2\/types\/post"}],"author":[{"embeddable":true,"href":"https:\/\/kulturbloggen.com\/index.php?rest_route=\/wp\/v2\/users\/2"}],"replies":[{"embeddable":true,"href":"https:\/\/kulturbloggen.com\/index.php?rest_route=%2Fwp%2Fv2%2Fcomments&post=29602"}],"version-history":[{"count":0,"href":"https:\/\/kulturbloggen.com\/index.php?rest_route=\/wp\/v2\/posts\/29602\/revisions"}],"wp:attachment":[{"href":"https:\/\/kulturbloggen.com\/index.php?rest_route=%2Fwp%2Fv2%2Fmedia&parent=29602"}],"wp:term":[{"taxonomy":"category","embeddable":true,"href":"https:\/\/kulturbloggen.com\/index.php?rest_route=%2Fwp%2Fv2%2Fcategories&post=29602"},{"taxonomy":"post_tag","embeddable":true,"href":"https:\/\/kulturbloggen.com\/index.php?rest_route=%2Fwp%2Fv2%2Ftags&post=29602"}],"curies":[{"name":"wp","href":"https:\/\/api.w.org\/{rel}","templated":true}]}}