{"id":2955,"date":"2008-10-21T11:24:00","date_gmt":"2008-10-21T09:24:00","guid":{"rendered":"http:\/\/kulturbloggen.com\/?p=2955"},"modified":"2008-10-21T11:24:00","modified_gmt":"2008-10-21T09:24:00","slug":"sverigeaktuelle-tenoren-jose-carreras-slapper-mediterranean-passion","status":"publish","type":"post","link":"https:\/\/kulturbloggen.com\/?p=2955","title":{"rendered":"Sverigeaktuelle tenoren Jos\u00e9 Carreras sl\u00e4pper &quot;Mediterranean Passion&quot;"},"content":{"rendered":"<p><a href=\"http:\/\/sodergren.com\/kulturbloggen\/wp-content\/uploads\/2008\/10\/jose_carreras.jpg\"><img loading=\"lazy\" decoding=\"async\" src=\"http:\/\/sodergren.com\/kulturbloggen\/wp-content\/uploads\/2008\/10\/jose_carreras-150x150.jpg\" alt=\"\" title=\"jose_carreras\" width=\"150\" height=\"150\" class=\"alignright size-thumbnail wp-image-2956\" \/><\/a><\/p>\n<p>Under \u00f6ver 30 \u00e5rs tid har den spanske tenoren Jos\u00e9 Carreras framf\u00f6rt underbara s\u00e5nger ur den Neapolitanska musikskatten, s\u00e5nger fr\u00e5n Katalonien och Italien som har varit del av alla stora tenorers repertoar sedan Enrico Carusos dagar.<\/p>\n<p>Imorgon, den 22 oktober, sl\u00e4pps Jos\u00e9 Carreras nya album &#8221;Mediterranean Passion&#8221;. P\u00e5 plattan framf\u00f6r Carreras v\u00e4lk\u00e4nda nummer s\u00e5som &#8221;O paese d&#8217;o sole&#8221; och &#8221;Chitarra Romana&#8221;.<\/p>\n<p>I h\u00f6st \u00e4r Carreras Sverigeaktuell med konserter i Link\u00f6ping den 20 november och Malm\u00f6 den 22 november.<\/p>\n<p><object width=\"425\" height=\"344\"><param name=\"movie\" value=\"http:\/\/www.youtube.com\/v\/LPVo4I0qflo&#038;hl=en&#038;fs=1\"><\/param><param name=\"allowFullScreen\" value=\"true\"><\/param><embed src=\"http:\/\/www.youtube.com\/v\/LPVo4I0qflo&#038;hl=en&#038;fs=1\" type=\"application\/x-shockwave-flash\" allowfullscreen=\"true\" width=\"425\" height=\"344\"><\/embed><\/object><\/p>\n<p>Andra bloggar om: <a href=\"http:\/\/bloggar.se\/om\/tenor\" rel=\"tag\">tenor<\/a>, <a href=\"http:\/\/bloggar.se\/om\/musikvideo\" rel=\"tag\">musikvideo<\/a>, <a href=\"http:\/\/bloggar.se\/om\/Jos%E9+Carreras\" rel=\"tag\">Jos\u00e9 Carreras<\/a>, <a href=\"http:\/\/bloggar.se\/om\/skivnytt\" rel=\"tag\">skivnytt<\/a><\/p>\n","protected":false},"excerpt":{"rendered":"<p>Under \u00f6ver 30 \u00e5rs tid har den spanske tenoren Jos\u00e9 Carreras framf\u00f6rt underbara s\u00e5nger ur den Neapolitanska musikskatten, s\u00e5nger fr\u00e5n Katalonien och Italien som har varit del av alla stora tenorers repertoar sedan Enrico Carusos dagar. Imorgon, den 22 oktober, sl\u00e4pps Jos\u00e9 Carreras nya album &#8221;Mediterranean Passion&#8221;. P\u00e5 plattan framf\u00f6r Carreras v\u00e4lk\u00e4nda nummer s\u00e5som &#8221;O [&hellip;]<\/p>\n","protected":false},"author":2,"featured_media":0,"comment_status":"open","ping_status":"open","sticky":false,"template":"","format":"standard","meta":{"_genesis_hide_title":false,"_genesis_hide_breadcrumbs":false,"_genesis_hide_singular_image":false,"_genesis_hide_footer_widgets":false,"_genesis_custom_body_class":"","_genesis_custom_post_class":"","_genesis_layout":"","footnotes":""},"categories":[7],"tags":[3868,5687],"class_list":{"0":"post-2955","1":"post","2":"type-post","3":"status-publish","4":"format-standard","6":"category-musik","7":"tag-musikvideo","8":"tag-tenor","9":"entry"},"_links":{"self":[{"href":"https:\/\/kulturbloggen.com\/index.php?rest_route=\/wp\/v2\/posts\/2955","targetHints":{"allow":["GET"]}}],"collection":[{"href":"https:\/\/kulturbloggen.com\/index.php?rest_route=\/wp\/v2\/posts"}],"about":[{"href":"https:\/\/kulturbloggen.com\/index.php?rest_route=\/wp\/v2\/types\/post"}],"author":[{"embeddable":true,"href":"https:\/\/kulturbloggen.com\/index.php?rest_route=\/wp\/v2\/users\/2"}],"replies":[{"embeddable":true,"href":"https:\/\/kulturbloggen.com\/index.php?rest_route=%2Fwp%2Fv2%2Fcomments&post=2955"}],"version-history":[{"count":0,"href":"https:\/\/kulturbloggen.com\/index.php?rest_route=\/wp\/v2\/posts\/2955\/revisions"}],"wp:attachment":[{"href":"https:\/\/kulturbloggen.com\/index.php?rest_route=%2Fwp%2Fv2%2Fmedia&parent=2955"}],"wp:term":[{"taxonomy":"category","embeddable":true,"href":"https:\/\/kulturbloggen.com\/index.php?rest_route=%2Fwp%2Fv2%2Fcategories&post=2955"},{"taxonomy":"post_tag","embeddable":true,"href":"https:\/\/kulturbloggen.com\/index.php?rest_route=%2Fwp%2Fv2%2Ftags&post=2955"}],"curies":[{"name":"wp","href":"https:\/\/api.w.org\/{rel}","templated":true}]}}